{"id":4643,"date":"2012-09-28T01:40:00","date_gmt":"2012-09-28T01:40:00","guid":{"rendered":"http:\/\/www.lospoliticosveracruz.com.mx\/?p=4643"},"modified":"2014-10-10T03:02:57","modified_gmt":"2014-10-10T03:02:57","slug":"teledramas","status":"publish","type":"post","link":"https:\/\/lospoliticosveracruz.com.mx\/?p=4643","title":{"rendered":"Teledramas"},"content":{"rendered":"<p><b>Salvador Mu\u00f1oz<\/b><br \/><i>Los Pol\u00edticos<\/i><\/p>\n<div>Dice Leticia Perlasca, titular de Turismo, que Veracruz se consolida en todo un set de televisi\u00f3n, la escenograf\u00eda perfecta para la pel\u00edcula y el plat\u00f3 ideal para que la industria del celuloide y el teledrama hagan de las suyas aqu\u00ed&#8230;<br \/>Realmente no entiendo la sorpresa de la funcionaria&#8230; si hacemos memoria, Veracruz ha estado en la far\u00e1ndula desde hace muchos a\u00f1os, tan es as\u00ed que hasta Burt Lancaster, Sarita Montiel (debutando), Charles Bronson, Gary Cooper y el inolvidable C\u00e9sar Romero (para algunos, el mejor Guas\u00f3n que Batman ha tenido), filmaron en estas tierras el c\u00e9lebre Western \u201cVera Cruz\u201d&#8230;<br \/>Ya m\u00e1s reciente, c\u00f3mo no mencionar a Harrison Ford, Arnold \u201cChuaseneguer\u201d y Michael Douglas, quienes causaron gran sensaci\u00f3n durante sus filmes en tierras veracruzanas&#8230; vamos, hasta una xalape\u00f1a, Claudia Sanfilippo, tuvo sus quince minutos de fama (bueno, quiz\u00e1s fueron menos) en la pel\u00edcula de \u201cDa\u00f1o Colateral\u201d&#8230;<a name='more'><\/a><br \/>Aunque claro, aqu\u00ed el consentido fue Mel Gibson, con \u201cApocalypto\u201d y \u201cAtrapen al gringo\u201d (creo que as\u00ed se llama), donde nuestras autoridades fueron tan amables con el director y actor que le vaciaron todo un penal para convertirlo en set cinematogr\u00e1fico&#8230;<br \/>S\u00ed, nuestro estado es escenario perfecto para hacer drama, comedia, suspenso y cualquier g\u00e9nero que usted imagine&#8230; gracias a nuestros actores pol\u00edticos<br \/>Sin embargo, esperemos que telenovelas como \u201cLa mujer del vendaval\u201d y sus estrellas traigan dinero y beneficien a nuestras localidades con su derrama econ\u00f3mica&#8230;<br \/>Y en aras de que as\u00ed sea, le sugiero a Leticia Perlasca que promueva los siguientes \u201cremakes\u201d para que mantengamos nuestro nivel histri\u00f3nico&#8230;<br \/>* Para empezar, de una vez que se vayan echando la nueva versi\u00f3n de \u201cLa mujer del vendaval\u201d, pero ahora protagonizada por la titular de Protecci\u00f3n Civil, Nohem\u00ed Guzm\u00e1n,que siempre llega tras la tormenta&#8230;<br \/>* O qu\u00e9 tal \u201cCuna de Lobos\u201d, que bien podr\u00eda tener como escenario, el Congreso local&#8230;<br \/>* No hay mejor escenario que la Plaza Lerdo o la avenida de Enr\u00edquez para grabar junto con Samuel Aguirre Ochoa el refrito de \u201cLa Antorcha Encendida\u201d&#8230;<br \/>* \u201cEl Maleficio\u201d bien podr\u00eda ser escenificado en la planta de Tamsa&#8230; Pascual Lagunes ser\u00eda ideal para interpretar a \u201cDon Enrique de Martino\u201d&#8230; lo recuerda, \u00a1el mismo demo\u00f1o!<br \/>* A poco no llor\u00f3 con \u201cEl derecho de nacer\u201d&#8230; los protagonistas ser\u00edan Antonio Luna y Alfredo Tress Jim\u00e9nez&#8230; claro que en este \u201cremake\u201d nacer\u00edan partidos y m\u00e1s partidos para partirnos la&#8230; vida&#8230;<br \/>* No podemos pasar por alto a \u201cLos ricos tambi\u00e9n lloran\u201d, y cualquier milloneta de Veracruz pudiera actuar en \u00e9l porque \u00a1c\u00f3mo le lloran a la hora de pagar impuestos!<br \/>* \u00bfSe acuerda de esa telenovela de ni\u00f1os llamada \u201cCarrusel\u201d? Ya veo a Jorge Carvallo en las pr\u00f3ximas elecciones dando vida a este melodrama&#8230;<br \/>* \u201cRebelde\u201d, teledram\u00f3n de jovencitas \u201cchenchuales\u201d en minifaldas y blusas abiertas tendr\u00eda un giro inesperado con la actuaci\u00f3n de Miguel \u00c1ngel Cabrera Gordillo, el \u201cRBD\u201d del Ayuntamiento de Xalapa&#8230;<br \/>* Y nos gustar\u00eda cerrar con \u201cLa Due\u00f1a\u201d, pero entonces nos censurar\u00edan la columna porque no es lo mismo que uno mande y que la otra sea \u00a1\u201cLa Due\u00f1a\u201d!<\/div>\n","protected":false},"excerpt":{"rendered":"<p>Salvador Mu\u00f1ozLos Pol\u00edticos Dice Leticia Perlasca, titular de Turismo, que Veracruz se consolida en todo un set de televisi\u00f3n, la escenograf\u00eda perfecta para la pel\u00edcula y el plat\u00f3 ideal para que la industria del celuloide y el teledrama hagan de las suyas aqu\u00ed&#8230;Realmente no entiendo la sorpresa de la funcionaria&#8230; si hacemos memoria, Veracruz ha [&hellip;]<\/p>\n","protected":false},"author":1,"featured_media":0,"comment_status":"open","ping_status":"open","sticky":false,"template":"","format":"standard","meta":{"_jetpack_newsletter_access":"","_jetpack_dont_email_post_to_subs":false,"_jetpack_newsletter_tier_id":0,"_jetpack_memberships_contains_paywalled_content":false,"_jetpack_memberships_contains_paid_content":false,"footnotes":""},"categories":[1],"tags":[],"class_list":["post-4643","post","type-post","status-publish","format-standard","hentry","category-sin-categoria"],"jetpack_featured_media_url":"","jetpack_sharing_enabled":true,"jetpack_shortlink":"https:\/\/wp.me\/p4Qcd3-1cT","_links":{"self":[{"href":"https:\/\/lospoliticosveracruz.com.mx\/index.php?rest_route=\/wp\/v2\/posts\/4643","targetHints":{"allow":["GET"]}}],"collection":[{"href":"https:\/\/lospoliticosveracruz.com.mx\/index.php?rest_route=\/wp\/v2\/posts"}],"about":[{"href":"https:\/\/lospoliticosveracruz.com.mx\/index.php?rest_route=\/wp\/v2\/types\/post"}],"author":[{"embeddable":true,"href":"https:\/\/lospoliticosveracruz.com.mx\/index.php?rest_route=\/wp\/v2\/users\/1"}],"replies":[{"embeddable":true,"href":"https:\/\/lospoliticosveracruz.com.mx\/index.php?rest_route=%2Fwp%2Fv2%2Fcomments&post=4643"}],"version-history":[{"count":0,"href":"https:\/\/lospoliticosveracruz.com.mx\/index.php?rest_route=\/wp\/v2\/posts\/4643\/revisions"}],"wp:attachment":[{"href":"https:\/\/lospoliticosveracruz.com.mx\/index.php?rest_route=%2Fwp%2Fv2%2Fmedia&parent=4643"}],"wp:term":[{"taxonomy":"category","embeddable":true,"href":"https:\/\/lospoliticosveracruz.com.mx\/index.php?rest_route=%2Fwp%2Fv2%2Fcategories&post=4643"},{"taxonomy":"post_tag","embeddable":true,"href":"https:\/\/lospoliticosveracruz.com.mx\/index.php?rest_route=%2Fwp%2Fv2%2Ftags&post=4643"}],"curies":[{"name":"wp","href":"https:\/\/api.w.org\/{rel}","templated":true}]}}