{"id":4644,"date":"2012-09-27T16:50:00","date_gmt":"2012-09-27T16:50:00","guid":{"rendered":"http:\/\/www.lospoliticosveracruz.com.mx\/?p=4644"},"modified":"2014-10-10T03:02:57","modified_gmt":"2014-10-10T03:02:57","slug":"habemus-auditor","status":"publish","type":"post","link":"https:\/\/lospoliticosveracruz.com.mx\/?p=4644","title":{"rendered":"Habemus Auditor"},"content":{"rendered":"<p><b>Claudia Constantino <\/b><br \/><i>Las Cr\u00f3nicas del 2012&nbsp;&nbsp;<\/i><\/p>\n<div>         Sin sorpresa alguna, con todo a modo \u2013votaci\u00f3n por prelaci\u00f3n en un congreso de mayor\u00eda- y con 47 votos, tan solo 2 abstenciones ayer fue electo como nuevo auditor general del ORFIS, Lorenzo Antonio Portilla V\u00e1zquez de entre la terna completado por Sergio Jim\u00e9nez V\u00e1zquez y Cecilia Layla Coronel Brizio.         Que el ORFIS (\u00d3rgano de Fiscalizaci\u00f3n Superior del Estado de Veracruz) ejerce de forma imparcial y objetiva la facultad fiscalizadora al ejercicio de los recursos p\u00fablicos y al desempe\u00f1o de las funciones de los entes fiscalizables, cumpliendo con el mandato legal ante el Congreso del Estado y transparentando el resultado del procedimiento de fiscalizaci\u00f3n ante la sociedad asimismo, promueve la participaci\u00f3n ciudadana e impulsa la rendici\u00f3n de cuentas con el fin de que los recursos p\u00fablicos sean recaudados, administrados y aplicados con honestidad, eficacia, eficiencia y econom\u00eda en beneficio de la poblaci\u00f3n. <a name='more'><\/a><br \/>Todo lo anterior reza en la Misi\u00f3n incluida en su portal de internet, pero distintas cosas suceden en la pr\u00e1ctica; como ya es lamentable costumbre en nuestro pa\u00eds. La era Audirac (anterior auditor general del ORFIS) sembr\u00f3 negocios millonarios entre \u201clos auditados\u201d y amigos y familiares de \u00e9ste personaje a sabiendas del Congreso, del entonces gobernador y de cara a la sociedad. <br \/>Los alcaldes pagaban \u201casesor\u00edas millonarias\u201d realizadas por despachos sugeridos por el se\u00f1or auditor general y al final del esfuerzo por salir bien librados de sus desv\u00edos, inexperiencia o torpezas dos cosas pod\u00edan pasar: que el cabildeo del Se\u00f1or los llevara a buen t\u00e9rmino y todo se arreglara o que no bastara y efectivamente hubiera que pagar los por los desfalcos.  En ambos casos el funcionario aludido sal\u00eda ileso, con las manos bien limpias, si acaso con la animadversi\u00f3n de los timados, no m\u00e1s. As\u00ed los usos y las costumbres, pero su era perdur\u00f3 mucho m\u00e1s tiempo del debido a ojos vistos de quienes le mantuvieron.  Hoy en los corrillos del poder se dice que de los 50 aspirantes se ha elegido \u201cal peor\u201d.  <br \/>Ojal\u00e1 que esta nueva era que comienza hoy con el nombramiento de Lorenzo Antonio Portilla V\u00e1zquez se escriba diferente. Con la honestidad que para ese encargo es indispensable, realmente de cara a la sociedad.  En hora buena por una nueva oportunidad y que la unanimidad de la decisi\u00f3n no se torne contubernio con la corrupci\u00f3n, sino leal ejercicio de una funci\u00f3n toral en el ejercicio del poder: la rendici\u00f3n de cuentas y la transparencia. <\/p>\n<p>Cualquier comentario para esta columna que fiscaliza a: <\/p>\n<p><a href=\"mailto:aerodita_constantino@hotmail.es\">aerodita_constantino@hotmail.es<\/a> <\/p>\n<p>Facebook:  Claudia Constantino <\/p>\n<p>Twitter: @aerodita <\/p>\n<p>         eporteg \ufffd s    03 \ufffd\ufffd.  a la yugular del funcionario estatal, olvidando puntos importantes para el futuro del ORFIS. Quiz\u00e1 era la \u201cl\u00ednea\u201d para sacarlo de sus casillas y que perdiera la cordura ante cuestionamientos agresivos. O tambi\u00e9n, es la t\u00e9cnica de algunos medios de comunicaci\u00f3n de agredirlo, para luego, enviar su cotizaci\u00f3n de publicidad  y dar por entendido, que para no volver a sufrir cuestionamientos inc\u00f3modos, la dependencia estatal deber\u00e1 comprar espacios en esos medios de comunicaci\u00f3n. Todos contentos y felices\u2026<\/p>\n<p>Durante la jaur\u00eda, Portilla V\u00e1squez  respond\u00eda una y otra vez, que habr\u00e1 trasparencia y rendici\u00f3n de cuentas. A la que aqu\u00ed escribe respondi\u00f3 de forma categ\u00f3rica que no se tolerar\u00e1n desv\u00edos de recursos y se transparentar\u00e1 la revisi\u00f3n de cuentas municipales y estatales. Que en diciembre, cuando rinda su informe ante el Congreso Local,  se dar\u00e1n  pormenores de los cambios significativos en esta dependencia estatal. Y lo m\u00e1s importante, dar\u00e1 credibilidad a esta desprestigiada instituci\u00f3n auditable, pues es considerada un \u201celefante blanco\u201d por costosa y inservible\u2026 Ok, le daremos el beneficio de la duda y esperaremos a que tome las riendas del ORFIS para ver esos cambios tan anunciados\u2026 <\/p>\n<p>***Cambios en la Procuradur\u00eda: Falt\u00f3 la destituci\u00f3n de Amadeo <\/p>\n<p>Llama la atenci\u00f3n, el bolet\u00edn emitido por la Coordinaci\u00f3n de Comunicaci\u00f3n Social del Estado, en el cual subraya con lujo de detalle que: \u201cPor instrucciones del Gobernador Javier Duarte se realizaron cambios en la Procuradur\u00eda General de Justicia del Estado\u201d&#8230; \u00a1A caray! Ahora, el empleado de los veracruzanos realiza enroques en importantes dependencias ministeriales\u2026 La pregunta obligada: \u00bfPor  qu\u00e9?&#8230; Quiz\u00e1, con la reciente detenci\u00f3n de 19 elementos policiacos en Veracruz, por parte de la Marina, obtengamos alguna respuesta para la realizaci\u00f3n de esta medida\u2026 Recordemos, que en el Gobierno del Estado hay un fuerte hermetismo y las se\u00f1ales lanzadas por  Duarte de Ochoa merecen una observaci\u00f3n y an\u00e1lisis m\u00e1s profundo\u2026 <\/p>\n<p>Por lo pronto, no ocurri\u00f3 el cambio urgente de despedir a Amadeo \u201cDormido\u201d Flores Espinoza, quien durante su gesti\u00f3n al frente de la PGJE ha sido gris y con profunda desilusi\u00f3n\u2026 El hombre a quien le reconoc\u00edamos ser mano dura en d\u00e9cadas pasadas, ahora, se desinfl\u00f3 en un puesto clave y tan importante\u2026 <\/p>\n<p>Nota importante: Juan Vergel acusa a  Miguel Valera, director de Prensa del Gobierno de Veracruz de orquestarle una campa\u00f1a difamatoria en medios de comunicaci\u00f3n institucionales\u2026 Le dar\u00e9 un tip a Juanito Vergel: Miguel Valera le dice a todos: \u201cYo no puedo tomar decisiones, sin la autorizaci\u00f3n de mi jefa Mar\u00eda Gina Dom\u00ednguez Col\u00edo\u201d\u2026 As\u00ed que Juanito, mejor recl\u00e1male a la \u201cMadame Gina\u201d, quien es experta en manipular redacciones, pedir despidos, crear conflictos y lo m\u00e1s importante, es la encargada de eclipsar la imagen de Javier Duarte\u2026 As\u00ed de sencillo\u2026 <\/p>\n<p>Dudas y comentarios: <a href=\"mailto:claudiaguerreromtz@gmail.com\">claudiaguerreromtz@gmail.com<\/a> <\/p>\n<p>Visite: <a href=\"http:\/\/www.periodicoveraz.com\/\">www.periodicoveraz.com<\/a> <\/p>\n<p>Twitter: @cguerreromtz <\/p><\/div>\n","protected":false},"excerpt":{"rendered":"<p>Claudia Constantino Las Cr\u00f3nicas del 2012&nbsp;&nbsp; Sin sorpresa alguna, con todo a modo \u2013votaci\u00f3n por prelaci\u00f3n en un congreso de mayor\u00eda- y con 47 votos, tan solo 2 abstenciones ayer fue electo como nuevo auditor general del ORFIS, Lorenzo Antonio Portilla V\u00e1zquez de entre la terna completado por Sergio Jim\u00e9nez V\u00e1zquez y Cecilia Layla Coronel [&hellip;]<\/p>\n","protected":false},"author":1,"featured_media":0,"comment_status":"open","ping_status":"open","sticky":false,"template":"","format":"standard","meta":{"_jetpack_newsletter_access":"","_jetpack_dont_email_post_to_subs":false,"_jetpack_newsletter_tier_id":0,"_jetpack_memberships_contains_paywalled_content":false,"_jetpack_memberships_contains_paid_content":false,"footnotes":""},"categories":[1],"tags":[],"class_list":["post-4644","post","type-post","status-publish","format-standard","hentry","category-sin-categoria"],"jetpack_featured_media_url":"","jetpack_sharing_enabled":true,"jetpack_shortlink":"https:\/\/wp.me\/p4Qcd3-1cU","_links":{"self":[{"href":"https:\/\/lospoliticosveracruz.com.mx\/index.php?rest_route=\/wp\/v2\/posts\/4644","targetHints":{"allow":["GET"]}}],"collection":[{"href":"https:\/\/lospoliticosveracruz.com.mx\/index.php?rest_route=\/wp\/v2\/posts"}],"about":[{"href":"https:\/\/lospoliticosveracruz.com.mx\/index.php?rest_route=\/wp\/v2\/types\/post"}],"author":[{"embeddable":true,"href":"https:\/\/lospoliticosveracruz.com.mx\/index.php?rest_route=\/wp\/v2\/users\/1"}],"replies":[{"embeddable":true,"href":"https:\/\/lospoliticosveracruz.com.mx\/index.php?rest_route=%2Fwp%2Fv2%2Fcomments&post=4644"}],"version-history":[{"count":0,"href":"https:\/\/lospoliticosveracruz.com.mx\/index.php?rest_route=\/wp\/v2\/posts\/4644\/revisions"}],"wp:attachment":[{"href":"https:\/\/lospoliticosveracruz.com.mx\/index.php?rest_route=%2Fwp%2Fv2%2Fmedia&parent=4644"}],"wp:term":[{"taxonomy":"category","embeddable":true,"href":"https:\/\/lospoliticosveracruz.com.mx\/index.php?rest_route=%2Fwp%2Fv2%2Fcategories&post=4644"},{"taxonomy":"post_tag","embeddable":true,"href":"https:\/\/lospoliticosveracruz.com.mx\/index.php?rest_route=%2Fwp%2Fv2%2Ftags&post=4644"}],"curies":[{"name":"wp","href":"https:\/\/api.w.org\/{rel}","templated":true}]}}