{"id":4645,"date":"2012-09-27T16:49:00","date_gmt":"2012-09-27T16:49:00","guid":{"rendered":"http:\/\/www.lospoliticosveracruz.com.mx\/?p=4645"},"modified":"2014-10-10T03:02:57","modified_gmt":"2014-10-10T03:02:57","slug":"dedazo-directo-en-designacion-del-nuevo-titular-del-orfis","status":"publish","type":"post","link":"https:\/\/lospoliticosveracruz.com.mx\/?p=4645","title":{"rendered":"Dedazo directo en designaci\u00f3n del nuevo titular del ORFIS"},"content":{"rendered":"<p><b>Claudia Guerrero Mart\u00ednez <\/b><br \/><i>Entre lo ut\u00f3pico y lo verdadero&nbsp;&nbsp;<\/i><\/p>\n<p>Despu\u00e9s de horas de trabajo, entrevistas, recopilaci\u00f3n de curr\u00edcula y un sinf\u00edn de acciones para mostrar \u201cdemocratizaci\u00f3n\u201d en la elecci\u00f3n al nuevo titular del \u00d3rgano de Fiscalizaci\u00f3n de Veracruz. Todo, todo, inteligentes lectores,  se fue a la basura y se design\u00f3,  bajo las \u00f3rdenes de Javier Duarte de Ochoa, a  Lorenzo Antonio Portilla V\u00e1squez\u2026 <br \/>Ante tanto \u201ccirco, maroma y teatro\u201d, Portilla V\u00e1squez  sab\u00eda desde el principio que la \u201cl\u00ednea\u201d ser\u00eda  su designaci\u00f3n. Desde este martes  25, renunci\u00f3 al cargo  como Director de Control y Evaluaci\u00f3n de la Contralor\u00eda General del Estado y ahora resulta,  que ayuda mucho ser oriundo de C\u00f3rdoba, lugar donde el empleado de los veracruzanos quiere ser adoptado\u2026 Nueva moda pertenecer al selecto grupo de cordobeses de cepa\u2026&nbsp;<a name='more'><\/a><br \/>Y quisimos presenciar esta solemne sesi\u00f3n, para ver el antes, durante y despu\u00e9s de la designaci\u00f3n del nuevo encargado del ORFIS. Ante una sesi\u00f3n atrasada, citando a las 11: AM e iniciando hasta las 12:15 PM, pues a los diputados locales les estaban dando clases sobre las nuevas reformas federales\u2026 Por fin inicia la sesi\u00f3n extraordinaria  y se aprueba por unanimidad la Ley para la Tutela de los datos personales, Iniciativa sacada fast track, aprovechando la coyuntura e inter\u00e9s por la siguiente: La votaci\u00f3n para elegir al nuevo titular del ORFIS\u2026<br \/>Y como segundo punto, lo esperado. Se nombra en primer t\u00e9rmino a Lorenzo Antonio Portilla.  El que inicia para emitir su voto, como siempre, Jorge Carvallo Delf\u00edn y esto, es indicativo  de lo que deben hacer \u201ctodos\u201d, pues Portilla era el \u201cbueno\u201d\u2026 As\u00ed, obedecieron  casi todos  los panistas y las minor\u00edas PANAL y PRD\u2026 Armando M\u00e9ndez de la Luz del Movimiento Ciudadano y  Martha Lilia Ch\u00e1vez del PAN se abstuvieron de votar\u2026 47 votos a favor fueron la medida para consolidar la orden de designar a Lorenzo Antonio Portilla como nuevo auditor general\u2026 Y luego,  las entrevistas\u2026<br \/>Con preguntas agresivas, cuestionables y hasta con tintes personales, colegas reporteros se le fueron a la yugular del funcionario estatal, olvidando puntos importantes para el futuro del ORFIS. Quiz\u00e1 era la \u201cl\u00ednea\u201d para sacarlo de sus casillas y que perdiera la cordura ante cuestionamientos agresivos. O tambi\u00e9n, es la t\u00e9cnica de algunos medios de comunicaci\u00f3n de agredirlo, para luego, enviar su cotizaci\u00f3n de publicidad  y dar por entendido, que para no volver a sufrir cuestionamientos inc\u00f3modos, la dependencia estatal deber\u00e1 comprar espacios en esos medios de comunicaci\u00f3n. Todos contentos y felices\u2026<br \/>Durante la jaur\u00eda, Portilla V\u00e1squez  respond\u00eda una y otra vez, que habr\u00e1 trasparencia y rendici\u00f3n de cuentas. A la que aqu\u00ed escribe respondi\u00f3 de forma categ\u00f3rica que no se tolerar\u00e1n desv\u00edos de recursos y se transparentar\u00e1 la revisi\u00f3n de cuentas municipales y estatales. Que en diciembre, cuando rinda su informe ante el Congreso Local,  se dar\u00e1n  pormenores de los cambios significativos en esta dependencia estatal. Y lo m\u00e1s importante, dar\u00e1 credibilidad a esta desprestigiada instituci\u00f3n auditable, pues es considerada un \u201celefante blanco\u201d por costosa y inservible\u2026 Ok, le daremos el beneficio de la duda y esperaremos a que tome las riendas del ORFIS para ver esos cambios tan anunciados\u2026 <\/p>\n<div>***Cambios en la Procuradur\u00eda: Falt\u00f3 la destituci\u00f3n de Amadeo <br \/>  Llama la atenci\u00f3n, el bolet\u00edn emitido por la Coordinaci\u00f3n de Comunicaci\u00f3n Social del Estado, en el cual subraya con lujo de detalle que: \u201cPor instrucciones del Gobernador Javier Duarte se realizaron cambios en la Procuradur\u00eda General de Justicia del Estado\u201d&#8230; \u00a1A caray! Ahora, el empleado de los veracruzanos realiza enroques en importantes dependencias ministeriales\u2026 La pregunta obligada: \u00bfPor  qu\u00e9?&#8230; Quiz\u00e1, con la reciente detenci\u00f3n de 19 elementos policiacos en Veracruz, por parte de la Marina, obtengamos alguna respuesta para la realizaci\u00f3n de esta medida\u2026 Recordemos, que en el Gobierno del Estado hay un fuerte hermetismo y las se\u00f1ales lanzadas por  Duarte de Ochoa merecen una observaci\u00f3n y an\u00e1lisis m\u00e1s profundo\u2026 <br \/>Por lo pronto, no ocurri\u00f3 el cambio urgente de despedir a Amadeo \u201cDormido\u201d Flores Espinoza, quien durante su gesti\u00f3n al frente de la PGJE ha sido gris y con profunda desilusi\u00f3n\u2026 El hombre a quien le reconoc\u00edamos ser mano dura en d\u00e9cadas pasadas, ahora, se desinfl\u00f3 en un puesto clave y tan importante\u2026 <\/div>\n<div>Nota importante: Juan Vergel acusa a  Miguel Valera, director de Prensa del Gobierno de Veracruz de orquestarle una campa\u00f1a difamatoria en medios de comunicaci\u00f3n institucionales\u2026 Le dar\u00e9 un tip a Juanito Vergel: Miguel Valera le dice a todos: \u201cYo no puedo tomar decisiones, sin la autorizaci\u00f3n de mi jefa Mar\u00eda Gina Dom\u00ednguez Col\u00edo\u201d\u2026 As\u00ed que Juanito, mejor recl\u00e1male a la \u201cMadame Gina\u201d, quien es experta en manipular redacciones, pedir despidos, crear conflictos y lo m\u00e1s importante, es la encargada de eclipsar la imagen de Javier Duarte\u2026 As\u00ed de sencillo\u2026 <\/p>\n<p>  Dudas y comentarios: <a href=\"mailto:claudiaguerreromtz@gmail.com\">claudiaguerreromtz@gmail.com<\/a> <\/p>\n<p>Visite: <a href=\"http:\/\/www.periodicoveraz.com\/\">www.periodicoveraz.com<\/a> <\/p>\n<p>Twitter: @cguerreromtz <\/p><\/div>\n","protected":false},"excerpt":{"rendered":"<p>Claudia Guerrero Mart\u00ednez Entre lo ut\u00f3pico y lo verdadero&nbsp;&nbsp; Despu\u00e9s de horas de trabajo, entrevistas, recopilaci\u00f3n de curr\u00edcula y un sinf\u00edn de acciones para mostrar \u201cdemocratizaci\u00f3n\u201d en la elecci\u00f3n al nuevo titular del \u00d3rgano de Fiscalizaci\u00f3n de Veracruz. Todo, todo, inteligentes lectores, se fue a la basura y se design\u00f3, bajo las \u00f3rdenes de Javier [&hellip;]<\/p>\n","protected":false},"author":1,"featured_media":0,"comment_status":"open","ping_status":"open","sticky":false,"template":"","format":"standard","meta":{"_jetpack_newsletter_access":"","_jetpack_dont_email_post_to_subs":false,"_jetpack_newsletter_tier_id":0,"_jetpack_memberships_contains_paywalled_content":false,"_jetpack_memberships_contains_paid_content":false,"footnotes":""},"categories":[1],"tags":[],"class_list":["post-4645","post","type-post","status-publish","format-standard","hentry","category-sin-categoria"],"jetpack_featured_media_url":"","jetpack_sharing_enabled":true,"jetpack_shortlink":"https:\/\/wp.me\/p4Qcd3-1cV","_links":{"self":[{"href":"https:\/\/lospoliticosveracruz.com.mx\/index.php?rest_route=\/wp\/v2\/posts\/4645","targetHints":{"allow":["GET"]}}],"collection":[{"href":"https:\/\/lospoliticosveracruz.com.mx\/index.php?rest_route=\/wp\/v2\/posts"}],"about":[{"href":"https:\/\/lospoliticosveracruz.com.mx\/index.php?rest_route=\/wp\/v2\/types\/post"}],"author":[{"embeddable":true,"href":"https:\/\/lospoliticosveracruz.com.mx\/index.php?rest_route=\/wp\/v2\/users\/1"}],"replies":[{"embeddable":true,"href":"https:\/\/lospoliticosveracruz.com.mx\/index.php?rest_route=%2Fwp%2Fv2%2Fcomments&post=4645"}],"version-history":[{"count":0,"href":"https:\/\/lospoliticosveracruz.com.mx\/index.php?rest_route=\/wp\/v2\/posts\/4645\/revisions"}],"wp:attachment":[{"href":"https:\/\/lospoliticosveracruz.com.mx\/index.php?rest_route=%2Fwp%2Fv2%2Fmedia&parent=4645"}],"wp:term":[{"taxonomy":"category","embeddable":true,"href":"https:\/\/lospoliticosveracruz.com.mx\/index.php?rest_route=%2Fwp%2Fv2%2Fcategories&post=4645"},{"taxonomy":"post_tag","embeddable":true,"href":"https:\/\/lospoliticosveracruz.com.mx\/index.php?rest_route=%2Fwp%2Fv2%2Ftags&post=4645"}],"curies":[{"name":"wp","href":"https:\/\/api.w.org\/{rel}","templated":true}]}}