{"id":4646,"date":"2012-09-27T00:09:00","date_gmt":"2012-09-27T00:09:00","guid":{"rendered":"http:\/\/www.lospoliticosveracruz.com.mx\/?p=4646"},"modified":"2014-10-10T03:02:58","modified_gmt":"2014-10-10T03:02:58","slug":"ya-lo-sabia-ya-lo-sabia","status":"publish","type":"post","link":"https:\/\/lospoliticosveracruz.com.mx\/?p=4646","title":{"rendered":"\u00a1Ya lo sab\u00eda \/ ya lo sab\u00eda!"},"content":{"rendered":"<p><b>Salvador Mu\u00f1oz<\/b><br \/><i>Los Pol\u00edticos<\/i><\/p>\n<div>Y en el Congreso, para estar a tono con un Lorenzo Antonio, nada m\u00e1s falt\u00f3 la estupenda voz de Mona Bell as\u00ed como uno de sus m\u00e1s bellos \u00e9xitos&#8230; \u201c\u00a1El telegrama!\u201d<br \/>\u00bfSe acuerda de esa canci\u00f3n? Quiz\u00e1s algunos de nuestros j\u00f3venes pol\u00edticos no, y s\u00f3lo si la escuchan podr\u00edan decir: \u201c\u00a1Ah, creo que alguna vez se la escuch\u00e9 a mi mam\u00e1!\u201d (claro, los que tienen lo que da paso a que son pocos con el consabido de que hay otros que tienen poca)&#8230;<br \/>En cambio, para los ya veteranos, con gusto podr\u00edan cantar algo as\u00ed:<br \/>\u201cAntes de que tus labios<br \/>Me confirmaran \/ que me quer\u00edas<br \/>\u00a1Ya lo sab\u00eda, ya lo sab\u00eda!<br \/>Porque con la mirada t\u00fa me pusiste \/ un telegrama<br \/>Que lo dec\u00eda, que lo dec\u00eda&#8230;\u201d<br \/>Y es que el ungimiento de Lorenzo Antonio Portilla V\u00e1zquez todo mundo lo cantaba&#8230; vamos, dijera Mona Bell: \u00a1Ya lo sab\u00edan \/ ya lo sab\u00edan!<br \/><a name='more'><\/a>Por eso se dice que el Congreso local fue el escenario perfecto para el show que dieron casi todos los diputados que se prestaron para dar ese espect\u00e1culo&#8230;<br \/>Conste, no se est\u00e1 en contra de Lorenzo Antonio (tiene nombre de cantante, quiz\u00e1s por eso \u00a1ya lo sab\u00eda \/ ya lo sab\u00eda); creo que es el menos culpable de ser instrumento de una burla m\u00e1s para quienes participaron en la designaci\u00f3n del Auditor General del Orfis pero, creo, nuestros \u201crepresentantes\u201d (por favor, no suelte la carcajada), m\u00ednimo debieran de tener la decencia de no hacer perder el tiempo, ni al ciudadano ni a los 52 sujetos que se inscribieron en este \u201cjuego\u201d, en esta broma&#8230;<br \/>Y es que a veces uno se pasa de ingenuo y cree que en verdad, los diputados son nuestros representantes&#8230; ya debieran cambiarles el nombre por \u201crepresentontos\u201d, porque c\u00f3mo nos agarran de sus&#8230; tontos.<br \/>Igual, lo de ayer no debi\u00f3 ser llamado Sesi\u00f3n Extraordinaria sino \u201c\u00a1Cesi\u00f3n extraordinaria!\u201d (se la dieron en bandeja de plata) o para ya de plano hacer la mofa completa, nombrarla algo as\u00ed como \u201c47 Diputados Dijieron\u201d; \u201cVota por un hueso\u201d, \u00abVas o bornas\u201d o \u201cLacra Demia\u201d, porque no dej\u00f3 de ser todo un show&#8230;<br \/>Pero dijera Mona Bell&#8230; \u00a1Ya lo sab\u00eda \/ ya lo sab\u00eda!<br \/>\u00bfLuego entonces si ya lo sab\u00edamos? pues uno a veces quisiera que nos sorprendieran estos sujetos mal-llamados Legisladores (debieran ser Le-gris-ladores) y que reaccionaran no bajo intereses personales o partidistas, sino pensando en el pueblo&#8230; son\u00f3 a chiste cruel, \u00bfverdad?<br \/>Hoy, Lorenzo Antonio no s\u00f3lo es el Auditor General del \u00d3rgano de Fiscalizaci\u00f3n del estado de Veracruz, sino tambi\u00e9n el instrumento que sirvi\u00f3 para dejar en claro que la definici\u00f3n de una terna, en la jerga pol\u00edtica de un sistema como el que a\u00fan vivimos en nuestro estado y pa\u00eds, sigue siendo \u00e9sta: La terna es dos pendejos y el bueno, el que va a hacer&#8230;<br \/>S\u00ed&#8230; es lamentable que tengamos que cantar nuestra triste pol\u00edtica como Mona Bell:<br \/>\u00a1Ya lo sab\u00eda \/ ya lo sab\u00eda!<\/div>\n","protected":false},"excerpt":{"rendered":"<p>Salvador Mu\u00f1ozLos Pol\u00edticos Y en el Congreso, para estar a tono con un Lorenzo Antonio, nada m\u00e1s falt\u00f3 la estupenda voz de Mona Bell as\u00ed como uno de sus m\u00e1s bellos \u00e9xitos&#8230; \u201c\u00a1El telegrama!\u201d\u00bfSe acuerda de esa canci\u00f3n? Quiz\u00e1s algunos de nuestros j\u00f3venes pol\u00edticos no, y s\u00f3lo si la escuchan podr\u00edan decir: \u201c\u00a1Ah, creo que [&hellip;]<\/p>\n","protected":false},"author":1,"featured_media":0,"comment_status":"open","ping_status":"open","sticky":false,"template":"","format":"standard","meta":{"_jetpack_newsletter_access":"","_jetpack_dont_email_post_to_subs":false,"_jetpack_newsletter_tier_id":0,"_jetpack_memberships_contains_paywalled_content":false,"_jetpack_memberships_contains_paid_content":false,"footnotes":""},"categories":[1],"tags":[],"class_list":["post-4646","post","type-post","status-publish","format-standard","hentry","category-sin-categoria"],"jetpack_featured_media_url":"","jetpack_sharing_enabled":true,"jetpack_shortlink":"https:\/\/wp.me\/p4Qcd3-1cW","_links":{"self":[{"href":"https:\/\/lospoliticosveracruz.com.mx\/index.php?rest_route=\/wp\/v2\/posts\/4646","targetHints":{"allow":["GET"]}}],"collection":[{"href":"https:\/\/lospoliticosveracruz.com.mx\/index.php?rest_route=\/wp\/v2\/posts"}],"about":[{"href":"https:\/\/lospoliticosveracruz.com.mx\/index.php?rest_route=\/wp\/v2\/types\/post"}],"author":[{"embeddable":true,"href":"https:\/\/lospoliticosveracruz.com.mx\/index.php?rest_route=\/wp\/v2\/users\/1"}],"replies":[{"embeddable":true,"href":"https:\/\/lospoliticosveracruz.com.mx\/index.php?rest_route=%2Fwp%2Fv2%2Fcomments&post=4646"}],"version-history":[{"count":0,"href":"https:\/\/lospoliticosveracruz.com.mx\/index.php?rest_route=\/wp\/v2\/posts\/4646\/revisions"}],"wp:attachment":[{"href":"https:\/\/lospoliticosveracruz.com.mx\/index.php?rest_route=%2Fwp%2Fv2%2Fmedia&parent=4646"}],"wp:term":[{"taxonomy":"category","embeddable":true,"href":"https:\/\/lospoliticosveracruz.com.mx\/index.php?rest_route=%2Fwp%2Fv2%2Fcategories&post=4646"},{"taxonomy":"post_tag","embeddable":true,"href":"https:\/\/lospoliticosveracruz.com.mx\/index.php?rest_route=%2Fwp%2Fv2%2Ftags&post=4646"}],"curies":[{"name":"wp","href":"https:\/\/api.w.org\/{rel}","templated":true}]}}