{"id":4647,"date":"2012-09-27T00:08:00","date_gmt":"2012-09-27T00:08:00","guid":{"rendered":"http:\/\/www.lospoliticosveracruz.com.mx\/?p=4647"},"modified":"2014-10-10T03:02:58","modified_gmt":"2014-10-10T03:02:58","slug":"4647","status":"publish","type":"post","link":"https:\/\/lospoliticosveracruz.com.mx\/?p=4647","title":{"rendered":""},"content":{"rendered":"<p><b>Brenda Caballero <\/b><br \/><i>N\u00fameros Rojos <\/i><\/p>\n<p>Hartos de las constantes inundaciones de aguas negras ante la temporada de lluvia, padres de familia de la telesecundaria Rafael Hern\u00e1ndez Ochoa bloquearon el paso vehicular hacia la Luz del Barrio&#8230;. d\u00edas antes, en Banderilla, a la altura de la Martinica, se congregaron en plena carretera federal y bloquearon el paso hacia M\u00e9xico y la capital del estado. Todo como medida de presi\u00f3n con tal de que les hiciera caso el gobierno estatal. <br \/>En Medell\u00edn, no cantan mal las rancheras as\u00ed como en Boca del R\u00edo&#8230;. <br \/>\u00a1Ahhh! c\u00f3mo recuerdo esos tiempos en que t\u00edo Fide, con botas y pantal\u00f3n remangado se met\u00eda hasta en las aguas m\u00e1s profundas, (pluvialmente hablando) y como \u201ctodo buen pol\u00edtico\u201d, tranquilizaba y promet\u00eda hasta la luna y las estrellas para cada uno de los demandantes. <br \/>\u00a1El chiste era salir del paso! <a name='more'><\/a><br \/>Hoy, los tiempos han cambiado tanto que a m\u00e1s de dos pol\u00edticos les llega el agua hasta el cuello. <br \/>As\u00ed que el primero en ahogarse fue el alcalde perredista de Banderilla, Francisco Hern\u00e1ndez Loeza qui\u00e9n trat\u00f3 de calmar a sus gobernados, que ni lo pelaron, ahora s\u00ed \u00a1ni mi querido presidente lo salv\u00f3 a pesar de que en meses pasado lo fue a ver hasta Chiapas! <br \/>Aunque las malas lenguas dicen que se ahog\u00f3 debido a las filtraciones de que estaba haciendo negocios con el director de la CAEV, Pedro Montalvo, con los dineros federales del colector pluvial \u00a1vaya filtraciones que llegaron hasta Carlos Aceves! <br \/>Otro que se estren\u00f3 sin convencer fue el director de gobernaci\u00f3n Rogelio Hern\u00e1ndez Madrid, quien despu\u00e9s de \u201cdialogar\u201d con los banderillenses se retir\u00f3 diciendo: \u00a1ni siquiera me merecen! <br \/>Aunque eso s\u00ed, hay pol\u00edticos que no necesitan de lluvias, aguaceros ni tormentas torrenciales para ahogarse, lo hacen solitos, \u00a1por su propia boca! <br \/>As\u00ed es que empezar\u00e9 por la Diputada \u201canimal print\u201d Olga Lidia Robles Ar\u00e9valo, quien sinti\u00f3 el agua hasta el cuello despu\u00e9s de declarar que en el norte del estado se est\u00e1n integrando movimientos de resistencia civil armada contra el crimen organizado. \u00bfQu\u00e9eee? \u00a1si en Veracruz no pasa nada! <br \/>Mi alcaldesa Ely se ahoga tambi\u00e9n, aunque ya no se sabe si en basura, tr\u00e1fico, baches o agua, aunque dicen que para ella no es dif\u00edcil transitar, pues tiene un chofer con permiso de tr\u00e1nsito, que se pasa los altos por los bajos. <br \/>Y siguiendo con la bella Xalapa, comentan que se avecina una \u201cgranizada\u201d, y no porque el Servicio Meteorol\u00f3gico lo anuncie, sino porque ven venir a Abel Cuevas Melo, como candidato a la alcald\u00eda\u2026 luego le explico la \u201cgranizada\u201d\u2026 <br \/>\u00a1Ahhh! y por si fuera poco, dicen que las sesiones de cabildo anuncian el estado del tiempo: nubarrones y tormenta, cada vez que pide la palabra el regidor Miguel \u00c1ngel Cabrera Gordillo. <br \/>Otro que tiene el agua hasta el cuello, llueva o no, truene o relampaguee, haya inundaci\u00f3n o no, hasta si se mete al chapoteadero, es el titular de la Secretar\u00eda de Comunicaciones Ra\u00fal \u201cChaparral\u201d Ferat. <br \/>Aunque si de agua se trata, no faltan los pol\u00edticos en la banca que imploran al Dios Tl\u00e1loc que caiga un chaparr\u00f3n, pero no de agua\u2026 sino el del Consejo Estatal de Seguridad P\u00fablica: Jorge Uscanga Escobar. <br \/>Y si bien en el PRD el sol (Azteca) sale para todos, \u00a1como le llovieron cr\u00edticas a mi tocaya Abigail! supuestamente porque abandon\u00f3 el partido \u00bfno lo hab\u00eda abandonado ya desde hace dos a\u00f1os? <br \/>Y siguiendo con las diputadas, me contaron que a Ainara Rementer\u00eda, ya la conocen en la Legis como la rel\u00e1mpago y no por sus visitas, sino porque cada vez que pasa, no falta el legislador que diga \u201c\u00a1me la TRUENO!\u201d <br \/>Pero no solo a los ciudadanos afectados en el estado les disgustan las lluvias, a Juan Antonio Nemi Dib director del DIF Estatal tambi\u00e9n\u2026 y m\u00e1s las de R\u00edo Blanco \u00a1que llevan piedras incluidas! <br \/>As\u00ed que en esta temporada, lo mejor es sacar las botas, impermeable y paraguas, \u00a1para que no le vaya a llover como a los pol\u00edticos!g <\/p>\n<p>Email: <a href=\"mailto:caballero_brenda@hotmail.com\">caballero_brenda@hotmail.com<\/a><\/p>\n","protected":false},"excerpt":{"rendered":"<p>Brenda Caballero N\u00fameros Rojos Hartos de las constantes inundaciones de aguas negras ante la temporada de lluvia, padres de familia de la telesecundaria Rafael Hern\u00e1ndez Ochoa bloquearon el paso vehicular hacia la Luz del Barrio&#8230;. d\u00edas antes, en Banderilla, a la altura de la Martinica, se congregaron en plena carretera federal y bloquearon el paso [&hellip;]<\/p>\n","protected":false},"author":1,"featured_media":0,"comment_status":"open","ping_status":"open","sticky":false,"template":"","format":"standard","meta":{"_jetpack_newsletter_access":"","_jetpack_dont_email_post_to_subs":false,"_jetpack_newsletter_tier_id":0,"_jetpack_memberships_contains_paywalled_content":false,"_jetpack_memberships_contains_paid_content":false,"footnotes":""},"categories":[1],"tags":[],"class_list":["post-4647","post","type-post","status-publish","format-standard","hentry","category-sin-categoria"],"jetpack_featured_media_url":"","jetpack_sharing_enabled":true,"jetpack_shortlink":"https:\/\/wp.me\/s4Qcd3-4647","_links":{"self":[{"href":"https:\/\/lospoliticosveracruz.com.mx\/index.php?rest_route=\/wp\/v2\/posts\/4647","targetHints":{"allow":["GET"]}}],"collection":[{"href":"https:\/\/lospoliticosveracruz.com.mx\/index.php?rest_route=\/wp\/v2\/posts"}],"about":[{"href":"https:\/\/lospoliticosveracruz.com.mx\/index.php?rest_route=\/wp\/v2\/types\/post"}],"author":[{"embeddable":true,"href":"https:\/\/lospoliticosveracruz.com.mx\/index.php?rest_route=\/wp\/v2\/users\/1"}],"replies":[{"embeddable":true,"href":"https:\/\/lospoliticosveracruz.com.mx\/index.php?rest_route=%2Fwp%2Fv2%2Fcomments&post=4647"}],"version-history":[{"count":0,"href":"https:\/\/lospoliticosveracruz.com.mx\/index.php?rest_route=\/wp\/v2\/posts\/4647\/revisions"}],"wp:attachment":[{"href":"https:\/\/lospoliticosveracruz.com.mx\/index.php?rest_route=%2Fwp%2Fv2%2Fmedia&parent=4647"}],"wp:term":[{"taxonomy":"category","embeddable":true,"href":"https:\/\/lospoliticosveracruz.com.mx\/index.php?rest_route=%2Fwp%2Fv2%2Fcategories&post=4647"},{"taxonomy":"post_tag","embeddable":true,"href":"https:\/\/lospoliticosveracruz.com.mx\/index.php?rest_route=%2Fwp%2Fv2%2Ftags&post=4647"}],"curies":[{"name":"wp","href":"https:\/\/api.w.org\/{rel}","templated":true}]}}