{"id":46477,"date":"2019-01-19T11:55:14","date_gmt":"2019-01-19T17:55:14","guid":{"rendered":"http:\/\/www.lospoliticosveracruz.com.mx\/?p=46477"},"modified":"2019-01-18T21:39:46","modified_gmt":"2019-01-19T03:39:46","slug":"coatza-y-veracruz-muy-inseguros","status":"publish","type":"post","link":"https:\/\/lospoliticosveracruz.com.mx\/?p=46477","title":{"rendered":"Coatza y Veracruz, muy inseguros"},"content":{"rendered":"<p><strong><span style=\"color: #000000; font-size: medium;\">Brenda Caballero<\/span><\/strong><\/p>\n<p><span style=\"color: #000000; font-family: 'Times New Roman'; font-size: medium;\"><em>N\u00fameros Rojos<\/em>\u00a0<\/span><\/p>\n<p><span style=\"color: #000000; font-family: 'Times New Roman'; font-size: medium;\">Antes de empezar este comentario, d\u00e9jeme hacerle una pregunta: \u00bfSiente usted seguridad al salir de su casa y caminar por las calles de su ciudad a cualquier hora? <\/span><\/p>\n<p><span style=\"color: #000000; font-family: 'Times New Roman'; font-size: medium;\">Conocidos, amigos y familiares, coinciden en que la situaci\u00f3n actual es cr\u00edtica, refiri\u00e9ndose a la Inseguridad. No falta el d\u00eda en que al abrir nuestras redes sociales aparezca la noticia de un homicidio, un levantado, robos a mano armada, secuestros, feminicidios y hasta animales asesinados. Incluso, tenemos miedo de estar en espacios p\u00fablicos, salir de noche o visitar amigos en lugares lejanos. \u00a1Hemos cambiado hasta nuestros h\u00e1bitos! <\/span><\/p>\n<p><span style=\"color: #000000; font-family: 'Times New Roman'; font-size: medium;\">De acuerdo a la Encuesta Nacional de Seguridad P\u00fablica Urbana del Inegi, al 4o trimestre del 2018, dada a conocer hace unos d\u00edas, 8 de cada 10 personas en el pa\u00eds se sienten inseguras al ir a un cajero en la v\u00eda p\u00fablica, por lo que prefieren sacar dinero en alguno que est\u00e9 en un negocio, oficina o plaza comercial.<\/span><\/p>\n<p><span style=\"color: #000000; font-family: 'Times New Roman'; font-size: medium;\">Una cosa es cierta: la inseguridad no es exclusiva de Veracruz\u2026 por desgracia se hace presente en todo el pa\u00eds.\u00a0<\/span><\/p>\n<p><span style=\"color: #000000; font-family: 'Times New Roman'; font-size: medium;\">La encuesta del Inegi inform\u00f3 que a nivel nacional 7 de cada 10 personas mayores de 18 a\u00f1os se sienten inseguras en la ciudad donde viven.\u00a0<\/span><\/p>\n<p><span style=\"color: #000000; font-family: 'Times New Roman'; font-size: medium;\">Es m\u00e1s, la percepci\u00f3n de inseguridad es muy alta en Reynosa, Chilpancingo, Puebla, Ecatepec, Villahermosa y Coatzacoalcos.<\/span><\/p>\n<p><span style=\"color: #000000; font-family: 'Times New Roman'; font-size: medium;\">S\u00ed, Coatzacoalcos, en la zona Sur del Estado. All\u00ed, la encuesta indica que a principios de diciembre, 93 de cada 100 habitantes se sintieron inseguros; aunque tambi\u00e9n tenemos al Puerto de Veracruz, donde 79 de cada 100 jarochos perciben mucha inseguridad.<\/span><\/p>\n<p><span style=\"color: #000000; font-family: 'Times New Roman'; font-size: medium;\">Pero \u00bfPor qu\u00e9 nos sentimos as\u00ed? Se quiera reconocer o no, junto con el incremento de la delincuencia y la diversificaci\u00f3n de los delitos, mucho tienen que ver tambi\u00e9n las redes sociales, las fakes news y hasta los mensajes alarmantes que varias veces se mandan por whatsapp, adem\u00e1s del desempe\u00f1o de nuestras autoridades preventivas, pues la poblaci\u00f3n percibe a la polic\u00eda municipal como la menos efectiva. Tienen mayor confianza en la Marina.<\/span><\/p>\n<p><span style=\"color: #000000; font-family: 'Times New Roman'; font-size: medium;\">Bueno, ya conocemos las cifras \u00bfy ahora qu\u00e9? Pues tenemos que exigir a nuestros gobernantes acciones y estrategias que combatan a la delincuencia. A nivel federal, ya se considera la Guardia Nacional. Si la estrategia del Presidente funciona, cualquier cr\u00edtica al resto de sus pol\u00edticas de gobierno pueda ser que no tengan eco si usted, su familia, yo o quien sea, llega o sale a casa sin temor a un levant\u00f3n, secuestro, robo o asalto\u2026 \u00bfsuena muy idealista, no? pero bueno, \u00e9se es el reto.<\/span><\/p>\n<p><span style=\"color: #000000; font-size: medium;\">\u00a0<\/span><\/p>\n<p><span style=\"color: #000000; font-size: medium;\">@NumerosRojos_BC<\/span><\/p>\n<p><a href=\"mailto:caballero_brenda@hotmail.com\" target=\"_blank\"><span style=\"color: #0000ff; font-size: medium;\">caballero_brenda@hotmail.com<\/span><\/a><\/p>\n","protected":false},"excerpt":{"rendered":"<p>Brenda Caballero N\u00fameros Rojos\u00a0 Antes de empezar este comentario, d\u00e9jeme hacerle una pregunta: \u00bfSiente usted seguridad al salir de su casa y caminar por las calles de su ciudad a cualquier hora? Conocidos, amigos y familiares, coinciden en que la situaci\u00f3n actual es cr\u00edtica, refiri\u00e9ndose a la Inseguridad. No falta el d\u00eda en que al [&hellip;]<\/p>\n","protected":false},"author":2,"featured_media":46479,"comment_status":"open","ping_status":"open","sticky":false,"template":"","format":"standard","meta":{"_jetpack_newsletter_access":"","_jetpack_dont_email_post_to_subs":false,"_jetpack_newsletter_tier_id":0,"_jetpack_memberships_contains_paywalled_content":false,"_jetpack_memberships_contains_paid_content":false,"footnotes":""},"categories":[70],"tags":[2687,3515,371,13600,826,13512,9072,178,196,13597,1055,3132,13599,13598,504,177,195],"class_list":["post-46477","post","type-post","status-publish","format-standard","has-post-thumbnail","hentry","category-de-opinion","tag-brenda-caballero","tag-chilpancingo","tag-coatzacoalcos","tag-ecatepec","tag-feminicidios","tag-guardia-nacional","tag-homicidio","tag-inegi","tag-inseguridad","tag-levantado","tag-policia-municipal","tag-puebla","tag-reynosa","tag-robo-a-mano-armada","tag-secuestros","tag-seguridad-publica","tag-veracruz"],"jetpack_featured_media_url":"https:\/\/lospoliticosveracruz.com.mx\/wp-content\/uploads\/2019\/01\/Inegi.jpg","jetpack_sharing_enabled":true,"jetpack_shortlink":"https:\/\/wp.me\/p4Qcd3-c5D","_links":{"self":[{"href":"https:\/\/lospoliticosveracruz.com.mx\/index.php?rest_route=\/wp\/v2\/posts\/46477","targetHints":{"allow":["GET"]}}],"collection":[{"href":"https:\/\/lospoliticosveracruz.com.mx\/index.php?rest_route=\/wp\/v2\/posts"}],"about":[{"href":"https:\/\/lospoliticosveracruz.com.mx\/index.php?rest_route=\/wp\/v2\/types\/post"}],"author":[{"embeddable":true,"href":"https:\/\/lospoliticosveracruz.com.mx\/index.php?rest_route=\/wp\/v2\/users\/2"}],"replies":[{"embeddable":true,"href":"https:\/\/lospoliticosveracruz.com.mx\/index.php?rest_route=%2Fwp%2Fv2%2Fcomments&post=46477"}],"version-history":[{"count":1,"href":"https:\/\/lospoliticosveracruz.com.mx\/index.php?rest_route=\/wp\/v2\/posts\/46477\/revisions"}],"predecessor-version":[{"id":46478,"href":"https:\/\/lospoliticosveracruz.com.mx\/index.php?rest_route=\/wp\/v2\/posts\/46477\/revisions\/46478"}],"wp:featuredmedia":[{"embeddable":true,"href":"https:\/\/lospoliticosveracruz.com.mx\/index.php?rest_route=\/wp\/v2\/media\/46479"}],"wp:attachment":[{"href":"https:\/\/lospoliticosveracruz.com.mx\/index.php?rest_route=%2Fwp%2Fv2%2Fmedia&parent=46477"}],"wp:term":[{"taxonomy":"category","embeddable":true,"href":"https:\/\/lospoliticosveracruz.com.mx\/index.php?rest_route=%2Fwp%2Fv2%2Fcategories&post=46477"},{"taxonomy":"post_tag","embeddable":true,"href":"https:\/\/lospoliticosveracruz.com.mx\/index.php?rest_route=%2Fwp%2Fv2%2Ftags&post=46477"}],"curies":[{"name":"wp","href":"https:\/\/api.w.org\/{rel}","templated":true}]}}