{"id":4648,"date":"2012-09-27T00:07:00","date_gmt":"2012-09-27T00:07:00","guid":{"rendered":"http:\/\/www.lospoliticosveracruz.com.mx\/?p=4648"},"modified":"2014-10-10T03:02:58","modified_gmt":"2014-10-10T03:02:58","slug":"la-helada-que-se-viene","status":"publish","type":"post","link":"https:\/\/lospoliticosveracruz.com.mx\/?p=4648","title":{"rendered":"La Helada que se viene"},"content":{"rendered":"<p><b>\u00c9rwin B\u00e1rcenas <\/b><br \/><i>Un clavo al Ata\u00fad  <\/i><\/p>\n<p> Cuando mi abuela iba de salida en su ultima visita a la cl\u00ednica donde d\u00edas despu\u00e9s partir\u00eda a mejores colinas, su frase dedicada totalmente a m\u00ed fue: \u00abAbr\u00edgate por favor\u00bb, acariciando mis cabellos y sonriendo mientras mi t\u00eda la segu\u00eda llevando del brazo. <br \/>El fr\u00edo en mi tierra natal, Perote, Veracruz, es seco, calador de huesos y partidor de cachetes&#8230; o mejillas, como mejor gusten llamarles. Heladas dignas de las monta\u00f1as como el Cofre de Perote, Pico de Orizaba o los amantes que vigilan la capital del Pa\u00eds; los aires propios de bosques de pino y sembrad\u00edos de ma\u00edz, haba o frijol, que con suerte no se quemar\u00e1n bajo la amenaza y aullido constante de los congelados vientos que viajan entre las rocas y el valle&#8230; <a name='more'><\/a><br \/>Las heladas significan que no hay posibilidad de que el calor que brinda la tierra se mantenga. Al no haber nubes en el cielo que hagan efecto invernadero, \u00e9ste se disipa hacia el cielo y quedaremos expuestos a que las temperaturas no solo sean bajas, tambi\u00e9n la humedad ser\u00e1 hurtada y sentiremos ese escalofr\u00edo que llega hasta los huesos&#8230; <br \/>De la misma manera, los sucesos recientes, donde la clase pol\u00edtica, en todas sus expresiones, nos ha expuesto sin misericordia a la helada que vendr\u00e1, nos est\u00e1 quitando las pocas nubes que conten\u00edan nuestra seguridad, \u00e9sa con la que vivimos en el valle de los trabajadores, de los estudiantes y amas de casa, disipando ese calor hacia el cielo, a la c\u00fapula elitista que domina entre monopolios, clases pol\u00edticas, crimen organizado, mafias y oligopolios, \u00e9sos que con gusto y por negocio, nos querr\u00e1n partir no solo las mejillas, tambi\u00e9n las bocas, las piernas y brazos con tal de que la resistencia a dicho y sufrido congelamiento sea la menor. <br \/>La reforma laboral, los nuevos partidos pol\u00edticos, la alternancia en el capitalismo de cuates (como Denisse Dresser atinadamente les bautiz\u00f3), el regreso de los vicios y licitantes del PRI, los muertos por una \u00abNO\u00bb guerra, la pobreza, la dejadez, la indiferencia y la a\u00fan m\u00e1s mortal ignorancia autoinfligida; elementos propios de una noche larga, fr\u00eda y sin abrigo para un M\u00e9xico que vive el d\u00eda a d\u00eda, que intenta sobrevivir, y cuya mayor alegr\u00eda en el d\u00eda es terminarlo y esperar el tormento de iniciar uno nuevo ma\u00f1ana. <br \/>La informaci\u00f3n, el saber, el consultar, el no quedarse con la primera versi\u00f3n; el ser curioso, el investigar, el ver porqu\u00e9 tal o cual cosa nos la van a aplicar, el entenderlo y preguntar c\u00f3mo evitarlo, manejarlo o impedirlo, es como un buen abrigo, es como salir a enfrentar este temporal por lo menos con lo b\u00e1sico para no enfermarnos de algo que al final y como se planea, nos aniquile. <br \/>As\u00ed que lee, ent\u00e9rate, inf\u00f3rmate sobre lo que est\u00e1 pasando, enti\u00e9ndelo, busca las respuestas y los motivos, en pocas palabras, te doy el mismo consejo que mi abuela con mucho cari\u00f1o me dejo: \u00abAbr\u00edgate por favor\u00bb.<\/p>\n","protected":false},"excerpt":{"rendered":"<p>\u00c9rwin B\u00e1rcenas Un clavo al Ata\u00fad Cuando mi abuela iba de salida en su ultima visita a la cl\u00ednica donde d\u00edas despu\u00e9s partir\u00eda a mejores colinas, su frase dedicada totalmente a m\u00ed fue: \u00abAbr\u00edgate por favor\u00bb, acariciando mis cabellos y sonriendo mientras mi t\u00eda la segu\u00eda llevando del brazo. El fr\u00edo en mi tierra natal, [&hellip;]<\/p>\n","protected":false},"author":1,"featured_media":0,"comment_status":"open","ping_status":"open","sticky":false,"template":"","format":"standard","meta":{"_jetpack_newsletter_access":"","_jetpack_dont_email_post_to_subs":false,"_jetpack_newsletter_tier_id":0,"_jetpack_memberships_contains_paywalled_content":false,"_jetpack_memberships_contains_paid_content":false,"footnotes":""},"categories":[1],"tags":[],"class_list":["post-4648","post","type-post","status-publish","format-standard","hentry","category-sin-categoria"],"jetpack_featured_media_url":"","jetpack_sharing_enabled":true,"jetpack_shortlink":"https:\/\/wp.me\/p4Qcd3-1cY","_links":{"self":[{"href":"https:\/\/lospoliticosveracruz.com.mx\/index.php?rest_route=\/wp\/v2\/posts\/4648","targetHints":{"allow":["GET"]}}],"collection":[{"href":"https:\/\/lospoliticosveracruz.com.mx\/index.php?rest_route=\/wp\/v2\/posts"}],"about":[{"href":"https:\/\/lospoliticosveracruz.com.mx\/index.php?rest_route=\/wp\/v2\/types\/post"}],"author":[{"embeddable":true,"href":"https:\/\/lospoliticosveracruz.com.mx\/index.php?rest_route=\/wp\/v2\/users\/1"}],"replies":[{"embeddable":true,"href":"https:\/\/lospoliticosveracruz.com.mx\/index.php?rest_route=%2Fwp%2Fv2%2Fcomments&post=4648"}],"version-history":[{"count":0,"href":"https:\/\/lospoliticosveracruz.com.mx\/index.php?rest_route=\/wp\/v2\/posts\/4648\/revisions"}],"wp:attachment":[{"href":"https:\/\/lospoliticosveracruz.com.mx\/index.php?rest_route=%2Fwp%2Fv2%2Fmedia&parent=4648"}],"wp:term":[{"taxonomy":"category","embeddable":true,"href":"https:\/\/lospoliticosveracruz.com.mx\/index.php?rest_route=%2Fwp%2Fv2%2Fcategories&post=4648"},{"taxonomy":"post_tag","embeddable":true,"href":"https:\/\/lospoliticosveracruz.com.mx\/index.php?rest_route=%2Fwp%2Fv2%2Ftags&post=4648"}],"curies":[{"name":"wp","href":"https:\/\/api.w.org\/{rel}","templated":true}]}}