{"id":46480,"date":"2019-01-18T21:30:22","date_gmt":"2019-01-19T03:30:22","guid":{"rendered":"http:\/\/www.lospoliticosveracruz.com.mx\/?p=46480"},"modified":"2019-01-18T21:30:22","modified_gmt":"2019-01-19T03:30:22","slug":"las-vacas-y-la-jauria","status":"publish","type":"post","link":"https:\/\/lospoliticosveracruz.com.mx\/?p=46480","title":{"rendered":"Las vacas y la jaur\u00eda"},"content":{"rendered":"<p><strong>Naldy Rodr\u00edguez<\/strong><\/p>\n<p><em>Transparencia 3.0<\/em><\/p>\n<p>\u201cEn una plaza rodeada de \u00e1rboles, con una gran estatua al centro, una jaur\u00eda est\u00e1 devorando a un hombre\u201d. Los perros sacud\u00edan los miembros para \u201carrancar al hueso la carne desgarrada con los dientes\u201d. La escena fue observada por la mujer del m\u00e9dico entre decenas de ciegos, en el relato de\u00a0ficci\u00f3n de Jos\u00e9 Saramago publicado en 1995.<\/p>\n<p>S\u00ed, en \u201cEnsayo sobre la ceguera\u201d expone lo m\u00e1s primitivo de las personas con tal de sobrevivir, pero al final deja ver una luz de esperanza en la sociedad. Mantiene la fe.<\/p>\n<p>Apenas este lunes, decenas de personas observaron\u00a0 una jaur\u00eda que se abalanz\u00f3\u00a0 sobre un tr\u00e1iler que trasportaba ganado en pie y con \u00a0desorden e irracionalidad acabaron con las vacas.<\/p>\n<p>Tras sufrir un accidente entre Ciudad Isla y Cosamaloapan, el tractocami\u00f3n fue abordado por la horda. En peque\u00f1os y grandes grupos, con palos y machetes en\u00a0 mano, golpearon salvajemente a las reses hasta matarlas y destazarlas. Ocurri\u00f3 sobre la autopista y a un costado, sin que nadie intentara evitarlo.<\/p>\n<p>En el mejor de los casos, \u00a0lazaron y hostigaron\u00a0a los semovientes para rob\u00e1rselos. \u201cJ\u00e1lala duro!\u201d y \u201c\u00a1Eh, vaca! Gritaban. Tambi\u00e9n sonaba el machete cuando golpeaban y cortaban la carne. Y por si fuera poco, a unos metros yac\u00eda el cuerpo de un migrante en la carretera, quien muri\u00f3 en el accidente carretero.<\/p>\n<p>Millones m\u00e1s \u201cobservaron\u201d la furia de la manada a trav\u00e9s del celular, la pantalla del ordenador o de la televisi\u00f3n. El video con una duraci\u00f3n de menos de dos minutos se viraliz\u00f3 en las redes sociales en unas cuantas horas y se replic\u00f3 en medios de comunicaci\u00f3n locales\u00a0 y nacionales.<\/p>\n<p>Con anterioridad, y de manera m\u00e1s constante en Veracruz, ya se hab\u00edan registrado actos de rapi\u00f1a: de cerveza, az\u00facar, despensas, queso, productos de limpieza, pero no hab\u00eda queda tan expuesta la naturaleza de la jaur\u00eda humana.<\/p>\n<p>Los \u201crapi\u00f1eros\u201d se han convertido ya en un problema para empresarios y transportistas, afecta su econom\u00eda, sus rutas y operatividad. Tambi\u00e9n expone la violencia y la barbarie en un territorio que urge pacificar.<\/p>\n<p>\u201cLas calles est\u00e1n llenas de ciegos que andan buscando algo que se coma\u201d, bien dice Saramago.<\/p>\n<p>&nbsp;<\/p>\n<p>Twitter @ydlan<\/p>\n<p>Transparencia3.0@hotmail.com<\/p>\n","protected":false},"excerpt":{"rendered":"<p>Naldy Rodr\u00edguez Transparencia 3.0 \u201cEn una plaza rodeada de \u00e1rboles, con una gran estatua al centro, una jaur\u00eda est\u00e1 devorando a un hombre\u201d. Los perros sacud\u00edan los miembros para \u201carrancar al hueso la carne desgarrada con los dientes\u201d. La escena fue observada por la mujer del m\u00e9dico entre decenas de ciegos, en el relato de\u00a0ficci\u00f3n [&hellip;]<\/p>\n","protected":false},"author":2,"featured_media":46481,"comment_status":"open","ping_status":"open","sticky":false,"template":"","format":"standard","meta":{"_jetpack_newsletter_access":"","_jetpack_dont_email_post_to_subs":false,"_jetpack_newsletter_tier_id":0,"_jetpack_memberships_contains_paywalled_content":false,"_jetpack_memberships_contains_paid_content":false,"footnotes":""},"categories":[70],"tags":[13602,3659,13601,10811,5281,13603,195],"class_list":["post-46480","post","type-post","status-publish","format-standard","has-post-thumbnail","hentry","category-de-opinion","tag-ciudad-isla","tag-cosamaloapan","tag-ensayo-sobre-la-ceguera","tag-jose-saramago","tag-naldy-rodriguez","tag-rapineros","tag-veracruz"],"jetpack_featured_media_url":"https:\/\/lospoliticosveracruz.com.mx\/wp-content\/uploads\/2019\/01\/Saramago.jpg","jetpack_sharing_enabled":true,"jetpack_shortlink":"https:\/\/wp.me\/p4Qcd3-c5G","_links":{"self":[{"href":"https:\/\/lospoliticosveracruz.com.mx\/index.php?rest_route=\/wp\/v2\/posts\/46480","targetHints":{"allow":["GET"]}}],"collection":[{"href":"https:\/\/lospoliticosveracruz.com.mx\/index.php?rest_route=\/wp\/v2\/posts"}],"about":[{"href":"https:\/\/lospoliticosveracruz.com.mx\/index.php?rest_route=\/wp\/v2\/types\/post"}],"author":[{"embeddable":true,"href":"https:\/\/lospoliticosveracruz.com.mx\/index.php?rest_route=\/wp\/v2\/users\/2"}],"replies":[{"embeddable":true,"href":"https:\/\/lospoliticosveracruz.com.mx\/index.php?rest_route=%2Fwp%2Fv2%2Fcomments&post=46480"}],"version-history":[{"count":1,"href":"https:\/\/lospoliticosveracruz.com.mx\/index.php?rest_route=\/wp\/v2\/posts\/46480\/revisions"}],"predecessor-version":[{"id":46482,"href":"https:\/\/lospoliticosveracruz.com.mx\/index.php?rest_route=\/wp\/v2\/posts\/46480\/revisions\/46482"}],"wp:featuredmedia":[{"embeddable":true,"href":"https:\/\/lospoliticosveracruz.com.mx\/index.php?rest_route=\/wp\/v2\/media\/46481"}],"wp:attachment":[{"href":"https:\/\/lospoliticosveracruz.com.mx\/index.php?rest_route=%2Fwp%2Fv2%2Fmedia&parent=46480"}],"wp:term":[{"taxonomy":"category","embeddable":true,"href":"https:\/\/lospoliticosveracruz.com.mx\/index.php?rest_route=%2Fwp%2Fv2%2Fcategories&post=46480"},{"taxonomy":"post_tag","embeddable":true,"href":"https:\/\/lospoliticosveracruz.com.mx\/index.php?rest_route=%2Fwp%2Fv2%2Ftags&post=46480"}],"curies":[{"name":"wp","href":"https:\/\/api.w.org\/{rel}","templated":true}]}}