{"id":4649,"date":"2012-09-26T23:18:00","date_gmt":"2012-09-26T23:18:00","guid":{"rendered":"http:\/\/www.lospoliticosveracruz.com.mx\/?p=4649"},"modified":"2014-10-10T03:02:58","modified_gmt":"2014-10-10T03:02:58","slug":"comunicacion-y-violencia","status":"publish","type":"post","link":"https:\/\/lospoliticosveracruz.com.mx\/?p=4649","title":{"rendered":"Comunicaci\u00f3n y violencia"},"content":{"rendered":"<p><b>\u00c1ngel Lara Platas<\/b><\/p>\n<p>Tan r\u00e1pido como lo permite la tecnolog\u00eda lleg\u00f3 a mis manos -as\u00ed se dec\u00eda antes, ahora es bandeja de entrada-, una tira de dibujos elaborados por Joaqu\u00edn Salvador Lavado, mejor conocido como Quino, ni m\u00e1s ni menos que el creador de Mafalda.<br \/>Con esa caracter\u00edstica forma de resumir en cada dibujo toda una problem\u00e1tica social o pol\u00edtica, el genial caricaturista en 8 dibujos reproduce con la crudeza obligada, el rumbo que est\u00e1 tomando el mundo en cuanto a valores y educaci\u00f3n.<br \/>La verdad es una de las mejores cr\u00edticas sobre la educaci\u00f3n que actualmente est\u00e1n recibiendo nuestros hijos.<a name='more'><\/a><br \/>Los personajes son: el pap\u00e1, un afligido bur\u00f3crata cuyo rostro refleja el des\u00e1nimo y la impotencia de cumplir con el papel que la sociedad le ha delegado; y su hijo -peque\u00f1o pero muy observador-, que sin soltar el chup\u00f3n de su diminuta boca escucha atento lo que a manera de ense\u00f1anza le muestra el desconsolado hombre. Se trata de las severas fallas que ha padecido el sistema educativo en lo esencial.<br \/>En el primer dibujo se observa al pap\u00e1 se\u00f1alando un auto, dici\u00e9ndole a su hijo que esas ser\u00e1n sus piernas. En el siguiente, con la mano derecha sobre la peque\u00f1a cabeza y la izquierda apuntando a la computadora, el padre le expresa al peque\u00f1o que ese ser\u00e1 su cerebro.<br \/>Cuando toca el tema del contacto humano, el de la comunicaci\u00f3n entre las personas, le presenta al chico un celular.<br \/>En otra escena, se ve al peque\u00f1\u00edn sentado en las piernas del padre y ambos frente a un televisor. El peque\u00f1o, con un espontaneo gesto de familiaridad, presta particular atenci\u00f3n cuando el hombre le explica que de ese aparato recibir\u00e1 la cultura que necesitar\u00e1 en su vida.<br \/>En el siguiente cuadro el afligido pero pragm\u00e1tico instructor, le muestra dos botes de basura mal oliente al tiempo que le asegura al expectante jovencito, que ah\u00ed encontrar\u00e1 los ideales, la moral y la honestidad.<br \/>En las dos \u00faltimas caricaturas est\u00e1 un D\u00f3lar y un espejo. Del primero le dice que ese ser\u00e1 su dios, y del segundo, que le servir\u00e1 para reflejar su imagen cuando tenga necesidad de amar al pr\u00f3jimo.<br \/>El caricaturista argentino en estos cartones expresa un problema que ya es de patente mundial.<br \/>Resulta dif\u00edcil creer que en los tiempos actuales, cuando la tecnolog\u00eda de la comunicaci\u00f3n est\u00e1 en su cenit, las personas estemos perdiendo el contacto humano y tengamos serias dificultades para entendernos los unos a los otros.<br \/>Un hecho marca este ambiente de decepciones y contradicciones en cuestiones de la comunicaci\u00f3n. Hace pocos d\u00edas, cuando sali\u00f3 a la venta el nuevo equipo port\u00e1til de la empresa Apple, de esos conocidos como celulares, provoc\u00f3 tumultos y disturbios.<br \/>Lo lamentable es que la euforia por adquirir ese peque\u00f1o instrumento de comunicaci\u00f3n, es provocada no por los deseos de comunicarse con los dem\u00e1s, sino para sentirse incluidos en un estilo de vida (estatus social), que sirve m\u00e1s para fomentar el ocio que para suplir la falta de calor comunicativo. Incongruencias de la modernidad.<br \/>La ausencia de comunicaci\u00f3n o la deficiente comunicaci\u00f3n entre padres e hijos, est\u00e1 provocando mayor propensi\u00f3n de los chicos al uso inmoderado del alcohol, abuso de las drogas y la pr\u00e1ctica del sexo promiscuo y, lo m\u00e1s delicado, la proclividad para ganar dinero f\u00e1cil pero il\u00edcito.<br \/>Pareciera que la tecnolog\u00eda en los equipos para comunicarse, no est\u00e1 cumpliendo la funci\u00f3n de fortalecer los lazos del entendimiento entre la gente.<br \/>La violencia es ya un problema global, no es exclusivo de nuestro pa\u00eds. Ha encontrado su nido de incubaci\u00f3n en las fisuras familiares. Las familias desintegradas son las principales aportantes de j\u00f3venes a los \u00e1mbitos delincuenciales.<br \/>Est\u00e1 comprobado que en los pa\u00edses donde la generalidad de familias son consideradas como integradas -mejor a\u00fan si se trata de padres biol\u00f3gicos-, el \u00edndice delincuencial es menor que en aquellos con familias disolutas o con problemas de comunicaci\u00f3n.<br \/>Aunque no tan grave, pero algo similar ocurre con las familias mono parentales, es decir, aquellas donde existe un solo padre.<br \/>Por eso, el problema educativo y la desculturizaci\u00f3n deben combatirse de manera conjunta. No debemos dej\u00e1rselos solamente al estado. Es urgente que la familia haga su tarea, que asuma su responsabilidad.<br \/>Mientras la sociedad no participe con responsabilidad y convicci\u00f3n en la preservaci\u00f3n o recuperaci\u00f3n de los verdaderos valores humanos, ninguna reforma educativa, por m\u00e1s apoyo gubernamental que pudiera tener, cumplir\u00e1 su prop\u00f3sito.<br \/>La aut\u00e9ntica formaci\u00f3n del individuo inicia en la c\u00e9lula de la sociedad, que es la familia.<br \/>La familia debe recobrar su compromiso human\u00edstico para formar, ahora m\u00e1s que nunca, hombres y mujeres que sean capaces de servir a sus semejantes mejorando con su trabajo y su ejemplo la sociedad en que viven.<br \/>Por fortuna, con cierta esperanza se ve que las universidades del mundo tratan ahora de reformarse para recobrar el sentido que les dio vida, pero tambi\u00e9n para estar a la altura de las circunstancias actuales y cumplir su misi\u00f3n con plenitud ayudando a resolver la crisis que padece el hombre de nuestros d\u00edas.<\/p>\n","protected":false},"excerpt":{"rendered":"<p>\u00c1ngel Lara Platas Tan r\u00e1pido como lo permite la tecnolog\u00eda lleg\u00f3 a mis manos -as\u00ed se dec\u00eda antes, ahora es bandeja de entrada-, una tira de dibujos elaborados por Joaqu\u00edn Salvador Lavado, mejor conocido como Quino, ni m\u00e1s ni menos que el creador de Mafalda.Con esa caracter\u00edstica forma de resumir en cada dibujo toda una [&hellip;]<\/p>\n","protected":false},"author":1,"featured_media":0,"comment_status":"open","ping_status":"open","sticky":false,"template":"","format":"standard","meta":{"_jetpack_newsletter_access":"","_jetpack_dont_email_post_to_subs":false,"_jetpack_newsletter_tier_id":0,"_jetpack_memberships_contains_paywalled_content":false,"_jetpack_memberships_contains_paid_content":false,"footnotes":""},"categories":[1],"tags":[],"class_list":["post-4649","post","type-post","status-publish","format-standard","hentry","category-sin-categoria"],"jetpack_featured_media_url":"","jetpack_sharing_enabled":true,"jetpack_shortlink":"https:\/\/wp.me\/p4Qcd3-1cZ","_links":{"self":[{"href":"https:\/\/lospoliticosveracruz.com.mx\/index.php?rest_route=\/wp\/v2\/posts\/4649","targetHints":{"allow":["GET"]}}],"collection":[{"href":"https:\/\/lospoliticosveracruz.com.mx\/index.php?rest_route=\/wp\/v2\/posts"}],"about":[{"href":"https:\/\/lospoliticosveracruz.com.mx\/index.php?rest_route=\/wp\/v2\/types\/post"}],"author":[{"embeddable":true,"href":"https:\/\/lospoliticosveracruz.com.mx\/index.php?rest_route=\/wp\/v2\/users\/1"}],"replies":[{"embeddable":true,"href":"https:\/\/lospoliticosveracruz.com.mx\/index.php?rest_route=%2Fwp%2Fv2%2Fcomments&post=4649"}],"version-history":[{"count":0,"href":"https:\/\/lospoliticosveracruz.com.mx\/index.php?rest_route=\/wp\/v2\/posts\/4649\/revisions"}],"wp:attachment":[{"href":"https:\/\/lospoliticosveracruz.com.mx\/index.php?rest_route=%2Fwp%2Fv2%2Fmedia&parent=4649"}],"wp:term":[{"taxonomy":"category","embeddable":true,"href":"https:\/\/lospoliticosveracruz.com.mx\/index.php?rest_route=%2Fwp%2Fv2%2Fcategories&post=4649"},{"taxonomy":"post_tag","embeddable":true,"href":"https:\/\/lospoliticosveracruz.com.mx\/index.php?rest_route=%2Fwp%2Fv2%2Ftags&post=4649"}],"curies":[{"name":"wp","href":"https:\/\/api.w.org\/{rel}","templated":true}]}}