{"id":4654,"date":"2012-09-25T15:49:00","date_gmt":"2012-09-25T15:49:00","guid":{"rendered":"http:\/\/www.lospoliticosveracruz.com.mx\/?p=4654"},"modified":"2014-10-10T03:02:58","modified_gmt":"2014-10-10T03:02:58","slug":"grafitti-en-xalapa","status":"publish","type":"post","link":"https:\/\/lospoliticosveracruz.com.mx\/?p=4654","title":{"rendered":"Grafitti en Xalapa"},"content":{"rendered":"<p><b>Claudia Constantino<\/b> <br \/><i>Las Cr\u00f3nicas del 2012<\/i>&nbsp;&nbsp;<\/p>\n<div>                Los enemigos de Hern\u00e1n Cort\u00e9s pintaban injurias y sarcasmos para burlarse de \u00e9l, en las paredes de la reci\u00e9n construida ciudad de M\u00e9xico durante la colonia como \u00fanica posibilidad de expresi\u00f3n para desahogar rencores o protestas, amparados por el anonimato y la impunidad. La ma\u00f1ana de ayer, la emblem\u00e1tica Araucaria de Sebasti\u00e1n, aqu\u00ed en Xalapa amaneci\u00f3 con un enorme grafiti en plata y bordes negros hecha con pintura para metal, con toda destreza y transgresi\u00f3n. <br \/>&nbsp; &nbsp; &nbsp; &nbsp; &nbsp; &nbsp; Manifestaciones en la Plaza Lerdo, tomas del palacio municipal por los integrantes del YoSoy 132 y marchas son moneda de uso corriente en la capital de este estado, y a las cuales el Gobernador Javier Duarte solo alude para \u201cmostrarse comprensivo\u201d ante lo que califica como: \u201cel derecho de los veracruzanos a expresarse\u201d, sin darle mayor importancia ni a las demandas, ni a las opiniones adversas.<a name='more'><\/a> <br \/>&nbsp; &nbsp; &nbsp; &nbsp; &nbsp; &nbsp; Los ciudadanos de a pie, piensan que las manifestaciones no sirven de nada que no sea de v\u00e1lvula de escape para la frustraci\u00f3n. Otros, magnifican  los bloqueos de carreteras para hacer escuchar sus exigencias y poner a funcionarios de primer nivel como interlocutores pol\u00edticamente interesados en resolverlas. Unos y otros, sin embargo coinciden en que los resultados a las demandas ciudadanas usualmente son pobres y lentas. <br \/>&nbsp; &nbsp; &nbsp; &nbsp; &nbsp; &nbsp; Los j\u00f3venes han hecho del pa\u00eds en general y de Xalapa en particular un \u00e1mbito m\u00e1s de su fase experimental en la vida, se han apropiado el espacio p\u00fablico para dar lugar a la protesta o la expresi\u00f3n de su modo de pensar, diferente al orden establecido, sin consecuencias funestas felizmente. Porque si bien los cambios a que aspiran vienen como a galope de tortuga, no hay desaparecidos, ni mayor represi\u00f3n que algunos hechos aislados de golpeados, encarcelados por unas cuantas horas o amenazas que nunca pasan de eso. <br \/>&nbsp; &nbsp; &nbsp; &nbsp; &nbsp; &nbsp; La autoridad prudente observa y vigila toda manifestaci\u00f3n de descontento en un M\u00e9xico muy descontento pero tambi\u00e9n muy contenido.  Nos autorregulamos, los estallidos diarios se quedan en improperios en el primer c\u00edrculo de relaciones de los ciudadanos, a lo mucho cobra una mayor proporci\u00f3n dentro de las universidades, m\u00e1s como una celebraci\u00f3n a la disidencia, que como movimiento que salte a las calles, incomode realmente o logre cambios y atenci\u00f3n. <br \/>&nbsp; &nbsp; &nbsp; &nbsp; &nbsp; &nbsp; La alcaldesa de Xalapa capotea a los j\u00f3venes ignor\u00e1ndolos. Manda a limpiar el grafiti de la araucaria de inmediato en silencio total.  No interpreta.  No se da por aludida.  No la toca.  No pasa nada. Lo pasa, a sabiendas que los j\u00f3venes NO. <br \/>Cualquier comentario para esta columna que lee grafiti a: <\/p>\n<p><a href=\"mailto:aerodita_constantino@hotmail.es\">aerodita_constantino@hotmail.es<\/a> <\/p>\n<p>Twitter: @aerodita <\/p>\n<p>Facebook: Claudia Constantino <\/p><\/div>\n","protected":false},"excerpt":{"rendered":"<p>Claudia Constantino Las Cr\u00f3nicas del 2012&nbsp;&nbsp; Los enemigos de Hern\u00e1n Cort\u00e9s pintaban injurias y sarcasmos para burlarse de \u00e9l, en las paredes de la reci\u00e9n construida ciudad de M\u00e9xico durante la colonia como \u00fanica posibilidad de expresi\u00f3n para desahogar rencores o protestas, amparados por el anonimato y la impunidad. La ma\u00f1ana de ayer, la emblem\u00e1tica [&hellip;]<\/p>\n","protected":false},"author":1,"featured_media":0,"comment_status":"open","ping_status":"open","sticky":false,"template":"","format":"standard","meta":{"_jetpack_newsletter_access":"","_jetpack_dont_email_post_to_subs":false,"_jetpack_newsletter_tier_id":0,"_jetpack_memberships_contains_paywalled_content":false,"_jetpack_memberships_contains_paid_content":false,"footnotes":""},"categories":[1],"tags":[],"class_list":["post-4654","post","type-post","status-publish","format-standard","hentry","category-sin-categoria"],"jetpack_featured_media_url":"","jetpack_sharing_enabled":true,"jetpack_shortlink":"https:\/\/wp.me\/p4Qcd3-1d4","_links":{"self":[{"href":"https:\/\/lospoliticosveracruz.com.mx\/index.php?rest_route=\/wp\/v2\/posts\/4654","targetHints":{"allow":["GET"]}}],"collection":[{"href":"https:\/\/lospoliticosveracruz.com.mx\/index.php?rest_route=\/wp\/v2\/posts"}],"about":[{"href":"https:\/\/lospoliticosveracruz.com.mx\/index.php?rest_route=\/wp\/v2\/types\/post"}],"author":[{"embeddable":true,"href":"https:\/\/lospoliticosveracruz.com.mx\/index.php?rest_route=\/wp\/v2\/users\/1"}],"replies":[{"embeddable":true,"href":"https:\/\/lospoliticosveracruz.com.mx\/index.php?rest_route=%2Fwp%2Fv2%2Fcomments&post=4654"}],"version-history":[{"count":0,"href":"https:\/\/lospoliticosveracruz.com.mx\/index.php?rest_route=\/wp\/v2\/posts\/4654\/revisions"}],"wp:attachment":[{"href":"https:\/\/lospoliticosveracruz.com.mx\/index.php?rest_route=%2Fwp%2Fv2%2Fmedia&parent=4654"}],"wp:term":[{"taxonomy":"category","embeddable":true,"href":"https:\/\/lospoliticosveracruz.com.mx\/index.php?rest_route=%2Fwp%2Fv2%2Fcategories&post=4654"},{"taxonomy":"post_tag","embeddable":true,"href":"https:\/\/lospoliticosveracruz.com.mx\/index.php?rest_route=%2Fwp%2Fv2%2Ftags&post=4654"}],"curies":[{"name":"wp","href":"https:\/\/api.w.org\/{rel}","templated":true}]}}