{"id":46598,"date":"2019-01-29T22:33:19","date_gmt":"2019-01-30T04:33:19","guid":{"rendered":"http:\/\/www.lospoliticosveracruz.com.mx\/?p=46598"},"modified":"2019-01-29T22:33:19","modified_gmt":"2019-01-30T04:33:19","slug":"inseguridad-tema-no-bandera","status":"publish","type":"post","link":"https:\/\/lospoliticosveracruz.com.mx\/?p=46598","title":{"rendered":"Inseguridad: tema, no bandera"},"content":{"rendered":"<p><strong>Salvador Mu\u00f1oz<\/strong><\/p>\n<p><em>Los Pol\u00edticos<\/em><\/p>\n<p><span style=\"font-weight: 400;\">La Fiscal\u00eda General del Estado da unas cifras; mientras que el Programa para la Construcci\u00f3n de la Paz da otras que vienen siendo las que maneja Cuitl\u00e1huac Garc\u00eda\u2026 en un momento dado, tales n\u00fameros deben ser de suma importancia para el Gobierno estatal, pero m\u00e1s irrelevantes para el veracruzano\u2026<\/span><\/p>\n<p><span style=\"font-weight: 400;\">En Orizaba, en la zona centro, precisamente donde se dice que comparado al a\u00f1o pasado se baj\u00f3 el \u00edndice delictivo al 21.22 por ciento, la primera reacci\u00f3n que recib\u00ed la ma\u00f1ana del martes por parte de un familiar, fue la incertidumbre que hay despu\u00e9s de que dos d\u00edas seguidos, la semana pasada, a dos unidades de transporte urbano les dispararan all\u00e1 por R\u00edo Blanco. En un caso, no pas\u00f3 del susto; en el otro, hubo heridos.<\/span><\/p>\n<p><span style=\"font-weight: 400;\">\u00bfA qu\u00e9 voy? m\u00e1s que con cifras, las autoridades encargadas de la seguridad y la procuraci\u00f3n de justicia luchan con un enemigo m\u00e1s poderoso que una estad\u00edstica: la percepci\u00f3n. Y si le suma que al titular de Parques y Jardines as\u00ed como Supervisor de Obras, Eric Cisneros Burgos se le ocurre hablar de \u201cactos terroristas\u201d, como que no ayuda mucho&#8230;<\/span><\/p>\n<p><span style=\"font-weight: 400;\">II<\/span><\/p>\n<p><span style=\"font-weight: 400;\">En el Congreso local, hubo dos hechos curiosos.<\/span><\/p>\n<p><span style=\"font-weight: 400;\">1.- La bancada del PAN solicit\u00f3 la comparecencia del titular de Seguridad P\u00fablica del Estado, Hugo Guti\u00e9rrez Maldonado, para que explique la estrategia para combatir la delincuencia; simplemente la propuesta se turn\u00f3 a la Junta de Coordinaci\u00f3n Pol\u00edtica para su revisi\u00f3n y dictamen lo que hace inminente que la propuesta panista simplemente no se cristalice.<\/span><\/p>\n<p><span style=\"font-weight: 400;\">Ahora, \u00bflos veracruzanos ganamos algo con que el secretario de Seguridad P\u00fablica se presente o no ante el Congreso? No s\u00e9 ustedes, pero desde mi punto de vista, muy particular, no\u2026 sinceramente yo prefiero ver pasar una patrulla durante mis caminatas matutinas que ver a Guti\u00e9rrez Maldonado en el Palacio de Encanto\u2026 agrego: es m\u00e1s f\u00e1cil que el secretario de Seguridad P\u00fablica acuda ante algunos medios de comunicaci\u00f3n, que acuda ante los legisladores y ayer mismo ya estaba dando declaraciones a la prensa.<\/span><\/p>\n<p><span style=\"font-weight: 400;\">III<\/span><\/p>\n<p><span style=\"font-weight: 400;\">2.- La diputada Adriana Esther Mart\u00ednez S\u00e1nchez, representante del Distrito VII, present\u00f3 un anteproyecto para exhortar al presidente municipal de Mart\u00ednez de la Torre, Pepe de la Torre a que en el \u00e1mbito de su competencia, implemente acciones para garantizar la seguridad de los habitantes del municipio que gobierna. Y le arrim\u00f3 el caballo diciendo que hay quejas porque el alcalde ocupa a la polic\u00eda municipal para resguardar a sus familiares y cuidar sus empresas.<\/span><\/p>\n<p><span style=\"font-weight: 400;\">Mart\u00ednez de la Torre cuenta con una Polic\u00eda Municipal en universo de 90 elementos para una geograf\u00eda que concentra a 110 mil habitantes y que en una matem\u00e1tica simple, nos dar\u00eda que un guardi\u00e1n del orden tendr\u00eda que encargarse de la seguridad de 1 mil 200 martinenses.<\/span><\/p>\n<p><span style=\"font-weight: 400;\">Se entiende la postura de la diputada as\u00ed como su exigencia, pero si se queja de robos a viviendas y comercios, extorsiones y secuestros, lo que genera intranquilidad e incertidumbre, adem\u00e1s de que el sector empresarial resiente a\u00fan m\u00e1s la violencia e inseguridad al grado de que algunos cierren sus negocios definitivamente, deber\u00eda de exigir el ejemplo que se vive en Orizaba, donde tambi\u00e9n hay Polic\u00eda Municipal:<\/span><\/p>\n<p><span style=\"font-weight: 400;\">All\u00e1, el gobierno del Estado y autoridades municipales como federales, trabajan en conjunto\u2026 si quiere seguridad, deber\u00eda entonces pedir al Gobierno estatal que igual como se coordina con Orizaba, lo haga en Mart\u00ednez\u2026 se lo van a agradecer los martinenses. Misma tarea para el alcalde.<\/span><\/p>\n<p><span style=\"font-weight: 400;\">IV<\/span><\/p>\n<p><span style=\"font-weight: 400;\">El tema de la inseguridad no se resuelve dando cifras por aqu\u00ed ni por all\u00e1\u2026 si bien, no dejan de ser parte activa de mediciones sociales, tampoco ayudan porque el ciudadano no las cree\u2026 ahora, si los panistas quieren conocer las estrategias contra el crimen por parte del secretario de Seguridad P\u00fablica, m\u00e1s que en una comparecencia bien deber\u00eda de ser en una reuni\u00f3n privada\u2026 los primeros interesados en conocer sus estrategias ser\u00edan los delincuentes y as\u00ed como Guti\u00e9rrez Maldonado es accesible a ciertos medios de comunicaci\u00f3n, pues entonces que se acerque el secretario de Seguridad P\u00fablica a los diputados y acuerden cita\u2026 la inseguridad no debe ser bandera pol\u00edtica de nadie, sino un tema al que cada quien, desde su trinchera debe atender con responsabilidad, como esperamos lo haga la diputada Adriana Esther Mart\u00ednez S\u00e1nchez, a quien deseamos ver que el mismo \u00e1nimo de exigencia que impuso al alcalde de Mart\u00ednez, sea igual para el Gobierno estatal\u2026 y haya un trabajo coordinado en bien de sus representados\u2026<\/span><\/p>\n<p>&nbsp;<\/p>\n<p><span style=\"font-weight: 400;\">smcainito@gmail.com<\/span><\/p>\n<p>&nbsp;<\/p>\n","protected":false},"excerpt":{"rendered":"<p>Salvador Mu\u00f1oz Los Pol\u00edticos La Fiscal\u00eda General del Estado da unas cifras; mientras que el Programa para la Construcci\u00f3n de la Paz da otras que vienen siendo las que maneja Cuitl\u00e1huac Garc\u00eda\u2026 en un momento dado, tales n\u00fameros deben ser de suma importancia para el Gobierno estatal, pero m\u00e1s irrelevantes para el veracruzano\u2026 En Orizaba, [&hellip;]<\/p>\n","protected":false},"author":2,"featured_media":46599,"comment_status":"open","ping_status":"open","sticky":false,"template":"","format":"standard","meta":{"_jetpack_newsletter_access":"","_jetpack_dont_email_post_to_subs":false,"_jetpack_newsletter_tier_id":0,"_jetpack_memberships_contains_paywalled_content":false,"_jetpack_memberships_contains_paid_content":false,"footnotes":""},"categories":[70],"tags":[13249,1563,4116,13303,963,1639,13677,13676,177],"class_list":["post-46598","post","type-post","status-publish","format-standard","has-post-thumbnail","hentry","category-de-opinion","tag-adriana-esther-martinez-sanchez","tag-cuitlahuac-garcia-jimenez","tag-fiscalia-general-del-estado","tag-hugo-gutierrez-maldonado","tag-martinez-de-la-torre","tag-orizaba","tag-pepe-de-la-torre","tag-programa-para-la-construccion-de-la-paz","tag-seguridad-publica"],"jetpack_featured_media_url":"https:\/\/lospoliticosveracruz.com.mx\/wp-content\/uploads\/2019\/01\/Orizaba.jpeg","jetpack_sharing_enabled":true,"jetpack_shortlink":"https:\/\/wp.me\/p4Qcd3-c7A","_links":{"self":[{"href":"https:\/\/lospoliticosveracruz.com.mx\/index.php?rest_route=\/wp\/v2\/posts\/46598","targetHints":{"allow":["GET"]}}],"collection":[{"href":"https:\/\/lospoliticosveracruz.com.mx\/index.php?rest_route=\/wp\/v2\/posts"}],"about":[{"href":"https:\/\/lospoliticosveracruz.com.mx\/index.php?rest_route=\/wp\/v2\/types\/post"}],"author":[{"embeddable":true,"href":"https:\/\/lospoliticosveracruz.com.mx\/index.php?rest_route=\/wp\/v2\/users\/2"}],"replies":[{"embeddable":true,"href":"https:\/\/lospoliticosveracruz.com.mx\/index.php?rest_route=%2Fwp%2Fv2%2Fcomments&post=46598"}],"version-history":[{"count":1,"href":"https:\/\/lospoliticosveracruz.com.mx\/index.php?rest_route=\/wp\/v2\/posts\/46598\/revisions"}],"predecessor-version":[{"id":46600,"href":"https:\/\/lospoliticosveracruz.com.mx\/index.php?rest_route=\/wp\/v2\/posts\/46598\/revisions\/46600"}],"wp:featuredmedia":[{"embeddable":true,"href":"https:\/\/lospoliticosveracruz.com.mx\/index.php?rest_route=\/wp\/v2\/media\/46599"}],"wp:attachment":[{"href":"https:\/\/lospoliticosveracruz.com.mx\/index.php?rest_route=%2Fwp%2Fv2%2Fmedia&parent=46598"}],"wp:term":[{"taxonomy":"category","embeddable":true,"href":"https:\/\/lospoliticosveracruz.com.mx\/index.php?rest_route=%2Fwp%2Fv2%2Fcategories&post=46598"},{"taxonomy":"post_tag","embeddable":true,"href":"https:\/\/lospoliticosveracruz.com.mx\/index.php?rest_route=%2Fwp%2Fv2%2Ftags&post=46598"}],"curies":[{"name":"wp","href":"https:\/\/api.w.org\/{rel}","templated":true}]}}