{"id":46605,"date":"2019-01-29T21:39:31","date_gmt":"2019-01-30T03:39:31","guid":{"rendered":"http:\/\/www.lospoliticosveracruz.com.mx\/?p=46605"},"modified":"2019-01-29T21:39:31","modified_gmt":"2019-01-30T03:39:31","slug":"el-reto-un-manejo-integral-de-la-basura","status":"publish","type":"post","link":"https:\/\/lospoliticosveracruz.com.mx\/?p=46605","title":{"rendered":"El reto, un manejo integral de la basura"},"content":{"rendered":"<p><a href=\"http:\/\/www.lospoliticosveracruz.com.mx\/wp-content\/uploads\/2019\/01\/ponentes.jpg\"><img loading=\"lazy\" decoding=\"async\" class=\"aligncenter size-full wp-image-46607\" src=\"http:\/\/www.lospoliticosveracruz.com.mx\/wp-content\/uploads\/2019\/01\/ponentes.jpg\" alt=\"ponentes\" width=\"600\" height=\"398\" srcset=\"https:\/\/lospoliticosveracruz.com.mx\/wp-content\/uploads\/2019\/01\/ponentes.jpg 600w, https:\/\/lospoliticosveracruz.com.mx\/wp-content\/uploads\/2019\/01\/ponentes-300x199.jpg 300w, https:\/\/lospoliticosveracruz.com.mx\/wp-content\/uploads\/2019\/01\/ponentes-360x240.jpg 360w\" sizes=\"auto, (max-width: 600px) 100vw, 600px\" \/><\/a><\/p>\n<p>Con el trabajo y conocimientos que generan los acad\u00e9micos e investigadores de la m\u00e1xima casa de estudios, la labor en la sociedad que realizan en Tetra Hause A.C, as\u00ed como las nuevas tecnolog\u00edas y enfoque integral que propone TRATEC S.A de C.V., se llev\u00f3 a cabo este lunes y martes el primer foro titulado \u201cPresente y Futuro de la Problem\u00e1tica de la Basura: realidad, retos y soluciones\u201d en el Foro Cultural CAUZ en la ciudad de Xalapa, Ver.<\/p>\n<p>Durante 2 d\u00edas los ponentes, directores de carrera de varias ingenier\u00edas de la UV y UPAV, ediles de diversos ayuntamientos, representantes de las asociaciones civiles y p\u00fablico interesado en el problema que representa la gesti\u00f3n de residuos s\u00f3lidos urbanos, dialogaron sobre cu\u00e1les son las alternativas para encontrar una soluci\u00f3n real y dejar de lado el tratamiento paliativo que se ha adoptado como pr\u00e1ctica irresponsable en nuestro pa\u00eds.<\/p>\n<p>Luis Navarro, Director General de TRATEC S.A. de C.V., present\u00f3 su ponencia <strong>\u201cProyecto de Tratamiento y Aprovechamiento de RSU con Tendencia Basura Cero Para Microrregiones\u201d<\/strong>, en la que expuso sobre las tecnolog\u00edas que ellos implementan y son pioneros en el pa\u00eds, ya que ninguna empresa ha atendido a las microrregiones con un enfoque integral y con tendencia <strong>basura cero<\/strong>.<\/p>\n<p><em>Para la mayor\u00eda de las empresas es requisito que les aseguren cantidades mastod\u00f3nticas de basura para invertir con tecnolog\u00eda. Para TRATEC no es as\u00ed, pues ese no es un modelo responsable. \u00a0<\/em><\/p>\n<p><em>Ni que decir de quienes siguen tirando a cielo abierto o proponen rellenos sanitarios. Ambas son pr\u00e1cticas que deben ser sustituidas por tecnolog\u00eda avalada a nivel mundial. <\/em><\/p>\n<p><em>Si empresa, sociedad y gobierno nos unimos, Veracruz puede ser referente en Am\u00e9rica Latina en el manejo de residuos.TRATEC tiene un modelo enfocado a atender las microrregiones que nadie ha tomado en cuenta para invertir con tecnolog\u00eda de punta. El llamado de nosotros es para unirnos y lograr asegurar nuestra vida en el futuro. Nosotros queremos salvar al ecosistema. La academia ya le entr\u00f3 y las asociaciones civiles tambi\u00e9n se est\u00e1n sumando. Confiamos en que el gobierno del estado tambi\u00e9n querr\u00e1 ser protagonista de este esfuerzo, <\/em>declar\u00f3 el director de la empresa.<\/p>\n<p>Por su parte Eduardo Castillo Gonz\u00e1lez, Director de Ingenier\u00eda Civil y catedr\u00e1tico de la Especialidad de Diagn\u00f3stico y Gesti\u00f3n Ambiental (UV), particip\u00f3 con su ponencia \u201cProgramas Municipales para la Gesti\u00f3n Integral de los Residuos\u201d. <em>Hoy nos juntamos el sector acad\u00e9mico, el empresarial y la sociedad. Vamos a seguir trabajando en conjunto y vamos a sumar a nuevos actores a este esfuerzo. Este es el primero de muchos foros y aqu\u00ed estaremos para que el conocimiento sea vinculante y brindemos soluciones integrales para el manejo de residuos en la entidad; <\/em>coment\u00f3 durante su participaci\u00f3n.<\/p>\n<p>As\u00ed tambi\u00e9n, V\u00edctor Guzm\u00e1n, acad\u00e9mico de la An\u00e1huac, coment\u00f3 en su ponencia que <em>el problema de la basura no puede ser solucionado si no se realiza bajo un an\u00e1lisis multicriterio y la incorporaci\u00f3n tecnol\u00f3gica para reducir al m\u00e1ximo los pasivos ambientales.<\/em><\/p>\n<p><em>Los rellenos sanitarios ya no son la soluci\u00f3n, coment\u00f3. <\/em><\/p>\n<p>La audiencia se mostr\u00f3 muy interesada, participativa, sumando al debate y a las soluciones.<\/p>\n<p>La sensibilidad y la responsabilidad con la que se aborden estos temas van a definir la calidad de vida de todos nosotros el d\u00eda de ma\u00f1ana. Ojal\u00e1 que se sigan tomando en cuenta las voces de todos los ciudadanos; coment\u00f3 uno de los asistentes.<\/p>\n<p>&nbsp;<\/p>\n<p><em>\u00a0<\/em><\/p>\n<p>&nbsp;<\/p>\n<p>&nbsp;<\/p>\n<p>&nbsp;<\/p>\n","protected":false},"excerpt":{"rendered":"<p>Con el trabajo y conocimientos que generan los acad\u00e9micos e investigadores de la m\u00e1xima casa de estudios, la labor en la sociedad que realizan en Tetra Hause A.C, as\u00ed como las nuevas tecnolog\u00edas y enfoque integral que propone TRATEC S.A de C.V., se llev\u00f3 a cabo este lunes y martes el primer foro titulado \u201cPresente [&hellip;]<\/p>\n","protected":false},"author":2,"featured_media":46606,"comment_status":"open","ping_status":"open","sticky":false,"template":"","format":"standard","meta":{"_jetpack_newsletter_access":"","_jetpack_dont_email_post_to_subs":false,"_jetpack_newsletter_tier_id":0,"_jetpack_memberships_contains_paywalled_content":false,"_jetpack_memberships_contains_paid_content":false,"footnotes":""},"categories":[72],"tags":[13684,13682,13683,13681,13680,172,96],"class_list":["post-46605","post","type-post","status-publish","format-standard","has-post-thumbnail","hentry","category-palomazos","tag-eduardo-castillo-gonzalez","tag-foro-cultural-cauz","tag-luis-navarro","tag-tetra-hause","tag-tratec","tag-uv","tag-xalapa"],"jetpack_featured_media_url":"https:\/\/lospoliticosveracruz.com.mx\/wp-content\/uploads\/2019\/01\/ponente-luis-navarro.jpg","jetpack_sharing_enabled":true,"jetpack_shortlink":"https:\/\/wp.me\/p4Qcd3-c7H","_links":{"self":[{"href":"https:\/\/lospoliticosveracruz.com.mx\/index.php?rest_route=\/wp\/v2\/posts\/46605","targetHints":{"allow":["GET"]}}],"collection":[{"href":"https:\/\/lospoliticosveracruz.com.mx\/index.php?rest_route=\/wp\/v2\/posts"}],"about":[{"href":"https:\/\/lospoliticosveracruz.com.mx\/index.php?rest_route=\/wp\/v2\/types\/post"}],"author":[{"embeddable":true,"href":"https:\/\/lospoliticosveracruz.com.mx\/index.php?rest_route=\/wp\/v2\/users\/2"}],"replies":[{"embeddable":true,"href":"https:\/\/lospoliticosveracruz.com.mx\/index.php?rest_route=%2Fwp%2Fv2%2Fcomments&post=46605"}],"version-history":[{"count":1,"href":"https:\/\/lospoliticosveracruz.com.mx\/index.php?rest_route=\/wp\/v2\/posts\/46605\/revisions"}],"predecessor-version":[{"id":46608,"href":"https:\/\/lospoliticosveracruz.com.mx\/index.php?rest_route=\/wp\/v2\/posts\/46605\/revisions\/46608"}],"wp:featuredmedia":[{"embeddable":true,"href":"https:\/\/lospoliticosveracruz.com.mx\/index.php?rest_route=\/wp\/v2\/media\/46606"}],"wp:attachment":[{"href":"https:\/\/lospoliticosveracruz.com.mx\/index.php?rest_route=%2Fwp%2Fv2%2Fmedia&parent=46605"}],"wp:term":[{"taxonomy":"category","embeddable":true,"href":"https:\/\/lospoliticosveracruz.com.mx\/index.php?rest_route=%2Fwp%2Fv2%2Fcategories&post=46605"},{"taxonomy":"post_tag","embeddable":true,"href":"https:\/\/lospoliticosveracruz.com.mx\/index.php?rest_route=%2Fwp%2Fv2%2Ftags&post=46605"}],"curies":[{"name":"wp","href":"https:\/\/api.w.org\/{rel}","templated":true}]}}