{"id":46609,"date":"2019-01-30T09:22:26","date_gmt":"2019-01-30T15:22:26","guid":{"rendered":"http:\/\/www.lospoliticosveracruz.com.mx\/?p=46609"},"modified":"2019-01-30T09:22:26","modified_gmt":"2019-01-30T15:22:26","slug":"imss-imparte-cursos-para-declarar-la-prima-del-seguro-de-riesgo-de-trabajo","status":"publish","type":"post","link":"https:\/\/lospoliticosveracruz.com.mx\/?p=46609","title":{"rendered":"IMSS imparte cursos para declarar la Prima del Seguro de Riesgo de Trabajo"},"content":{"rendered":"<p>La Delegaci\u00f3n del Instituto Mexicano del Seguro Social (IMSS) en Veracruz Norte, invita a todos los patrones a cumplir\u00a0 con la Declaraci\u00f3n de la Prima en el Seguro de Riesgo de Trabajo, correspondiente al \u00edndice de siniestralidad del ejercicio 2018, la cual debe hacerse en el mes de febrero del presente a\u00f1o, inform\u00f3 el Titular de la Jefatura de Servicios de Afiliaci\u00f3n y Cobranza, Juan Vicente \u00c1lvarez Reyes.<\/p>\n<p>Por esta raz\u00f3n, para apoyar a los empresarios en cumplir en tiempo y forma con esta obligaci\u00f3n, el Seguro Social impartir\u00e1 cursos de capacitaci\u00f3n completamente gratis, con la finalidad de asesorar al patr\u00f3n o a su representante legal, en las siguientes sedes:<\/p>\n<p>En <strong>Xalapa<\/strong>se desarrollar\u00e1n en la Subdelegaci\u00f3n, con domicilio en \u00darsulo Galv\u00e1n esquina con Balderas, Col. Centro, los d\u00edas 6 y 13 de febrero en horario de 16:00 a 18:00 horas. Para informes y registro de asistencia, llame al: 01 (228) 812 2495 y 817 2584 o a los correos electr\u00f3nicos: <a href=\"mailto:oswaldo.vazquez@imss.gob.mx\">oswaldo.vazquez@imss.gob.mx<\/a>; <a href=\"mailto:judith.mendoza@imss.gob.mx\">judith.mendoza@imss.gob.mx<\/a>; <a href=\"mailto:julia.rosado@imss.gob.mx\">julia.rosado@imss.gob.mx<\/a><\/p>\n<p>Para <strong>Poza Rica<\/strong>, est\u00e1n programados para el 7 y 14 de febrero, en horario de 12:00 a 14:00 horas, en la Sala de juntas y capacitaci\u00f3n de la Subdelegaci\u00f3n con direcci\u00f3n en Boulevard Adolfo Ruiz Cortines S\/N, Colonia M\u00e9xico. Para mayores informes comun\u00edquese al: 01 (782) 822 7288 y\u00a0 822 6500 o a los correos electr\u00f3nicos: <a href=\"mailto:angel.garciam@imss.gob.mx\">angel.garciam@imss.gob.mx<\/a>; <a href=\"mailto:roberto.romeroch@imss.gon.mx\">roberto.romeroch@imss.gon.mx<\/a>.<\/p>\n<p>En <strong>Mart\u00ednez de la Torre<\/strong>, ser\u00e1 el 11 de febrero de 10:00 a 12:00 horas, en la Subdelegaci\u00f3n del Instituto, que se encuentra en Av. Melchor Ocampo No. 240, Esq. Aldama 2\u00ba. Piso. Para informes y registro marque al tel\u00e9fono: 01 (232) 324 2128 y 324 3902 y a los correos: <a href=\"mailto:joaquin.lara@imss.gob.mx\">joaquin.lara@imss.gob.mx<\/a>; <a href=\"mailto:haroldo.vega@imss.gob.mx\">haroldo.vega@imss.gob.mx<\/a><\/p>\n<p>Asimismo en <strong>Veracruz Puerto<\/strong>, se impartir\u00e1 en el Auditorio de la\u00a0 Unidad de Medicina de Alta Especialidad No. 14 \u201cAdolfo Ruiz Cortines\u201d del IMSS, ubicado en la Avenida Cuauht\u00e9moc S\/N, esquina Cervantes y Padilla, los d\u00edas 30 de enero, 6 de febrero del 2019, con horario de 10.00 am a\u00a0 11.30 pm. Para informes llame al: 01 (229) 937 7118 y 935 5899 o a los correos electr\u00f3nicos: <a href=\"mailto:eugenia.garciah@imss.gob.mx\">eugenia.garciah@imss.gob.mx<\/a>; <a href=\"mailto:jose.dominguezba@imss.gob.mx\">jose.dominguezba@imss.gob.mx<\/a>.<\/p>\n<p>En <strong>San Andr\u00e9s Tuxtla<\/strong>, se efectuar\u00e1 el d\u00eda 8 de febrero de 10:00 a 12:00 horas en el Aula Audiovisual de la Subdelegaci\u00f3n, ubicada en Prolongaci\u00f3n Adalberto Tejeda, Col. Primero de mayo. Para precisiones y registro llame a: 01 (294) 942 7797 y 942 8286 o a los correos electr\u00f3nicos: <a href=\"mailto:moises.gonzalezr@imss.gob.mx\">moises.gonzalezr@imss.gob.mx<\/a>; <a href=\"mailto:benjamin.chimal@imss.gob.mx\">benjamin.chimal@imss.gob.mx<\/a>.<\/p>\n<p>Tienen la obligaci\u00f3n de presentarla aquellos patrones que tuvieron trabajadores a su cargo y no cambiaron de actividad econ\u00f3mica durante el ejercicio del 1\u00ba de enero al 31 de diciembre del 2018,\u00a0 cuando al calcular la prima esta resulte diferente a la del a\u00f1o anterior.<\/p>\n<p>No est\u00e1n obligados, aquellos patrones que se encuentren cotizando en la prima m\u00ednima del 0.50000% y que sus trabajadores no hayan sufrido accidentes o enfermedades de trabajo durante el ejercicio del 2018.<\/p>\n<p>La Prima disminuye cuando el \u00edndice de siniestralidad baja (cuando no hay riesgos de trabajo en la empresa), lo anterior sucede, cuando la empresa ha brindado la protecci\u00f3n de sus trabajadores, para que en su ambiente de trabajo no tengan alg\u00fan riesgo o accidente y, aumenta, cuando el \u00edndice de siniestros es mayor y por ende, tiene un impacto en el alza de la prima que debe de pagar el patr\u00f3n al Seguro Social.<\/p>\n<p>Para presentar la Determinaci\u00f3n anual hay tres maneras seguras y f\u00e1ciles de hacerlo: por\u00a0 Internet si cuentas con firma digital\u00a0 NPIE (N\u00famero Patronal de Identificaci\u00f3n Electr\u00f3nica),\u00a0 por IMSS Digital (si cuentas con firma electr\u00f3nica FIEL) es m\u00e1s r\u00e1pido y es seguro; el 90 por ciento de los patrones ya lo hacen as\u00ed, con esto se evitan filas y ahorras tiempo. Aunque tambi\u00e9n puede presentarse en ventanilla, en la Subdelegaci\u00f3n correspondiente, en caso de no contar con firma digital NPIE, ingresa a la\u00a0 p\u00e1gina <a href=\"http:\/\/www.imss.gob.mx\/\">www.imss.gob.mx<\/a>y entregas el archivo generado en la subdelegaci\u00f3n correspondiente.<\/p>\n","protected":false},"excerpt":{"rendered":"<p>La Delegaci\u00f3n del Instituto Mexicano del Seguro Social (IMSS) en Veracruz Norte, invita a todos los patrones a cumplir\u00a0 con la Declaraci\u00f3n de la Prima en el Seguro de Riesgo de Trabajo, correspondiente al \u00edndice de siniestralidad del ejercicio 2018, la cual debe hacerse en el mes de febrero del presente a\u00f1o, inform\u00f3 el Titular [&hellip;]<\/p>\n","protected":false},"author":2,"featured_media":46610,"comment_status":"open","ping_status":"open","sticky":false,"template":"","format":"standard","meta":{"_jetpack_newsletter_access":"","_jetpack_dont_email_post_to_subs":false,"_jetpack_newsletter_tier_id":0,"_jetpack_memberships_contains_paywalled_content":false,"_jetpack_memberships_contains_paid_content":false,"footnotes":""},"categories":[73],"tags":[1208,13687,11159],"class_list":["post-46609","post","type-post","status-publish","format-standard","has-post-thumbnail","hentry","category-de-boleto","tag-imss","tag-prima-en-el-seguro-de-riesgo-de-trabajo","tag-veracruz-norte"],"jetpack_featured_media_url":"https:\/\/lospoliticosveracruz.com.mx\/wp-content\/uploads\/2019\/01\/Seguro.jpeg","jetpack_sharing_enabled":true,"jetpack_shortlink":"https:\/\/wp.me\/p4Qcd3-c7L","_links":{"self":[{"href":"https:\/\/lospoliticosveracruz.com.mx\/index.php?rest_route=\/wp\/v2\/posts\/46609","targetHints":{"allow":["GET"]}}],"collection":[{"href":"https:\/\/lospoliticosveracruz.com.mx\/index.php?rest_route=\/wp\/v2\/posts"}],"about":[{"href":"https:\/\/lospoliticosveracruz.com.mx\/index.php?rest_route=\/wp\/v2\/types\/post"}],"author":[{"embeddable":true,"href":"https:\/\/lospoliticosveracruz.com.mx\/index.php?rest_route=\/wp\/v2\/users\/2"}],"replies":[{"embeddable":true,"href":"https:\/\/lospoliticosveracruz.com.mx\/index.php?rest_route=%2Fwp%2Fv2%2Fcomments&post=46609"}],"version-history":[{"count":1,"href":"https:\/\/lospoliticosveracruz.com.mx\/index.php?rest_route=\/wp\/v2\/posts\/46609\/revisions"}],"predecessor-version":[{"id":46611,"href":"https:\/\/lospoliticosveracruz.com.mx\/index.php?rest_route=\/wp\/v2\/posts\/46609\/revisions\/46611"}],"wp:featuredmedia":[{"embeddable":true,"href":"https:\/\/lospoliticosveracruz.com.mx\/index.php?rest_route=\/wp\/v2\/media\/46610"}],"wp:attachment":[{"href":"https:\/\/lospoliticosveracruz.com.mx\/index.php?rest_route=%2Fwp%2Fv2%2Fmedia&parent=46609"}],"wp:term":[{"taxonomy":"category","embeddable":true,"href":"https:\/\/lospoliticosveracruz.com.mx\/index.php?rest_route=%2Fwp%2Fv2%2Fcategories&post=46609"},{"taxonomy":"post_tag","embeddable":true,"href":"https:\/\/lospoliticosveracruz.com.mx\/index.php?rest_route=%2Fwp%2Fv2%2Ftags&post=46609"}],"curies":[{"name":"wp","href":"https:\/\/api.w.org\/{rel}","templated":true}]}}