{"id":46649,"date":"2019-02-02T11:30:05","date_gmt":"2019-02-02T17:30:05","guid":{"rendered":"http:\/\/www.lospoliticosveracruz.com.mx\/?p=46649"},"modified":"2019-02-02T11:30:05","modified_gmt":"2019-02-02T17:30:05","slug":"gabinete-montessori","status":"publish","type":"post","link":"https:\/\/lospoliticosveracruz.com.mx\/?p=46649","title":{"rendered":"Gabinete Montessori"},"content":{"rendered":"<p><b>Ricardo<\/b> <b>Ch\u00faa<\/b><\/p>\n<p><i>Sale<\/i> y Vale<\/p>\n<p>En este espacio hemos hablado que en Veracruz, Cuitl\u00e1huac Garc\u00eda tiene en su gobierno un \u00abGabinete Montessori\u00bb (Aquel que el propio AMLO lo definiera que ese gabinete es donde cada quien hace lo que quiere)&#8230; Y queda demostrado cuando el secretario de Salud, Roberto Ramos Alor, declar\u00f3 que m\u00e9dicos especialistas del sur del Estado, huyen de la regi\u00f3n por la inseguridad que priva en la zona&#8230;<\/p>\n<p>Para su desgracia&#8230; Ramos Alor, que se ve un excelente m\u00e9dico pero de Estrategia Pol\u00edtica no sabe nada, lo dice cuando hace apenas unos d\u00edas en Minatitlan, a 15 kil\u00f3metros de Coatzacoalcos, el secretario de Gobierno, Eric Cisneros dijo que los NIVELES DE VIOLENCIA BAJARON en el sur de Veracruz&#8230; Esas situaciones denotan que no hay coordinaci\u00f3n en el gobierno estatal&#8230; Siquiera para que no declaren p\u00fablicamente situaciones diferentes de un tema en espec\u00edfico y se vea un GOBIERNO INCONGRUENTE&#8230;<\/p>\n<p>Por lo menos&#8230; P\u00f3nganse de acuerdo para que haya uniformidad en la informaci\u00f3n y no digan que practican la pol\u00edtica de \u00abLa Chimoltrufia\u00bb, aquella de que: \u00abAs\u00ed como digo una cosa&#8230; Digo otra\u00bb&#8230; Y eso es culpa del Jefe de la Oficina del Gobierno del Estado, que es contigua a la oficina de Cuitl\u00e1huac Garc\u00eda&#8230; Es qui\u00e9n debe coordinar esos trabajos&#8230; Pero tambi\u00e9n luce por su ausencia&#8230; Ahora a qui\u00e9n creerle: a Ramos Alor o Patrocinio Cisneros&#8230; No es posible tanta IMPROVISACI\u00d3N..<\/p>\n<p>SIN REMITENTE&#8230; Lo dicho por Rocio Nahle, secretaria de Energ\u00eda del gobierno de L\u00f3pez Obrador, difundido en redes sociales que: \u00abPemex est\u00e1 m\u00e1s fuerte que nunca y no confiamos en la calificaci\u00f3n de Fitch\u00bb&#8230;. Por favor, que alguien le diga a la senadora con licencia que \u00abcalladita se ve hasta m\u00e1s bonita\u00bb&#8230; Que no entendi\u00f3 el mensaje de Mike Pompeo&#8230; Qu\u00e9 no hay un economista en SENER que le diga algo&#8230; Si ya nos va a COSTAR Y CARO lo dicho por AMLO y ahora Nahle le sigue&#8230; Eso afectar\u00e1 a su \u00abcomarca\u00bb: Coatzacoalcos&#8230;<\/p>\n<p>Es extra\u00f1o que la se\u00f1ora, ingeniera petrolera, de MORENA pero act\u00faa como pol\u00edtica priista porque pacta hasta con \u00abEl Diablo\u00bb (Bueno AMLO tambi\u00e9n lo hace), que se considera una mujer inteligente, pese a que no deja que nadie \u00abbrille\u00bb a su lado&#8230; No se de cuenta y trate de \u00abcalmar los \u00e1nimos\u00bb de las calificadoras&#8230; Cuando ella tiene encima el desabasto de gasolina y le falta el tema de Texas&#8230;. No entienda que M\u00e9xico no es una isla&#8230; Est\u00e1 dentro de un mundo globalizado&#8230; Que grave declaraci\u00f3n hizo&#8230;<\/p>\n<p>Con esto se demuestra que la legisladora NO ES ESTADISTA&#8230; S\u00f3lo \u00abfiel\u00bb seguidora a una figura pol\u00edtica que ya se desgast\u00f3&#8230; Y qu\u00e9 le pregunte a los gobernadores de MORENA qu\u00e9 van a decir cuando la crisis llegue a sus Estados por el tema Pemex&#8230; Acaso cree que Cuitl\u00e1huac o la Shienbaum meter\u00e1n las \u00abmanos\u00bb por ella&#8230; El hecho que en Veracruz tenga \u00abcercado\u00bb al Gobernador, no significa que este no pueda \u00abchillar\u00bb y se de esta \u00abruptura\u00bb final&#8230; En una relaci\u00f3n que se mantiene con \u00abpinzas\u00bb&#8230;<\/p>\n<p>Lo m\u00e1s sensato sobre el an\u00e1lisis de esta declaraci\u00f3n hecha por la titular de SENER&#8230; Fue lo que escribi\u00f3 la polit\u00f3loga Danise Dresser que dice: \u00abTodos a persignarse y rezar en la iglesia de San Rocio Nahle, porque creer lo que afirma no es un acto de raz\u00f3n, es un acto de f\u00e9\u00bb&#8230; En pocas palabras le dijo: \u00abAMLOVER\u00bb o fan\u00e1tica&#8230; Que es lo mismo&#8230; Por eso MORENA no es un partido pol\u00edtico o un movimiento sino una SECTA&#8230; Eso queda claro, con una ingeniera petrolera que ha sido legisladora y \u00abcabeza\u00bb de un grupo pol\u00edtico&#8230;<\/p>\n<p>Y al final, el comentario hecho por Eduardo de la Torre, analista pol\u00edtico veracruzano que refiere: \u00abDeber\u00eda ser comentarista deportiva&#8230; Le har\u00eda menos da\u00f1o al pa\u00eds y nos podr\u00eda divertir m\u00e1s\u00bb&#8230; Al final de cuentas, por una raz\u00f3n u otra&#8230; S\u00f3lo queda pensar que la titular de SENER hace estas afirmaciones porque desconoce del tema&#8230; Ya que si lo dice con conocimiento de causa, entonces, estamos hablando de una gran incapacidad para tener este cargo en la administraci\u00f3n p\u00fablica federal&#8230; Y si es as\u00ed&#8230; DIOS NOS LIBRE&#8230; Ya que estamos rezando&#8230;<\/p>\n<p>LA AMENAZA ELEGANTE&#8230; Ayer el Fis-Cul\u00edn Bravo se llev\u00f3 el \u00abshow\u00bb en Pacho Viejo cuando le suspendieron la audiencia para seguir su proceso en libertad y fue regresado de nuevo el penal&#8230; Y el \u00abespect\u00e1culo\u00bb no fue por la acusaci\u00f3n que lanz\u00f3 contra el Fiscal, Jorge Winckler, de tenerlo preso y que por su culpa no puede quedar libre para seguir defendi\u00e9ndose desde la calle&#8230; NOU&#8230; El tema fue otro&#8230; Lo que llam\u00f3 la atenci\u00f3n que las autoridades de Seguridad P\u00fablica lo dejaran declarar a los medios de comunicaci\u00f3n cuando lleva un proceso penal&#8230;<\/p>\n<p>No, lo que llam\u00f3 la atenci\u00f3n es que Bravo Contreras, es un preso que viste a la moda&#8230; Ya que a pesar de estar en el \u00abbote\u00bb, ocupa un su\u00e9ter \u00abCarolina Herrera\u00bb CH.. Cuyo precio oscila en 8 mil pesitos&#8230; Asssuuu que envidia y de la buena&#8230; No cabe duda, el ex Fiscal es una \u00abamenaza elegante\u00bb para Winckler&#8230; Hasta encontr\u00f3 el color naranja el obligatorio para todo preso en este penal&#8230; El Cul\u00edn viste a la moda&#8230; Y, por eso, ni un cabello estaba fuera de lugar cuando litigaba o era funcionario del IVAI o FGE&#8230; AMEN&#8230;<\/p>\n","protected":false},"excerpt":{"rendered":"<p>Ricardo Ch\u00faa Sale y Vale En este espacio hemos hablado que en Veracruz, Cuitl\u00e1huac Garc\u00eda tiene en su gobierno un \u00abGabinete Montessori\u00bb (Aquel que el propio AMLO lo definiera que ese gabinete es donde cada quien hace lo que quiere)&#8230; Y queda demostrado cuando el secretario de Salud, Roberto Ramos Alor, declar\u00f3 que m\u00e9dicos especialistas [&hellip;]<\/p>\n","protected":false},"author":2,"featured_media":46651,"comment_status":"open","ping_status":"open","sticky":false,"template":"","format":"standard","meta":{"_jetpack_newsletter_access":"","_jetpack_dont_email_post_to_subs":false,"_jetpack_newsletter_tier_id":0,"_jetpack_memberships_contains_paywalled_content":false,"_jetpack_memberships_contains_paid_content":false,"footnotes":""},"categories":[70],"tags":[13561,12299,12606],"class_list":["post-46649","post","type-post","status-publish","format-standard","has-post-thumbnail","hentry","category-de-opinion","tag-cuitlahauc-garcia-jimenez","tag-eric-cisneros-burgos","tag-roberto-ramos-alor"],"jetpack_featured_media_url":"https:\/\/lospoliticosveracruz.com.mx\/wp-content\/uploads\/2019\/02\/A8B9605E-4CCF-407E-94B4-97DB9E86DBCD.jpeg","jetpack_sharing_enabled":true,"jetpack_shortlink":"https:\/\/wp.me\/p4Qcd3-c8p","_links":{"self":[{"href":"https:\/\/lospoliticosveracruz.com.mx\/index.php?rest_route=\/wp\/v2\/posts\/46649","targetHints":{"allow":["GET"]}}],"collection":[{"href":"https:\/\/lospoliticosveracruz.com.mx\/index.php?rest_route=\/wp\/v2\/posts"}],"about":[{"href":"https:\/\/lospoliticosveracruz.com.mx\/index.php?rest_route=\/wp\/v2\/types\/post"}],"author":[{"embeddable":true,"href":"https:\/\/lospoliticosveracruz.com.mx\/index.php?rest_route=\/wp\/v2\/users\/2"}],"replies":[{"embeddable":true,"href":"https:\/\/lospoliticosveracruz.com.mx\/index.php?rest_route=%2Fwp%2Fv2%2Fcomments&post=46649"}],"version-history":[{"count":1,"href":"https:\/\/lospoliticosveracruz.com.mx\/index.php?rest_route=\/wp\/v2\/posts\/46649\/revisions"}],"predecessor-version":[{"id":46650,"href":"https:\/\/lospoliticosveracruz.com.mx\/index.php?rest_route=\/wp\/v2\/posts\/46649\/revisions\/46650"}],"wp:featuredmedia":[{"embeddable":true,"href":"https:\/\/lospoliticosveracruz.com.mx\/index.php?rest_route=\/wp\/v2\/media\/46651"}],"wp:attachment":[{"href":"https:\/\/lospoliticosveracruz.com.mx\/index.php?rest_route=%2Fwp%2Fv2%2Fmedia&parent=46649"}],"wp:term":[{"taxonomy":"category","embeddable":true,"href":"https:\/\/lospoliticosveracruz.com.mx\/index.php?rest_route=%2Fwp%2Fv2%2Fcategories&post=46649"},{"taxonomy":"post_tag","embeddable":true,"href":"https:\/\/lospoliticosveracruz.com.mx\/index.php?rest_route=%2Fwp%2Fv2%2Ftags&post=46649"}],"curies":[{"name":"wp","href":"https:\/\/api.w.org\/{rel}","templated":true}]}}