{"id":46751,"date":"2019-02-09T14:06:35","date_gmt":"2019-02-09T20:06:35","guid":{"rendered":"http:\/\/www.lospoliticosveracruz.com.mx\/?p=46751"},"modified":"2019-02-09T14:06:54","modified_gmt":"2019-02-09T20:06:54","slug":"conlasabuelasno","status":"publish","type":"post","link":"https:\/\/lospoliticosveracruz.com.mx\/?p=46751","title":{"rendered":"#ConLasAbuelasNo"},"content":{"rendered":"<p><strong>Naldy Rodr\u00edguez<\/strong><\/p>\n<p><em>Transparencia 3.0<\/em><\/p>\n<p>Mi abuela nunca me cuid\u00f3, a pesar de que su hija trabajaba largas jornadas (de lunes a viernes y s\u00e1bado medio d\u00eda)&#8230; y mi madre en pocas ocasiones ha cuidado a sus nietas, no por falta de ganas sino porque se encontraba laborando y ahora por la distancia f\u00edsica que las separa.<\/p>\n<p>Alguna vez intent\u00e9 decirle a mi suegra que me cuidara a las ni\u00f1as un par de horas para ir al cine y su hija fue la que respondi\u00f3 con prontitud que \u201csu mam\u00e1 no estaba para eso\u201d. Ten\u00eda raz\u00f3n. Tambi\u00e9n trabajaba y siempre se mantuvo activa hasta los \u00faltimos d\u00edas de su vida.<\/p>\n<p>Hay quienes han puesto en duda la capacidad de una abuela para cuidar a sus nietos. No es mi caso, de ninguna manera. Por supuesto que tienen sobradas habilidades para ello, lo que les puede faltar es la energ\u00eda y paciencia, pero sobre todo no es su responsabilidad, es de sus hijos o hijas.<\/p>\n<p>Muchas de ellas viven una etapa de paz y tranquilidad, ya pasaron por los altibajos del trabajo diario con la atenci\u00f3n del hogar y la familia; otras se mantienen activas por necesidad o por vocaci\u00f3n; y algunas m\u00e1s atraviesan dif\u00edciles momentos de enfermedad o achaques propios de la edad.<\/p>\n<p>Se debe considerar tambi\u00e9n que los adultos mayores forman parte de los llamados grupos vulnerables y que, de acuerdo a jurisprudencia nacional e internacional, deben recibir una \u201cespecial protecci\u00f3n por parte de los \u00f3rganos del Estado\u201d. \u00a0En la tesis 1a. CCXXIV\/2015, que por cierto cont\u00f3 con el voto a favor de Olga S\u00e1nchez Cordero, se pone de manifiesto que \u201csu avanzada edad los coloca con frecuencia en una situaci\u00f3n de dependencia familiar, discriminaci\u00f3n e incluso abandono\u201d.<\/p>\n<p>La Encuesta Nacional de Ocupaci\u00f3n y Empleo (ENOE), en sus datos del segundo trimestre de 2018, establece que el porcentaje de poblaci\u00f3n de 60 a\u00f1os o m\u00e1s econ\u00f3micamente activa es de 34.1 por ciento y casi la mitad de ese sector en M\u00e9xico trabaja por cuenta propia.<\/p>\n<p>Las estancias infantiles atendieron a un sector de la poblaci\u00f3n que las guarder\u00edas privadas ni las del Seguro Social e Issste fueron capaces de satisfacer por costosas o por saturadas. La atenci\u00f3n es buena y oportuna para los menores a partir de un a\u00f1o y hasta antes de la edad preescolar. En su momento, los 613 espacios en el estado de Veracruz tuvieron que atender reglas, capacitaciones, medidas de seguridad y protecci\u00f3n civil para obtener el subsidio de 950 pesos mensuales por cada ni\u00f1a o ni\u00f1o.<\/p>\n<p>Algunos de los requisitos para que pudieran estar en operaci\u00f3n son: Certificaci\u00f3n en Cuidado y atenci\u00f3n Infantil, programa Interno de Protecci\u00f3n Civil y anuencia del ayuntamiento, p\u00f3liza vigente de responsabilidad civil y al responsable escolaridad m\u00ednima de Preparatoria, RFC, prueba psicom\u00e9trica, documentos personales de identificaci\u00f3n Y cada a\u00f1o se actualizaban los cursos de primeros auxilios y seguridad y respuesta ante emergencias.<\/p>\n<p>Desaparecer de tajo todo lo que huela a corrupci\u00f3n es una visi\u00f3n miope de quienes gobiernan, las cosas que han venido funcionando, aunque sean de partidos pol\u00edticos distintos, debe mantenerse y mejorarse para evitar casos de irregularidades, como las que ahora se denuncia de manera poco clara.<\/p>\n<p>Y a final de cuentas, \u00bfpor qu\u00e9 las autoridades federales no incluyen en su proyecci\u00f3n a los abuelos?, \u00bfpor qu\u00e9 solo cargarle la mano a la mujer? Seguramente por los estereotipos. Las mujeres son las cuidadoras, lo olvidaba.<\/p>\n<p>&nbsp;<\/p>\n<p>Twitter @ydlan<\/p>\n<p>Transparencia3.0@hotmail.com<\/p>\n","protected":false},"excerpt":{"rendered":"<p>Naldy Rodr\u00edguez Transparencia 3.0 Mi abuela nunca me cuid\u00f3, a pesar de que su hija trabajaba largas jornadas (de lunes a viernes y s\u00e1bado medio d\u00eda)&#8230; y mi madre en pocas ocasiones ha cuidado a sus nietas, no por falta de ganas sino porque se encontraba laborando y ahora por la distancia f\u00edsica que las [&hellip;]<\/p>\n","protected":false},"author":2,"featured_media":46752,"comment_status":"open","ping_status":"open","sticky":false,"template":"","format":"standard","meta":{"_jetpack_newsletter_access":"","_jetpack_dont_email_post_to_subs":false,"_jetpack_newsletter_tier_id":0,"_jetpack_memberships_contains_paywalled_content":false,"_jetpack_memberships_contains_paid_content":false,"footnotes":""},"categories":[70],"tags":[7461,13810,1208,895,395,5281,687,206,195],"class_list":["post-46751","post","type-post","status-publish","format-standard","has-post-thumbnail","hentry","category-de-opinion","tag-encuesta-nacional-de-ocupacion-y-empleo","tag-enoe","tag-imss","tag-issste","tag-mexico","tag-naldy-rodriguez","tag-olga-sanchez-cordero","tag-proteccion-civil","tag-veracruz"],"jetpack_featured_media_url":"https:\/\/lospoliticosveracruz.com.mx\/wp-content\/uploads\/2019\/02\/Abuela.jpg","jetpack_sharing_enabled":true,"jetpack_shortlink":"https:\/\/wp.me\/p4Qcd3-ca3","_links":{"self":[{"href":"https:\/\/lospoliticosveracruz.com.mx\/index.php?rest_route=\/wp\/v2\/posts\/46751","targetHints":{"allow":["GET"]}}],"collection":[{"href":"https:\/\/lospoliticosveracruz.com.mx\/index.php?rest_route=\/wp\/v2\/posts"}],"about":[{"href":"https:\/\/lospoliticosveracruz.com.mx\/index.php?rest_route=\/wp\/v2\/types\/post"}],"author":[{"embeddable":true,"href":"https:\/\/lospoliticosveracruz.com.mx\/index.php?rest_route=\/wp\/v2\/users\/2"}],"replies":[{"embeddable":true,"href":"https:\/\/lospoliticosveracruz.com.mx\/index.php?rest_route=%2Fwp%2Fv2%2Fcomments&post=46751"}],"version-history":[{"count":2,"href":"https:\/\/lospoliticosveracruz.com.mx\/index.php?rest_route=\/wp\/v2\/posts\/46751\/revisions"}],"predecessor-version":[{"id":46754,"href":"https:\/\/lospoliticosveracruz.com.mx\/index.php?rest_route=\/wp\/v2\/posts\/46751\/revisions\/46754"}],"wp:featuredmedia":[{"embeddable":true,"href":"https:\/\/lospoliticosveracruz.com.mx\/index.php?rest_route=\/wp\/v2\/media\/46752"}],"wp:attachment":[{"href":"https:\/\/lospoliticosveracruz.com.mx\/index.php?rest_route=%2Fwp%2Fv2%2Fmedia&parent=46751"}],"wp:term":[{"taxonomy":"category","embeddable":true,"href":"https:\/\/lospoliticosveracruz.com.mx\/index.php?rest_route=%2Fwp%2Fv2%2Fcategories&post=46751"},{"taxonomy":"post_tag","embeddable":true,"href":"https:\/\/lospoliticosveracruz.com.mx\/index.php?rest_route=%2Fwp%2Fv2%2Ftags&post=46751"}],"curies":[{"name":"wp","href":"https:\/\/api.w.org\/{rel}","templated":true}]}}