{"id":46763,"date":"2019-02-10T16:37:05","date_gmt":"2019-02-10T22:37:05","guid":{"rendered":"http:\/\/www.lospoliticosveracruz.com.mx\/?p=46763"},"modified":"2019-02-10T16:37:05","modified_gmt":"2019-02-10T22:37:05","slug":"vota-chalo-guizar-por-mantener-un-fiscal-autonomo","status":"publish","type":"post","link":"https:\/\/lospoliticosveracruz.com.mx\/?p=46763","title":{"rendered":"Vota Chalo Gu\u00edzar por mantener un Fiscal aut\u00f3nomo,"},"content":{"rendered":"<p>Fiscal\u00eda del Estado no debe estar dirigida<br \/>\npol\u00edticamente, urge respetar autonom\u00eda: Gu\u00edzar<br \/>\nXalapa. -El diputado Gonzalo Gu\u00edzar Valladares, destac\u00f3 que vot\u00f3 en contra del juicio pol\u00edtico que se le sigue al Fiscal del Estado, Jorge Winckler Ortiz, porque la procuraci\u00f3n de justicia no puede ni debe estar dirigida pol\u00edticamente y menos a capricho. Neg\u00f3 que tenga intereses personales en este caso.<br \/>\nEn entrevista, dejo en claro que como diputado votar\u00e1 a favor de una reforma legislativa y de otros temas que se sometan a consideraci\u00f3n del pleno del Congreso del Estado, siempre que favorezcan el bienestar de los veracruzanos, \u201cvenga de quien venga la propuesta\u201d<br \/>\nRecord\u00f3 que en las pasadas elecciones el pueblo voto mayoritariamente por el partido Morena, con la esperanza de un cambio que transformara profundamente al pa\u00eds y en consecuencia a Veracruz.<br \/>\n\u201cLos gobernantes y representantes populares electos ya en funciones, tienen la absoluta legitimidad y libertad para implementar pol\u00edticas p\u00fablicas, proponer reformas constitucionales, redise\u00f1ar e innovar la forma de ejercer el poder, abatir la corrupci\u00f3n, y atender muchas otras demandas de la poblaci\u00f3n\u201d<br \/>\nSin embargo, en un estado democr\u00e1tico y de derecho, nadie, absolutamente nadie, puede estar por encima de la Ley, la Constituci\u00f3n Pol\u00edtica, las Instituciones Democr\u00e1ticas, \u201ctanto partidos como gobernante, estamos limitados por la Ley y debemos ser respetuosos\u201d, Dijo.<br \/>\nEn este contexto reiter\u00f3 que su voto en contra del juicio pol\u00edtico no fue por proteger a una persona en concreto, y menos por intereses personales o de grupo, fue por resguardar su autonom\u00eda de decisi\u00f3n como diputado.<br \/>\nLament\u00f3 que en este proceso que se sigue a winckler, se pretenda violentar la ley, y en lo personal est\u00e1 convencido que Instituciones como la Fiscal\u00eda se deben fortalecer y no depender de un poder pol\u00edtico.<br \/>\n\u201cLa procuraci\u00f3n de justicia no puede ni debe estar dirigida pol\u00edticamente a capricho o a modo, ser\u00eda delicad\u00edsimo que se viole la Constituci\u00f3n Pol\u00edtica y todo el procedimiento para destituir a un Fiscal e imponer a otro.<br \/>\nCuestion\u00f3, \u201cQue pasar\u00e1 cuando se realicen las investigaciones ministeriales, El nuevo fiscal que nombre. Tendr\u00e1 autonom\u00eda de decisi\u00f3n, O en su caso, si recibe una orden de quien lo impuso: \u00bfSe negar\u00e1 a cumplirla?\u201d<br \/>\nConcluy\u00f3 que es muy importante que en Veracruz se tenga una Fiscal\u00eda aut\u00f3noma, actualmente poca credibilidad se tiene en las Instituciones, urge renovar, reformar, mejorar, principalmente en las tareas de investigaci\u00f3n e impartici\u00f3n de justicia, pero jam\u00e1s violentar la ley.<\/p>\n","protected":false},"excerpt":{"rendered":"<p>Fiscal\u00eda del Estado no debe estar dirigida pol\u00edticamente, urge respetar autonom\u00eda: Gu\u00edzar Xalapa. -El diputado Gonzalo Gu\u00edzar Valladares, destac\u00f3 que vot\u00f3 en contra del juicio pol\u00edtico que se le sigue al Fiscal del Estado, Jorge Winckler Ortiz, porque la procuraci\u00f3n de justicia no puede ni debe estar dirigida pol\u00edticamente y menos a capricho. Neg\u00f3 que [&hellip;]<\/p>\n","protected":false},"author":2,"featured_media":46766,"comment_status":"open","ping_status":"open","sticky":false,"template":"","format":"standard","meta":{"_jetpack_newsletter_access":"","_jetpack_dont_email_post_to_subs":false,"_jetpack_newsletter_tier_id":0,"_jetpack_memberships_contains_paywalled_content":false,"_jetpack_memberships_contains_paid_content":false,"footnotes":""},"categories":[73],"tags":[11684,438,6150,4903],"class_list":["post-46763","post","type-post","status-publish","format-standard","has-post-thumbnail","hentry","category-de-boleto","tag-fiscalia-general-de-veracruz","tag-gonzalo-guizar-valladares","tag-jorge-winckler-ortiz","tag-juicio-politico"],"jetpack_featured_media_url":"https:\/\/lospoliticosveracruz.com.mx\/wp-content\/uploads\/2019\/02\/B1C4C8A3-4249-46A3-B2CA-21AF038C91BB.jpeg","jetpack_sharing_enabled":true,"jetpack_shortlink":"https:\/\/wp.me\/p4Qcd3-caf","_links":{"self":[{"href":"https:\/\/lospoliticosveracruz.com.mx\/index.php?rest_route=\/wp\/v2\/posts\/46763","targetHints":{"allow":["GET"]}}],"collection":[{"href":"https:\/\/lospoliticosveracruz.com.mx\/index.php?rest_route=\/wp\/v2\/posts"}],"about":[{"href":"https:\/\/lospoliticosveracruz.com.mx\/index.php?rest_route=\/wp\/v2\/types\/post"}],"author":[{"embeddable":true,"href":"https:\/\/lospoliticosveracruz.com.mx\/index.php?rest_route=\/wp\/v2\/users\/2"}],"replies":[{"embeddable":true,"href":"https:\/\/lospoliticosveracruz.com.mx\/index.php?rest_route=%2Fwp%2Fv2%2Fcomments&post=46763"}],"version-history":[{"count":2,"href":"https:\/\/lospoliticosveracruz.com.mx\/index.php?rest_route=\/wp\/v2\/posts\/46763\/revisions"}],"predecessor-version":[{"id":46765,"href":"https:\/\/lospoliticosveracruz.com.mx\/index.php?rest_route=\/wp\/v2\/posts\/46763\/revisions\/46765"}],"wp:featuredmedia":[{"embeddable":true,"href":"https:\/\/lospoliticosveracruz.com.mx\/index.php?rest_route=\/wp\/v2\/media\/46766"}],"wp:attachment":[{"href":"https:\/\/lospoliticosveracruz.com.mx\/index.php?rest_route=%2Fwp%2Fv2%2Fmedia&parent=46763"}],"wp:term":[{"taxonomy":"category","embeddable":true,"href":"https:\/\/lospoliticosveracruz.com.mx\/index.php?rest_route=%2Fwp%2Fv2%2Fcategories&post=46763"},{"taxonomy":"post_tag","embeddable":true,"href":"https:\/\/lospoliticosveracruz.com.mx\/index.php?rest_route=%2Fwp%2Fv2%2Ftags&post=46763"}],"curies":[{"name":"wp","href":"https:\/\/api.w.org\/{rel}","templated":true}]}}