{"id":46781,"date":"2019-02-12T13:51:43","date_gmt":"2019-02-12T19:51:43","guid":{"rendered":"http:\/\/www.lospoliticosveracruz.com.mx\/?p=46781"},"modified":"2019-02-12T13:51:43","modified_gmt":"2019-02-12T19:51:43","slug":"romero-gil-al-imss-veracruz-norte","status":"publish","type":"post","link":"https:\/\/lospoliticosveracruz.com.mx\/?p=46781","title":{"rendered":"Romero Gil, al IMSS Veracruz Norte"},"content":{"rendered":"<p>El Consejo T\u00e9cnico design\u00f3 como Encargado del Despacho de la Delegaci\u00f3n Regional del IMSS en Veracruz Norte, al maestro \u00c1ngel Ulises Romero Gil, quien releva al maestro Israel Garc\u00eda \u00cd\u00f1iguez.<\/p>\n<p>El maestro Romero Gil tiene la encomienda del Director General de robustecer las prestaciones m\u00e9dicas, econ\u00f3micas, sociales y de afiliaci\u00f3n cobranza con trasparec\u00eda y rendici\u00f3n de cuentas.<\/p>\n<p>\u00c9l es originario del estado de Veracruz, egresado de la licenciatura en Derecho por la Universidad Veracruzana y de la maestr\u00eda en Derechos Humanos y Amparo por la Universidad de Xalapa.<\/p>\n<p>Cuenta con una trayectoria de m\u00e1s de 13 a\u00f1os en el IMSS, organismo en el cual ha desempe\u00f1ado diversos cargos, siendo su \u00faltima responsabilidad como titular de la Jefatura de Servicios Jur\u00eddicos.<\/p>\n","protected":false},"excerpt":{"rendered":"<p>El Consejo T\u00e9cnico design\u00f3 como Encargado del Despacho de la Delegaci\u00f3n Regional del IMSS en Veracruz Norte, al maestro \u00c1ngel Ulises Romero Gil, quien releva al maestro Israel Garc\u00eda \u00cd\u00f1iguez. El maestro Romero Gil tiene la encomienda del Director General de robustecer las prestaciones m\u00e9dicas, econ\u00f3micas, sociales y de afiliaci\u00f3n cobranza con trasparec\u00eda y rendici\u00f3n [&hellip;]<\/p>\n","protected":false},"author":2,"featured_media":46783,"comment_status":"open","ping_status":"open","sticky":false,"template":"","format":"standard","meta":{"_jetpack_newsletter_access":"","_jetpack_dont_email_post_to_subs":false,"_jetpack_newsletter_tier_id":0,"_jetpack_memberships_contains_paywalled_content":false,"_jetpack_memberships_contains_paid_content":false,"footnotes":""},"categories":[73],"tags":[8889,1208,12830,219,11159],"class_list":["post-46781","post","type-post","status-publish","format-standard","has-post-thumbnail","hentry","category-de-boleto","tag-centro-de-iniciacion-musical-infantil-de-la-universidad-veracruzana","tag-imss","tag-israel-garcia-iniguez","tag-universidad-veracruzana","tag-veracruz-norte"],"jetpack_featured_media_url":"https:\/\/lospoliticosveracruz.com.mx\/wp-content\/uploads\/2019\/02\/IMSS.jpg","jetpack_sharing_enabled":true,"jetpack_shortlink":"https:\/\/wp.me\/p4Qcd3-cax","_links":{"self":[{"href":"https:\/\/lospoliticosveracruz.com.mx\/index.php?rest_route=\/wp\/v2\/posts\/46781","targetHints":{"allow":["GET"]}}],"collection":[{"href":"https:\/\/lospoliticosveracruz.com.mx\/index.php?rest_route=\/wp\/v2\/posts"}],"about":[{"href":"https:\/\/lospoliticosveracruz.com.mx\/index.php?rest_route=\/wp\/v2\/types\/post"}],"author":[{"embeddable":true,"href":"https:\/\/lospoliticosveracruz.com.mx\/index.php?rest_route=\/wp\/v2\/users\/2"}],"replies":[{"embeddable":true,"href":"https:\/\/lospoliticosveracruz.com.mx\/index.php?rest_route=%2Fwp%2Fv2%2Fcomments&post=46781"}],"version-history":[{"count":1,"href":"https:\/\/lospoliticosveracruz.com.mx\/index.php?rest_route=\/wp\/v2\/posts\/46781\/revisions"}],"predecessor-version":[{"id":46782,"href":"https:\/\/lospoliticosveracruz.com.mx\/index.php?rest_route=\/wp\/v2\/posts\/46781\/revisions\/46782"}],"wp:featuredmedia":[{"embeddable":true,"href":"https:\/\/lospoliticosveracruz.com.mx\/index.php?rest_route=\/wp\/v2\/media\/46783"}],"wp:attachment":[{"href":"https:\/\/lospoliticosveracruz.com.mx\/index.php?rest_route=%2Fwp%2Fv2%2Fmedia&parent=46781"}],"wp:term":[{"taxonomy":"category","embeddable":true,"href":"https:\/\/lospoliticosveracruz.com.mx\/index.php?rest_route=%2Fwp%2Fv2%2Fcategories&post=46781"},{"taxonomy":"post_tag","embeddable":true,"href":"https:\/\/lospoliticosveracruz.com.mx\/index.php?rest_route=%2Fwp%2Fv2%2Ftags&post=46781"}],"curies":[{"name":"wp","href":"https:\/\/api.w.org\/{rel}","templated":true}]}}