{"id":46832,"date":"2019-02-13T22:55:05","date_gmt":"2019-02-14T04:55:05","guid":{"rendered":"http:\/\/www.lospoliticosveracruz.com.mx\/?p=46832"},"modified":"2019-02-13T21:26:58","modified_gmt":"2019-02-14T03:26:58","slug":"los-tres-pasos-de-nora","status":"publish","type":"post","link":"https:\/\/lospoliticosveracruz.com.mx\/?p=46832","title":{"rendered":"Los tres pasos de Nora"},"content":{"rendered":"<p><strong>Salvador Mu\u00f1oz<\/strong><\/p>\n<p><em>Los Pol\u00edticos<\/em><\/p>\n<p><span style=\"font-weight: 400;\">Es de las pocas diputadas que ha votado contrario a su bancada, pero de firmes convicciones partidistas\u2026 suena parad\u00f3jico, pero Nora Jessica Lagunes J\u00e1uregui me lo cuenta as\u00ed: antepone dos preceptos a la pol\u00edtica: el respeto a la dignidad de la persona y el bien com\u00fan. A partir de \u00e9stos, da un paso, por supuesto, siempre recordando las palabras que escuchara de C\u00e9sar Leal Angulo: si piensas distinto, primero habla con tu bancada; si no, entonces habla con tu coordinador; si no, explica tu posici\u00f3n en tribuna; pero si tu posici\u00f3n va contra los principios del partido, no expongas tu idea.<\/span><\/p>\n<p><span style=\"font-weight: 400;\">La diputada local por el distrito de Huatusco es originaria de Comapa, donde hace unos d\u00edas estuvo en una de sus comunidades, Potrero de la Cruz, donde entreg\u00f3 37 sistemas de captaci\u00f3n de agua que logr\u00f3 a trav\u00e9s de gestiones que realiz\u00f3 ante la Comisi\u00f3n de Agua del Estado de Veracruz (CAEV)&#8230; lo mejor a\u00fan, anuncia que en breve, han de llegar 17 m\u00e1s a esta comunidad. Es m\u00e1s, se tiene en estudio hacer un pozo profundo que beneficie a m\u00e1s comunidades adem\u00e1s de El Potrero, como es La Piedra, San Felipe de Jes\u00fas y otras.<\/span><\/p>\n<p><span style=\"font-weight: 400;\">\u00bfY de d\u00f3nde le viene lo panista? de los recuerdos y la vehemencia con la que su padre le hablaba del abuelo Aurelio Lagunes, uno de los cuatro panistas que hab\u00eda en Comapa. Le contaba del esp\u00edritu idealista que don Aurelio ten\u00eda por el PAN, lo que sembr\u00f3 en ella el inter\u00e9s por saber qu\u00e9 era ser panista, cu\u00e1les eran sus principios, cu\u00e1l su ideolog\u00eda, que decidi\u00f3 un d\u00eda acercarse al partido. Dice que ella ya me conoc\u00eda por un amigo en com\u00fan con el que inici\u00f3 su trabajo partidista: Hermann Ortega, a quien considera un excelente maestro.<\/span><\/p>\n<p><span style=\"font-weight: 400;\">Estudio en la Facultad de Arquitectura, donde antes de terminar la carrera, ya ten\u00eda un trabajo al lado de la directora de dicha carrera\u2026 asegura que si bien, desde los primeros estudios hasta la Universidad siempre obtuvo excelentes calificaciones, era porque se pon\u00eda a estudiar mucho antes de los ex\u00e1menes\u2026<\/span><\/p>\n<p><span style=\"font-weight: 400;\">\u2013\u00bfCerebrito?<\/span><\/p>\n<p><span style=\"font-weight: 400;\">\u2013\u00a1No! \u00a1Matada! \u00a1Machetera!<\/span><\/p>\n<p><span style=\"font-weight: 400;\">Tuvo su primera participaci\u00f3n para un cargo de representaci\u00f3n popular, en este caso, la presidencia municipal de Comapa, all\u00e1 por 2013, donde no alcanz\u00f3 el triunfo\u2026 entonces decidi\u00f3 darle un giro a su vida\u2026 en las redes, vio que solicitaban auditores t\u00e9cnicos y present\u00f3 examen para ello y fue seleccionada. Se meti\u00f3 de lleno a la actividad, hasta que un d\u00eda se le acercaron y le lanzaron dos preguntas:<\/span><\/p>\n<p><span style=\"font-weight: 400;\">\u2013\u00bfPor qu\u00e9 no nos dijiste que hab\u00edas sido candidata? \u00bfPor qu\u00e9 no nos dijiste que eres panista?<\/span><\/p>\n<p><span style=\"font-weight: 400;\">A lo que respondi\u00f3 que esas cuestiones no eran parte de su actividad profesional, pero pues si hab\u00eda un problema, estaba dispuesta a que la pusieran a prueba\u2026 al tiempo, fue ascendida. S\u00ed, \u00a1hab\u00eda entrado a trabajar al Orfis!<\/span><\/p>\n<p><span style=\"font-weight: 400;\">Al final, una vez que se ha probado la pol\u00edtica, es imposible de dejarla, por lo que volvi\u00f3 a las andadas y si bien dos veces le propusieron en el PAN un cargo de representaci\u00f3n proporcional (pluri, pues), ella lo rechaz\u00f3 porque est\u00e1 plenamente convencida de que uno debe ser merecedor de ello, \u00bfc\u00f3mo? a trav\u00e9s de ganarlo con votos, para legitimar tu lugar. Y por eso, el a\u00f1o pasado, participa en la contienda por la curul de Huatusco, donde obtuvo el triunfo\u2026<\/span><\/p>\n<p><span style=\"font-weight: 400;\">Nora Jessica est\u00e1 entre los 19 diputados que dieron a conocer su postura en contra de los dos dict\u00e1menes de Juicio Pol\u00edtico al Fiscal. Las razones que me da para ello, los sustenta de acuerdo a sus principios pero tambi\u00e9n fundamentados con el apoyo de sus asesores. S\u00ed, es claro que su trabajo legislativo lo mantendr\u00e1 cimentado en sus convicciones, y si acaso tuviera una idea distinta a la del resto de sus compa\u00f1eros, sabe a la perfecci\u00f3n los cuatro pasos a seguir que escuchaba de C\u00e9sar Leal Angulo, aunque asegura que hasta el momento, s\u00f3lo ha llegado hasta el tercero\u2026<\/span><\/p>\n<p>&nbsp;<\/p>\n<p><span style=\"font-weight: 400;\">smcainito@gmail.com <\/span><\/p>\n","protected":false},"excerpt":{"rendered":"<p>Salvador Mu\u00f1oz Los Pol\u00edticos Es de las pocas diputadas que ha votado contrario a su bancada, pero de firmes convicciones partidistas\u2026 suena parad\u00f3jico, pero Nora Jessica Lagunes J\u00e1uregui me lo cuenta as\u00ed: antepone dos preceptos a la pol\u00edtica: el respeto a la dignidad de la persona y el bien com\u00fan. A partir de \u00e9stos, da [&hellip;]<\/p>\n","protected":false},"author":2,"featured_media":46833,"comment_status":"open","ping_status":"open","sticky":false,"template":"","format":"standard","meta":{"_jetpack_newsletter_access":"","_jetpack_dont_email_post_to_subs":false,"_jetpack_newsletter_tier_id":0,"_jetpack_memberships_contains_paywalled_content":false,"_jetpack_memberships_contains_paid_content":false,"footnotes":""},"categories":[70],"tags":[12656,13876,2398,12654,135],"class_list":["post-46832","post","type-post","status-publish","format-standard","has-post-thumbnail","hentry","category-de-opinion","tag-comapa","tag-hermann-ortega","tag-huatusco","tag-nora-jessica-lagunes-jauregui","tag-orfis"],"jetpack_featured_media_url":"https:\/\/lospoliticosveracruz.com.mx\/wp-content\/uploads\/2019\/02\/Nora.jpg","jetpack_sharing_enabled":true,"jetpack_shortlink":"https:\/\/wp.me\/p4Qcd3-cbm","_links":{"self":[{"href":"https:\/\/lospoliticosveracruz.com.mx\/index.php?rest_route=\/wp\/v2\/posts\/46832","targetHints":{"allow":["GET"]}}],"collection":[{"href":"https:\/\/lospoliticosveracruz.com.mx\/index.php?rest_route=\/wp\/v2\/posts"}],"about":[{"href":"https:\/\/lospoliticosveracruz.com.mx\/index.php?rest_route=\/wp\/v2\/types\/post"}],"author":[{"embeddable":true,"href":"https:\/\/lospoliticosveracruz.com.mx\/index.php?rest_route=\/wp\/v2\/users\/2"}],"replies":[{"embeddable":true,"href":"https:\/\/lospoliticosveracruz.com.mx\/index.php?rest_route=%2Fwp%2Fv2%2Fcomments&post=46832"}],"version-history":[{"count":1,"href":"https:\/\/lospoliticosveracruz.com.mx\/index.php?rest_route=\/wp\/v2\/posts\/46832\/revisions"}],"predecessor-version":[{"id":46834,"href":"https:\/\/lospoliticosveracruz.com.mx\/index.php?rest_route=\/wp\/v2\/posts\/46832\/revisions\/46834"}],"wp:featuredmedia":[{"embeddable":true,"href":"https:\/\/lospoliticosveracruz.com.mx\/index.php?rest_route=\/wp\/v2\/media\/46833"}],"wp:attachment":[{"href":"https:\/\/lospoliticosveracruz.com.mx\/index.php?rest_route=%2Fwp%2Fv2%2Fmedia&parent=46832"}],"wp:term":[{"taxonomy":"category","embeddable":true,"href":"https:\/\/lospoliticosveracruz.com.mx\/index.php?rest_route=%2Fwp%2Fv2%2Fcategories&post=46832"},{"taxonomy":"post_tag","embeddable":true,"href":"https:\/\/lospoliticosveracruz.com.mx\/index.php?rest_route=%2Fwp%2Fv2%2Ftags&post=46832"}],"curies":[{"name":"wp","href":"https:\/\/api.w.org\/{rel}","templated":true}]}}