{"id":46874,"date":"2019-02-16T08:38:22","date_gmt":"2019-02-16T14:38:22","guid":{"rendered":"http:\/\/www.lospoliticosveracruz.com.mx\/?p=46874"},"modified":"2019-02-16T08:38:22","modified_gmt":"2019-02-16T14:38:22","slug":"fiesta-o-seguridad","status":"publish","type":"post","link":"https:\/\/lospoliticosveracruz.com.mx\/?p=46874","title":{"rendered":"\u00bfFiesta o Seguridad?"},"content":{"rendered":"<p><strong>Brenda Caballero<\/strong><\/p>\n<p><em>N\u00fameros Rojos<\/em><\/p>\n<p>D\u00e9jeme hacerle una pregunta: Si en este momento tiene dinero, una muy buena suma de dinero\u2026 en qu\u00e9 invertir\u00eda teniendo estas dos opciones: \u00bfHacer una fiesta o gastarlo en la seguridad de su casa?<br \/>\nAntes de que me responda, piense\u2026 porque a lo mejor viene el cumplea\u00f1os de su reto\u00f1o o de su pareja; a lo mejor sale a mediados de a\u00f1o el ni\u00f1o de la primaria, secundaria o prepa y pues eso es algo que nom\u00e1s se vive una vez, \u00a1como los quince a\u00f1os! \u00a1O qu\u00e9 decir el D\u00eda de las Madres! \u00a1El del Padre! \u00a1Su propio cumplea\u00f1os!<br \/>\nEntonces\u2026 quiz\u00e1s ese sistema de alarma en ventanas, puerta, patio pueda esperar\u2026<br \/>\nAhora s\u00ed, \u00bfya tiene la respuesta?<br \/>\nSin duda la respuesta va a depender de la situaci\u00f3n en la que uno viva actualmente, donde muchas familias, parejas o matrimonios a lo mejor ya ni celebraron este pasado D\u00eda del Amor, pero tampoco se est\u00e9 en las condiciones de quiz\u00e1s hasta ponerle otro cerrojo a la puerta\u2026<br \/>\n\u00bfA qu\u00e9 viene todo este cuento\u2026?<br \/>\nA ese roce entre el gobernador Cuitl\u00e1huac Garc\u00eda Jim\u00e9nez y el alcalde de Veracruz, Fernando Yunes M\u00e1rquez por el pr\u00f3ximo carnaval.<br \/>\nHace poco, un grupo de empresarios porte\u00f1os sali\u00f3 a \u00abreclamar\u00bb el nulo apoyo econ\u00f3mico por parte de Gobierno del Estado, pero la misma prensa los puso en aprietos cuando fueron cuestionados de cu\u00e1nto es lo que invierten ellos en la fiesta m\u00e1s alegre del mundo, nuestro Carnaval veracruzano.<br \/>\nPor su parte, Cuitl\u00e1huac Garc\u00eda dice que el \u00fanico apoyo que ha de dar al Carnaval, ser\u00e1 de difusi\u00f3n por los medios oficiales y con desplazamiento de elementos de Seguridad P\u00fablica, pero se rehus\u00f3 a dar \u00abun moche\u00bb\u2026 as\u00ed lo dijo \u00e9l.<br \/>\nNo me crean, pero dicen que en la pasada fiesta de la Candelaria, ocurri\u00f3 lo mismo\u2026 \u00a1no se moch\u00f3 con el alcalde de Tlacotalpan! El \u00fanico apoyo que dio, fue con polic\u00edas y agentes de tr\u00e1nsito\u2026 \u00a1no m\u00e1s!<br \/>\nPor supuesto que el Carnaval debe contar con el respaldo de grandes empresas como las refresqueras y cerveceras. Me refiero en especial a \u00e9stas, porque es lo que abunda en las carnestolendas\u2026 digo, no me malinterprete, pero al calor de la fiesta, si no se antoja un refresco, \u00a1a lo mejor una chela!<br \/>\nAdmito desconocer c\u00f3mo se organiza una fiesta como \u00e9sta, pero de lo que he le\u00eddo, en pa\u00edses como Brasil, los bloques o comparsas, durante todo un a\u00f1o, trabajan para obtener fondos que les permitan participar con sus fant\u00e1sticos carros y fastuosos trajes, muy aparte de sus bailes\u2026<br \/>\nEn el de Venecia, hace algunos a\u00f1os, por el recorte del 40 por ciento que el Gobierno hizo a esta fiesta, se vieron obligados a buscar patrocinadores y curiosamente, el n\u00famero de voluntarios se increment\u00f3 en esa crisis.<br \/>\nEl Carnaval de Barranquilla, considerado Patrimonio Oral e Inmaterial de la Humanidad, se apoyaba en 50 patrocinadores, entre grandes empresas y peque\u00f1os y micro proveedores, sin contar aqu\u00e9llas que hacen labores de \u00abculturizaci\u00f3n\u00bb entre los pobladores para darle realce a la fiesta\u2026<br \/>\nAc\u00e1, en Veracruz, el alcalde Fernando Yunes anunci\u00f3 la reestructuraci\u00f3n de algunas cosas en el Carnaval, como la cancelaci\u00f3n de contratos a 20 orquestas de salsa que estar\u00edan a lo largo del bulevar\u2026 quedan fuera 10 carros aleg\u00f3ricos, equipos de sonido, tractores y plantas de luz\u2026<br \/>\nSuena dr\u00e1stico, s\u00ed, pero si el Gobernador ya tom\u00f3 una decisi\u00f3n, el alcalde debe de ver la manera de sacar adelante el Carnaval como el mismo Cuitl\u00e1huac debe ver la manera de sacar adelante a Veracruz, pues la situaci\u00f3n de inseguridad en todo el estado, pero principalmente en Coatzacoalcos, se agudiz\u00f3 con el asesinato de la empresaria Susana Carrera.<\/p>\n<p>Imagino que tambi\u00e9n el mismo gobernador debe cuestionarse: fiesta o seguridad.<\/p>\n<p>&nbsp;<\/p>\n<p>@NumerosRojos_BC<\/p>\n<p><a href=\"mailto:caballero_brenda@hotmail.com\">caballero_brenda@hotmail.com<\/a><\/p>\n","protected":false},"excerpt":{"rendered":"<p>Brenda Caballero N\u00fameros Rojos D\u00e9jeme hacerle una pregunta: Si en este momento tiene dinero, una muy buena suma de dinero\u2026 en qu\u00e9 invertir\u00eda teniendo estas dos opciones: \u00bfHacer una fiesta o gastarlo en la seguridad de su casa? Antes de que me responda, piense\u2026 porque a lo mejor viene el cumplea\u00f1os de su reto\u00f1o o [&hellip;]<\/p>\n","protected":false},"author":2,"featured_media":46875,"comment_status":"open","ping_status":"open","sticky":false,"template":"","format":"standard","meta":{"_jetpack_newsletter_access":"","_jetpack_dont_email_post_to_subs":false,"_jetpack_newsletter_tier_id":0,"_jetpack_memberships_contains_paywalled_content":false,"_jetpack_memberships_contains_paid_content":false,"footnotes":""},"categories":[70],"tags":[1843,1563,818,195],"class_list":["post-46874","post","type-post","status-publish","format-standard","has-post-thumbnail","hentry","category-de-opinion","tag-carnaval","tag-cuitlahuac-garcia-jimenez","tag-fernando-yunes-marquez","tag-veracruz"],"jetpack_featured_media_url":"https:\/\/lospoliticosveracruz.com.mx\/wp-content\/uploads\/2019\/02\/Fernando-Cuitlahuac.jpg","jetpack_sharing_enabled":true,"jetpack_shortlink":"https:\/\/wp.me\/p4Qcd3-cc2","_links":{"self":[{"href":"https:\/\/lospoliticosveracruz.com.mx\/index.php?rest_route=\/wp\/v2\/posts\/46874","targetHints":{"allow":["GET"]}}],"collection":[{"href":"https:\/\/lospoliticosveracruz.com.mx\/index.php?rest_route=\/wp\/v2\/posts"}],"about":[{"href":"https:\/\/lospoliticosveracruz.com.mx\/index.php?rest_route=\/wp\/v2\/types\/post"}],"author":[{"embeddable":true,"href":"https:\/\/lospoliticosveracruz.com.mx\/index.php?rest_route=\/wp\/v2\/users\/2"}],"replies":[{"embeddable":true,"href":"https:\/\/lospoliticosveracruz.com.mx\/index.php?rest_route=%2Fwp%2Fv2%2Fcomments&post=46874"}],"version-history":[{"count":1,"href":"https:\/\/lospoliticosveracruz.com.mx\/index.php?rest_route=\/wp\/v2\/posts\/46874\/revisions"}],"predecessor-version":[{"id":46876,"href":"https:\/\/lospoliticosveracruz.com.mx\/index.php?rest_route=\/wp\/v2\/posts\/46874\/revisions\/46876"}],"wp:featuredmedia":[{"embeddable":true,"href":"https:\/\/lospoliticosveracruz.com.mx\/index.php?rest_route=\/wp\/v2\/media\/46875"}],"wp:attachment":[{"href":"https:\/\/lospoliticosveracruz.com.mx\/index.php?rest_route=%2Fwp%2Fv2%2Fmedia&parent=46874"}],"wp:term":[{"taxonomy":"category","embeddable":true,"href":"https:\/\/lospoliticosveracruz.com.mx\/index.php?rest_route=%2Fwp%2Fv2%2Fcategories&post=46874"},{"taxonomy":"post_tag","embeddable":true,"href":"https:\/\/lospoliticosveracruz.com.mx\/index.php?rest_route=%2Fwp%2Fv2%2Ftags&post=46874"}],"curies":[{"name":"wp","href":"https:\/\/api.w.org\/{rel}","templated":true}]}}