{"id":46880,"date":"2019-02-17T06:43:52","date_gmt":"2019-02-17T12:43:52","guid":{"rendered":"http:\/\/www.lospoliticosveracruz.com.mx\/?p=46880"},"modified":"2019-02-17T06:43:52","modified_gmt":"2019-02-17T12:43:52","slug":"responde-iglesia-a-comentarios-desafortunados-de-eric-cisneros","status":"publish","type":"post","link":"https:\/\/lospoliticosveracruz.com.mx\/?p=46880","title":{"rendered":"Responde Iglesia a \u00abcomentarios desafortunados\u00bb de Eric Cisneros"},"content":{"rendered":"<div class=\"page\" title=\"Page 1\">\n<div class=\"layoutArea\">\n<div class=\"column\">\n<p>DERECHO HUMANO A LA LIBERTAD RELIGIOSA<\/p>\n<p>A partir del viernes 15 de febrero de 2019, empez\u00f3 a circular a trav\u00e9s de las redes sociales, un video donde el Secretario de Gobierno de Veracruz, Eric Patrocinio Cisneros Burgos, en un acto acad\u00e9mico, donde tambi\u00e9n estuvo presente el Gobernador, hizo algunos comentarios muy desafortunados sobre la Iglesia Cat\u00f3lica y sobre el ministerio de los sacerdotes. El Secretario acusa a la Iglesia cat\u00f3lica de apropiarse de algunos valores espirituales y de usar el sacramento de la confesi\u00f3n para las homil\u00edas dominicales. Esto es completamente falso.<\/p>\n<p>La homil\u00eda dominical surge de la Palabra de Dios que se proclama en todo el mundo siguiendo el calendario lit\u00fargico. Para un sacerdote es un delito grave revelar el secreto de confesi\u00f3n, se caer\u00eda inmediatamente en la excomuni\u00f3n. El sigilo no se puede revelar, ni siquiera muerta la persona.<\/p>\n<p>El comentario del secretario revela ignorancia y faltas graves de respeto a nuestra Iglesia, que jam\u00e1s esperar\u00edamos de un servidor p\u00fablico. La comunidad cat\u00f3lica se siente agraviada porque en forma burda y sin ninguna necesidad, se exhibe el ministerio de los sacerdotes, acus\u00e1ndolos de revelar el sigilo sacramental y desacreditando su ministerio. Los valores son universales, ning\u00fan grupo ni asociaci\u00f3n tiene la patente de los mismos. Agregamos que con este comportamiento se agrede el derecho humano de la Libertad Religiosa.<\/p>\n<p>Los fracasos de la administraci\u00f3n estatal y las torpezas a los que nos hemos referido en comunicados anteriores, son de dominio p\u00fablico y han creado ya una psicosis social que no se sabe qui\u00e9n la controlar\u00e1, porque los ciudadanos no perciben una estrategia clara, proyectos de gran alcance ni eficiencia en los colaboradores gubernamentales.<\/p>\n<p>TODOS TENEMOS EL DERECHO HUMANO A LA LIBERTAD RELIGIOSA. \u201cLa libertad religiosa es multidimensional. Su ejercicio requiere el respeto del fuero interno y externo de las personas, as\u00ed como sus manifestaciones individuales y colectivas, p\u00fablicas y privadas. Estas dimensiones incluyen la libertad de conciencia en materia religiosa; la libertad de culto, la libertad de difusi\u00f3n de los credos, ideas u opiniones religiosas; el derecho a la formaci\u00f3n religiosa de los miembros de una iglesia o grupo religioso; el derecho a la educaci\u00f3n religiosa, de los hijos, en primer lugar, pero tambi\u00e9n de la sociedad en suconjunto; el derecho a la asociaci\u00f3n religiosa; y el derecho a la objeci\u00f3n de conciencia\u201d.\u00a0Mensaje del presidente del Episcopado Mexicano en el Foro Interamericano de Colaboraci\u00f3n y Di\u00e1logo Interreligioso, sobre Libertad Religiosa, del 15 de febrero de 2019.<\/p>\n<\/div>\n<\/div>\n<\/div>\n<div class=\"page\" title=\"Page 2\">\n<div class=\"layoutArea\">\n<div class=\"column\">\n<p>La libertad de pensamiento, de conciencia y de religi\u00f3n es una implicaci\u00f3n necesaria, un requerimiento, de la libertad humana y del sentido religioso; protege con el mismo alcance e intensidad al creyente y al no creyente; al ateo y al agn\u00f3stico; al practicante y al nopracticante. La libertad religiosa, se\u00f1ala tambi\u00e9n el Arzobispo de Monterrey \u201cse encuentraen el coraz\u00f3n mismo del planteamiento de la modernidad, ya que est\u00e1 relacionada con la pluralidad propia de las sociedades democr\u00e1ticas, lo que nos enfrenta al reto de la inclusi\u00f3nde todos de una manera constructiva y sustentable\u201d.<\/p>\n<p>Desde este punto de vista, la laicidad del Estado es fundamental en el ejercicio de la libertad religiosa. El Estado no debe preferir determinada religi\u00f3n, creencia o cosmovisi\u00f3n en detrimento de las dem\u00e1s pero, al mismo tiempo, debe reconocer sus aportes a la producci\u00f3n de bienes p\u00fablicos. En una sociedad democr\u00e1tica, laicidad y libertad religiosa son complementarias e igualmente necesarias.<\/p>\n<p>Tanto el gobierno como la sociedad organizada deben reconocer el aporte que las distintas iglesias y grupos religiosos hacen al bien com\u00fan, desde la pluralidad propia del entorno actual; las iglesias y grupos religiosos hacen un aporte indispensable e insustituible a la vida social del pa\u00eds y a la soluci\u00f3n de sus problem\u00e1ticas.<\/p>\n<p>La tarea del Secretario de Gobierno es mantener la gobernabilidad y favorecer una convivencia pac\u00edfica entre los diferentes actores. No abona en nada polarizar a la sociedad ni enfrentar a los diferentes actores sociales; la buena gobernanza se consigue mediante el respeto, el di\u00e1logo y la colaboraci\u00f3n.<\/p>\n<p>La Iglesia Cat\u00f3lica es institucional. Desde el \u00e1mbito de la fe tiene una vocaci\u00f3n de servicio a los dem\u00e1s. Seguiremos colaborando con nuestras autoridades para promover el bien com\u00fan y el respeto a los derechos humanos y las libertades fundamentales.<\/p>\n<p style=\"text-align: center;\"><strong>Pbro. Jos\u00e9 Manuel Suazo Reyes Director<\/strong><br \/>\nOficina de Comunicaci\u00f3n Social Arquidi\u00f3cesis de Xalapa<\/p>\n<\/div>\n<\/div>\n<\/div>\n","protected":false},"excerpt":{"rendered":"<p>DERECHO HUMANO A LA LIBERTAD RELIGIOSA A partir del viernes 15 de febrero de 2019, empez\u00f3 a circular a trav\u00e9s de las redes sociales, un video donde el Secretario de Gobierno de Veracruz, Eric Patrocinio Cisneros Burgos, en un acto acad\u00e9mico, donde tambi\u00e9n estuvo presente el Gobernador, hizo algunos comentarios muy desafortunados sobre la Iglesia [&hellip;]<\/p>\n","protected":false},"author":2,"featured_media":0,"comment_status":"open","ping_status":"open","sticky":false,"template":"","format":"standard","meta":{"_jetpack_newsletter_access":"","_jetpack_dont_email_post_to_subs":false,"_jetpack_newsletter_tier_id":0,"_jetpack_memberships_contains_paywalled_content":false,"_jetpack_memberships_contains_paid_content":false,"footnotes":""},"categories":[73],"tags":[13461,2932,3055,13908,6318,13909],"class_list":["post-46880","post","type-post","status-publish","format-standard","hentry","category-de-boleto","tag-eric-patrocinio-cisneros-burgos","tag-gobierno-de-veracruz","tag-iglesia-catolica","tag-palabra-de-dios","tag-sacerdotes","tag-secreto-de-confesion"],"jetpack_featured_media_url":"","jetpack_sharing_enabled":true,"jetpack_shortlink":"https:\/\/wp.me\/p4Qcd3-cc8","_links":{"self":[{"href":"https:\/\/lospoliticosveracruz.com.mx\/index.php?rest_route=\/wp\/v2\/posts\/46880","targetHints":{"allow":["GET"]}}],"collection":[{"href":"https:\/\/lospoliticosveracruz.com.mx\/index.php?rest_route=\/wp\/v2\/posts"}],"about":[{"href":"https:\/\/lospoliticosveracruz.com.mx\/index.php?rest_route=\/wp\/v2\/types\/post"}],"author":[{"embeddable":true,"href":"https:\/\/lospoliticosveracruz.com.mx\/index.php?rest_route=\/wp\/v2\/users\/2"}],"replies":[{"embeddable":true,"href":"https:\/\/lospoliticosveracruz.com.mx\/index.php?rest_route=%2Fwp%2Fv2%2Fcomments&post=46880"}],"version-history":[{"count":1,"href":"https:\/\/lospoliticosveracruz.com.mx\/index.php?rest_route=\/wp\/v2\/posts\/46880\/revisions"}],"predecessor-version":[{"id":46881,"href":"https:\/\/lospoliticosveracruz.com.mx\/index.php?rest_route=\/wp\/v2\/posts\/46880\/revisions\/46881"}],"wp:attachment":[{"href":"https:\/\/lospoliticosveracruz.com.mx\/index.php?rest_route=%2Fwp%2Fv2%2Fmedia&parent=46880"}],"wp:term":[{"taxonomy":"category","embeddable":true,"href":"https:\/\/lospoliticosveracruz.com.mx\/index.php?rest_route=%2Fwp%2Fv2%2Fcategories&post=46880"},{"taxonomy":"post_tag","embeddable":true,"href":"https:\/\/lospoliticosveracruz.com.mx\/index.php?rest_route=%2Fwp%2Fv2%2Ftags&post=46880"}],"curies":[{"name":"wp","href":"https:\/\/api.w.org\/{rel}","templated":true}]}}