{"id":46882,"date":"2019-02-17T07:22:59","date_gmt":"2019-02-17T13:22:59","guid":{"rendered":"http:\/\/www.lospoliticosveracruz.com.mx\/?p=46882"},"modified":"2019-02-17T07:22:59","modified_gmt":"2019-02-17T13:22:59","slug":"maleno-al-desnudo","status":"publish","type":"post","link":"https:\/\/lospoliticosveracruz.com.mx\/?p=46882","title":{"rendered":"Maleno \u00a1al desnudo!"},"content":{"rendered":"<p><strong>Brenda Caballero<\/strong><\/p>\n<p><em>N\u00fameros Rojos<\/em><\/p>\n<p>Sal\u00eda de la Fiscal\u00eda General del Estado, y la verdad, como lo vi vestido\u2026 de traje, no lo reconoc\u00ed\u2026 \u00a1pero no sean malpensados! Me refiero a que lo ubicaba m\u00e1s con su sombrero con el que hizo campa\u00f1a como candidato a diputado por el distrito de Medell\u00edn. Ah\u00ed estaba mi oportunidad de llevarme una vez m\u00e1s, una entrevista en exclusiva con Maleno Rosales, y de inmediato saqu\u00e9 la grabadora\u2026<\/p>\n<p><strong>\u2013\u00a1Don Maleno! \u00a1Don Maleno! \u00a1Unas preguntas!<\/strong><\/p>\n<p>\u2013D\u00edgame, reportera\u2026<\/p>\n<p><strong>\u2013\u00bfA qui\u00e9n vino a denunciar y por qu\u00e9?<\/strong><\/p>\n<p>\u2013A quien resulte responsable y por da\u00f1o moral al publicar una foto m\u00eda como Dios me trajo al mundo\u2026<\/p>\n<p><strong>\u2013Me dicen que si es como Dios lo trajo al mundo, no ha cambiado mucho\u2026<\/strong><\/p>\n<p>\u2013\u00a1Qu\u00e9 quieres decir, reportera!<\/p>\n<p><strong>\u2013Pues cuentan que sigue igualito desde que era chiquito\u2026 chiquito\u2026<\/strong><\/p>\n<p>\u2013No s\u00e9 qu\u00e9 quieres decir\u2026<\/p>\n<p><strong>\u2013Quiero decir que en qu\u00e9 le afect\u00f3 esa foto\u2026<\/strong><\/p>\n<p>\u2013\u00a1En que ya muchos me est\u00e1n candidateando!<\/p>\n<p><strong>\u2013\u00bfPara salir de Morena?<\/strong><\/p>\n<p>\u2013\u00a1Al contrario! Piensan que quiero ser \u00a1secretario de Educaci\u00f3n!<\/p>\n<p><strong>\u2013\u00bfY eso en qu\u00e9 le afecta?<\/strong><\/p>\n<p>\u2013\u00a1En mucho! Ahora que quiero hacer gestor\u00edas en la SEV, el titular me habla con recelo\u2026<\/p>\n<p><strong>\u2013\u00bfRecelo\u2026 o receloso?<\/strong><\/p>\n<p>\u2013\u00a1Sinceramente no s\u00e9!<\/p>\n<p><strong>\u2013\u00bfY no le ha pedido que le diga la verdad al desnudo?<\/strong><\/p>\n<p>\u2013\u00a1No me hables de desnudos que nada m\u00e1s me acuerdo y me da coraje!<\/p>\n<p><strong>\u2013Est\u00e1 bien, pero\u2026 habla de da\u00f1o moral \u00bfPor qu\u00e9 da\u00f1o moral?<\/strong><\/p>\n<p>\u2013Porque ya me cambiaron de mote\u2026 ahora a donde quiera que voy, no falta el chistoso que diga \u201c\u00a1Aguas con el Negro de Medell\u00edn!\u201d<\/p>\n<p><strong>\u2013\u00a1D\u00edgame de qu\u00e9 presume!<\/strong><\/p>\n<p>\u2013\u00a1Presumo que esto fue en represalia!<\/p>\n<p><strong>\u2013\u00bfPor haber dicho que sacara el Gober las manos de\u2026?<\/strong><\/p>\n<p>\u2013\u00a1Ejem! \u00a1Ejem! S\u00e9 clara y precisa, reportera, porque dije que sacara las manos del Congreso\u2026<\/p>\n<p><strong>\u2013Pues es que me interrumpi\u00f3\u2026 pero, entonces cree que el Gob\u2026<\/strong><\/p>\n<p>\u2013Yo no dije nada\u2026 s\u00f3lo que se act\u00fae contra quien resulte responsable\u2026<\/p>\n<p><strong>\u2013Por cierto, hablando de responsabilidad\u2026 \u00bfpara qu\u00e9 le toman fotos encuerado?<\/strong><\/p>\n<p>\u2013\u00a1Ah! Fue por una confusi\u00f3n\u2026<\/p>\n<p><strong>\u2013\u00bfC\u00f3mo?<\/strong><\/p>\n<p>\u2013S\u00ed, mira\u2026 es que escuch\u00e9 algo de que por Whats estaban mandando \u201cpacks\u201d y dije, pues si me piden, \u00a1ac\u00e1 tengo mi paquete!<\/p>\n<p><strong>\u2013\u00a1Huy! \u00a1Qu\u00e9 prevenido! Pero, aqu\u00ed el asunto, es que parece que alguien le tom\u00f3 la foto\u2026 porque selfie, \u00a1no es!<\/strong><\/p>\n<p>\u2013Este\u2026 bueno, por el momento, en el caso, ya di parte al Fiscal\u2026<\/p>\n<p><strong>\u2013No, pues usted puede darle parte a quien quiera de sus partes, pero ya no me respondi\u00f3\u2026 \u00bfqui\u00e9n le tom\u00f3 la fotito? \u00bfDon Maleno? \u00a1Don Malenooo!<\/strong><\/p>\n<p>\u00a1Y ya no me quiso contestar!<\/p>\n<p>&nbsp;<\/p>\n<p>*Esta entrevista es ficticia con el \u00fanico fin de sacarle una sonrisa.<\/p>\n<p>**\u00a0Exclusiva para Notiver<\/p>\n<p><a href=\"mailto:caballero_brenda@hotmail.com\">caballero_brenda@hotmail.com<\/a><\/p>\n","protected":false},"excerpt":{"rendered":"<p>Brenda Caballero N\u00fameros Rojos Sal\u00eda de la Fiscal\u00eda General del Estado, y la verdad, como lo vi vestido\u2026 de traje, no lo reconoc\u00ed\u2026 \u00a1pero no sean malpensados! Me refiero a que lo ubicaba m\u00e1s con su sombrero con el que hizo campa\u00f1a como candidato a diputado por el distrito de Medell\u00edn. Ah\u00ed estaba mi oportunidad [&hellip;]<\/p>\n","protected":false},"author":2,"featured_media":46883,"comment_status":"open","ping_status":"open","sticky":false,"template":"","format":"standard","meta":{"_jetpack_newsletter_access":"","_jetpack_dont_email_post_to_subs":false,"_jetpack_newsletter_tier_id":0,"_jetpack_memberships_contains_paywalled_content":false,"_jetpack_memberships_contains_paid_content":false,"footnotes":""},"categories":[70],"tags":[13812],"class_list":["post-46882","post","type-post","status-publish","format-standard","has-post-thumbnail","hentry","category-de-opinion","tag-maleno-rosales"],"jetpack_featured_media_url":"https:\/\/lospoliticosveracruz.com.mx\/wp-content\/uploads\/2019\/02\/Maleno.jpg","jetpack_sharing_enabled":true,"jetpack_shortlink":"https:\/\/wp.me\/p4Qcd3-cca","_links":{"self":[{"href":"https:\/\/lospoliticosveracruz.com.mx\/index.php?rest_route=\/wp\/v2\/posts\/46882","targetHints":{"allow":["GET"]}}],"collection":[{"href":"https:\/\/lospoliticosveracruz.com.mx\/index.php?rest_route=\/wp\/v2\/posts"}],"about":[{"href":"https:\/\/lospoliticosveracruz.com.mx\/index.php?rest_route=\/wp\/v2\/types\/post"}],"author":[{"embeddable":true,"href":"https:\/\/lospoliticosveracruz.com.mx\/index.php?rest_route=\/wp\/v2\/users\/2"}],"replies":[{"embeddable":true,"href":"https:\/\/lospoliticosveracruz.com.mx\/index.php?rest_route=%2Fwp%2Fv2%2Fcomments&post=46882"}],"version-history":[{"count":1,"href":"https:\/\/lospoliticosveracruz.com.mx\/index.php?rest_route=\/wp\/v2\/posts\/46882\/revisions"}],"predecessor-version":[{"id":46884,"href":"https:\/\/lospoliticosveracruz.com.mx\/index.php?rest_route=\/wp\/v2\/posts\/46882\/revisions\/46884"}],"wp:featuredmedia":[{"embeddable":true,"href":"https:\/\/lospoliticosveracruz.com.mx\/index.php?rest_route=\/wp\/v2\/media\/46883"}],"wp:attachment":[{"href":"https:\/\/lospoliticosveracruz.com.mx\/index.php?rest_route=%2Fwp%2Fv2%2Fmedia&parent=46882"}],"wp:term":[{"taxonomy":"category","embeddable":true,"href":"https:\/\/lospoliticosveracruz.com.mx\/index.php?rest_route=%2Fwp%2Fv2%2Fcategories&post=46882"},{"taxonomy":"post_tag","embeddable":true,"href":"https:\/\/lospoliticosveracruz.com.mx\/index.php?rest_route=%2Fwp%2Fv2%2Ftags&post=46882"}],"curies":[{"name":"wp","href":"https:\/\/api.w.org\/{rel}","templated":true}]}}