{"id":46885,"date":"2019-02-17T11:53:57","date_gmt":"2019-02-17T17:53:57","guid":{"rendered":"http:\/\/www.lospoliticosveracruz.com.mx\/?p=46885"},"modified":"2019-02-17T11:53:57","modified_gmt":"2019-02-17T17:53:57","slug":"cuic-ya-no-atiende-llamadas-de-tio-fide","status":"publish","type":"post","link":"https:\/\/lospoliticosveracruz.com.mx\/?p=46885","title":{"rendered":"Cuic ya no atiende llamadas de T\u00edo Fide&#8230;"},"content":{"rendered":"<p><strong>Ricardo Ch\u00faa<\/strong><\/p>\n<p><em>Sale y Vale<\/em><\/p>\n<p>SIN REMITENTE&#8230;. Los que saben y que est\u00e1n cerca del gobernador de Veracruz, Cuitl\u00e1huac Garc\u00eda, nos cuentan que por alguna \u00abextra\u00f1a raz\u00f3n\u00bb de unos d\u00edas para ac\u00e1, el actual mandatario estatal no le toma las llamadas que le realiza desde la CDMX, el ex gobernador, Fidel Herrera Belttr\u00e1n&#8230; Nadie sabe a ciencia cierta porque Cuitl\u00e1huac ya no quiere contestar el celular al \u00abT\u00edo\u00bb Fide&#8230; Si es amigo de la familia&#8230; Pos qu\u00e9 pas\u00f3????&#8230;<\/p>\n<p>Obviamente que esta decisi\u00f3n de \u00abpintar la raya\u00bb con el creador de la \u00abPlenitud del Pinche Poder\u00bb le puede perjudicar m\u00e1s al MORENO de Xalapa, que al moreno de Nopaltepec&#8230; Fidel es una \u00abchucha cuerera\u00bb para esto de las \u00abartes\u00bb de la pol\u00edtica&#8230; Sabe bien de su \u00abteje y maneje\u00bb&#8230; Y con todo respeto y toda proporci\u00f3n guardada Don Fidel es mucho m\u00e1s experimentado que nuestro novel Gobernador&#8230; As\u00ed que en este tipo de afrentas, El T\u00edo Fide siempre sale bien librado&#8230; Miren el ejemplo de Javier Duarte&#8230; Todo por el \u00abmaldito\u00bb pr\u00e9stamo&#8230;<\/p>\n<p>EL RECUENTO DE LOS DA\u00d1OS&#8230; Nuestra poderosa Fuente dentro del Gobierno de Veracruz nos informa que en Palacio de Gobierno&#8230; Ya tienen una idea de qui\u00e9n pudo ser el culpable de que hayan exhibido a Cuitl\u00e1huac Garc\u00eda en los medios de comunicaci\u00f3n, despu\u00e9s de la informaci\u00f3n difundida en NOTIVER, por el tema del pr\u00e9stamo de diciembre del a\u00f1o pasado por casi 5 mil millones de pesos&#8230; Y todos los \u00abojos\u00bb de Palacio apuntan a SEFIPLAN&#8230;<\/p>\n<p>Al parecer los informes se\u00f1alan que de la oficina que sali\u00f3 esa informaci\u00f3n es, presuntamente, de la Subsecretar\u00eda de Administraci\u00f3n y Finanzas de SEFIPLAN, que tiene a su cargo el \u00abdizque\u00bb primo del Gobernador, Eleazar Guerrero P\u00e9rez, cabeza visible del grupo pol\u00edtico: \u00abJilotepec Power\u00bb&#8230; Hemos se\u00f1alado en este espacio, que el subsecretario hace la ACUMULACI\u00d3N ORIGINARIA y esto se observ\u00f3 cuando el propio Garc\u00eda Jim\u00e9nez dice que pidieron un pr\u00e9stamo en diciembre del 2018&#8230; Pero que nadie sab\u00eda del mismo..<\/p>\n<p>El asunto es que el pr\u00e9stamo pedido fue de 2 mil 500 millones de pesos y ante el SAT en su p\u00e1gina de la Secretar\u00eda de Hacienda y Cr\u00e9dito P\u00fablico, aparece que son 4 mil 500 millones pesos &#8230; Y el GRAVE ERROR de Cuitl\u00e1huac fue SE\u00d1ALAR que va a preguntar a Hacienda qu\u00e9 pas\u00f3&#8230; Los que saben de pol\u00edtica fiscal se\u00f1alan que no es que El Gobernador le pregunte a SHyCP&#8230; YA QUE ESA DEUDA SE REGISTRA, GRACIAS A LA INFORMACI\u00d3N QUE PROPORCIONAN LOS ESTADOS AL GOBIERNO FEDERAL&#8230; Zucutummm&#8230; SE EMPINARON&#8230;<\/p>\n<p>Para que se entienda&#8230; Alguien del mismo equipo del Gobierno de Veracruz, que seguramente trabaja en SEFIPLAN, ah\u00ed es donde se\u00f1alan a Eleazar Guerrero, fue quien inform\u00f3 al SAT que el total del pr\u00e9stamo solicitado por Cuitl\u00e1huac Garc\u00eda, era de 4 mil 500 millones de pesos&#8230; No los 2 mil 500 millones que dijo en la rueda de prensa, cuando sali\u00f3 esa informaci\u00f3n, entonces, amables lectores de NOTIVER por ah\u00ed andan \u00abvolando\u00bb 2 mil millones de pesos&#8230; Que nadie sabe d\u00f3nde est\u00e1n&#8230; Ser\u00e1 por ello que no contestan llamadas?&#8230; MOCOS PETRA&#8230;<\/p>\n<p>En pocas palabras&#8230; Ellos mismos se EMPINARON con el asunto del \u00abpr\u00e9stamo perdido\u00bb de 4 mil 500 millones de pesos y en donde no encuentran 2 mil millones&#8230; Ya que fue SEFIPLAN la que reporta al SAT el monto total del dinero que en diciembre dieron al Gobierno de Veracruz&#8230; As\u00ed que este tema dar\u00e1 mucho que hablar&#8230; Pero por ahora ha dejado mal parado al gobierno de Cuitl\u00e1huac&#8230;. Nadie \u00abpierde\u00bb 2 mil millones de pesos&#8230;. S\u00f3lo que fuera un BOT\u00cdN, que no se quiere repartir&#8230;. Pero no es cre\u00edble&#8230; Menos por la poca experiencia mostrada&#8230;<\/p>\n<p>Ya que por ello se puede SOSPECHAR que en este momento&#8230; Todo evento empresarial, que tenga que ver inversi\u00f3n o gastos por parte del Gobierno del Estado se suspenden porque NO SABEN D\u00d3NDE EST\u00c1 ESE DINERO O PEOR A\u00daN QUI\u00c9N LO TIENE \u00abGUARDADO\u00bb Y \u00bfPARA QU\u00c9?&#8230; \u00bfCON QU\u00c9 FIN?&#8230; Este s\u00e1bado de \u00faltima hora el gobernador CANCEL\u00d3 la reuni\u00f3n con empresarios sobre el proyecto de expansi\u00f3n del WTC&#8230; Y lo hemos se\u00f1alado&#8230; A falta de informaci\u00f3n, entra la especulaci\u00f3n y todo queda bajo sospecha&#8230;<\/p>\n<p>Todo este asunto, es por lo cual, se mencion\u00f3 en el espacio de ayer que el Gobierno de Veracruz no le interesa participar (Por lo menos ahora, ya que tarde o temprano lo tendr\u00e1 que hacer) en ninguna agenda anti-corrupci\u00f3n y de transparencia que emprenda alguna c\u00e1mara empresarial en la entidad&#8230; Quiz\u00e1s por ello, ese sea el motivo real, de lo disperso que anda con los empresarios en el Estado&#8230; Ya que ellos quieren que se invierta dinero, pero si anda \u00abperdido\u00bb&#8230; C\u00f3mo da la cara y dice que no tiene&#8230; Si es p\u00fablico el pr\u00e9stamo&#8230;<\/p>\n<p>Un dato que nos pas\u00f3 la Fuente, es que se vio raro, dentro del Sistema Estatal Anticorrupci\u00f3n (SEA), que preside Sergio V\u00e1zquez, y, donde Sierra II es miembro del Consejo Ciudadano que lo rige&#8230; Una consejera, Mercedes Santoyo present\u00f3 su renuncia al organismo para que presuntamente este lunes sea incorporada a la Contralor\u00eda del Estado con Leslie Garibo Puga, a la que supuestamente hab\u00edan renunciado la semana pasada, pero que al final no y sigue despachando en Palacio de Gobierno&#8230;<\/p>\n<p>El tema aqu\u00ed es que Santoyo, es una ex consejera muy cercana a Garibo, que en este momento con el respaldo de Cuitl\u00e1huac se ha fortalecido&#8230; Y al parecer pretende que Mercedes sea la directora de Fiscalizaci\u00f3n de la dependencia y miembro del Consejo del SEA, con voz y voto, con ello se pretende tener una aliada m\u00e1s del Gobierno del Estado&#8230; Af\u00edn al proyecto pol\u00edtico de Garibo y MORENA (Recuerden que la contralora no es veracruzana), pero desea tener injerencia POL\u00cdTICA en todos los Organismo P\u00fablicos Descentralizados (OPD) de Veracruz&#8230;<\/p>\n<p>La lectura del tema Santoyo-Contralor\u00eda y SAE es sencilla&#8230; Que asuntos como el \u00abpr\u00e9stamo perdido\u00bb no puedan ser TRANSPARENTADOS dentro de un Sistema Anticorrupci\u00f3n y que quienes puedan hacer se\u00f1alamientos, como ser\u00eda el presidente de la Coparmex, Juan Jos\u00e9 Sierra Alvarez, se convierta en una \u00abvoz en el desierto\u00bb.. Ya que los otros consejeros con voz y voto, ser\u00edan finalmente afines al Gobierno del Estado&#8230; \u00bfAs\u00ed o m\u00e1s claro?&#8230; Aqu\u00ed ya no deja duda aquello que: \u00abLos jugadores cambian&#8230; El juego no\u00bb&#8230; Por eso el T\u00edo Fide&#8230; Llama y llama y nada.<\/p>\n","protected":false},"excerpt":{"rendered":"<p>Ricardo Ch\u00faa Sale y Vale SIN REMITENTE&#8230;. Los que saben y que est\u00e1n cerca del gobernador de Veracruz, Cuitl\u00e1huac Garc\u00eda, nos cuentan que por alguna \u00abextra\u00f1a raz\u00f3n\u00bb de unos d\u00edas para ac\u00e1, el actual mandatario estatal no le toma las llamadas que le realiza desde la CDMX, el ex gobernador, Fidel Herrera Belttr\u00e1n&#8230; Nadie sabe [&hellip;]<\/p>\n","protected":false},"author":2,"featured_media":46886,"comment_status":"open","ping_status":"open","sticky":false,"template":"","format":"standard","meta":{"_jetpack_newsletter_access":"","_jetpack_dont_email_post_to_subs":false,"_jetpack_newsletter_tier_id":0,"_jetpack_memberships_contains_paywalled_content":false,"_jetpack_memberships_contains_paid_content":false,"footnotes":""},"categories":[70],"tags":[1681,13912,13910,13220,13913,3741,640,13911,2022,195,96],"class_list":["post-46885","post","type-post","status-publish","format-standard","has-post-thumbnail","hentry","category-de-opinion","tag-cuitlahuac-garcia","tag-eleazar-guerrero-perez","tag-fidel-herrera-belttran","tag-leslie-garibo-puga","tag-mercedes-santoyo","tag-nopaltepec","tag-sefiplan","tag-subsecretaria-de-administracion-y-finanzas","tag-tio-fide","tag-veracruz","tag-xalapa"],"jetpack_featured_media_url":"https:\/\/lospoliticosveracruz.com.mx\/wp-content\/uploads\/2019\/02\/Fidel-Cuic.jpg","jetpack_sharing_enabled":true,"jetpack_shortlink":"https:\/\/wp.me\/p4Qcd3-ccd","_links":{"self":[{"href":"https:\/\/lospoliticosveracruz.com.mx\/index.php?rest_route=\/wp\/v2\/posts\/46885","targetHints":{"allow":["GET"]}}],"collection":[{"href":"https:\/\/lospoliticosveracruz.com.mx\/index.php?rest_route=\/wp\/v2\/posts"}],"about":[{"href":"https:\/\/lospoliticosveracruz.com.mx\/index.php?rest_route=\/wp\/v2\/types\/post"}],"author":[{"embeddable":true,"href":"https:\/\/lospoliticosveracruz.com.mx\/index.php?rest_route=\/wp\/v2\/users\/2"}],"replies":[{"embeddable":true,"href":"https:\/\/lospoliticosveracruz.com.mx\/index.php?rest_route=%2Fwp%2Fv2%2Fcomments&post=46885"}],"version-history":[{"count":1,"href":"https:\/\/lospoliticosveracruz.com.mx\/index.php?rest_route=\/wp\/v2\/posts\/46885\/revisions"}],"predecessor-version":[{"id":46887,"href":"https:\/\/lospoliticosveracruz.com.mx\/index.php?rest_route=\/wp\/v2\/posts\/46885\/revisions\/46887"}],"wp:featuredmedia":[{"embeddable":true,"href":"https:\/\/lospoliticosveracruz.com.mx\/index.php?rest_route=\/wp\/v2\/media\/46886"}],"wp:attachment":[{"href":"https:\/\/lospoliticosveracruz.com.mx\/index.php?rest_route=%2Fwp%2Fv2%2Fmedia&parent=46885"}],"wp:term":[{"taxonomy":"category","embeddable":true,"href":"https:\/\/lospoliticosveracruz.com.mx\/index.php?rest_route=%2Fwp%2Fv2%2Fcategories&post=46885"},{"taxonomy":"post_tag","embeddable":true,"href":"https:\/\/lospoliticosveracruz.com.mx\/index.php?rest_route=%2Fwp%2Fv2%2Ftags&post=46885"}],"curies":[{"name":"wp","href":"https:\/\/api.w.org\/{rel}","templated":true}]}}