{"id":46983,"date":"2019-02-23T11:52:19","date_gmt":"2019-02-23T17:52:19","guid":{"rendered":"http:\/\/www.lospoliticosveracruz.com.mx\/?p=46983"},"modified":"2019-02-23T11:52:19","modified_gmt":"2019-02-23T17:52:19","slug":"el-reto-incorporar-al-desarrollo-a-los-hermanos-indigenas-pozos-castro","status":"publish","type":"post","link":"https:\/\/lospoliticosveracruz.com.mx\/?p=46983","title":{"rendered":"El reto, incorporar al desarrollo a los hermanos ind\u00edgenas: Pozos Castro"},"content":{"rendered":"<p>Presidido por Presidente de la Mesa Directiva del la LXV Legislatura, diputado Jos\u00e9 Manuel Pozos Castro, se llev\u00f3 a cabo el Foro Universitario \u201cLa Importancia de las Lenguas Ind\u00edgenas mitos, retos y prospectivas del Siglo XXI\u201d, organizado por la Federaci\u00f3n Aut\u00f3noma Renovadora Estudiantil AC (FARE AC) en el Sal\u00f3n Sebasti\u00e1n Lerdo de Tejada de \u00e9ste recinto legislativo.<\/p>\n<p>El diputado Pozos Castro, asegur\u00f3 que es un reto combatir la marginaci\u00f3n, pobreza y discriminaci\u00f3n de los hermanos ind\u00edgenas de la entidad, ya que representa un reto importante para poder dise\u00f1ar pol\u00edticas p\u00fablicas que incorporen el desarrollo integral de \u00e9stos sectores.<\/p>\n<p>Resalt\u00f3 que desde el inicio del Gobierno Estatal, el Gobernador Cuitl\u00e1huac Garc\u00eda Jim\u00e9nez, ha abierto espacios de di\u00e1logo con las autoridades tradicionales, activistas y estudiosos de los pueblos ind\u00edgenas, y que al igual que el Ejecutivo, el Congreso del Estado siempre estar\u00e1 de puertas abiertas a j\u00f3venes comprometidos con estas causas que sean para el bien de Veracruz y M\u00e9xico, \u201ces satisfactorio ver el compromiso y felicito a los incorporados en este compromiso y reto para lograr la cuarta transformaci\u00f3n\u201d, agreg\u00f3.<\/p>\n<p>Por su parte, el presidente de FARE AC, Alberto Rosendo Garc\u00eda, dijo que el prop\u00f3sito de \u00e9ste evento es la toma de conciencia en torno al desarrollo, preservaci\u00f3n\u00a0 y protecci\u00f3n de las lenguas madre, lo anterior en el marco del d\u00eda internacional de la lengua materna, proclamada el 21 de febrero de 1999 por la Unesco.<\/p>\n<p>Rosendo Garc\u00eda exalt\u00f3 que es un compromiso y orgullo poder contribuir en la difusi\u00f3n de las lenguas maternas para que sean reconocidas en el pa\u00eds y principalmente en el estado, lo cual significa una oportunidad de poder materializar con j\u00f3venes l\u00edderes universitarios el reconocimiento de las ra\u00edces ling\u00fc\u00edsticas y tradiciones ind\u00edgenas.<\/p>\n<p>Durante el desarrollo del evento invitados y panelistas procedentes de diversas zonas del estado expusieron temas en cuanto a cultura, tradiciones y rituales al p\u00fablico presente.<\/p>\n<p>Entre los presentes a dicho Foro estuvieron, la diputada federal por Xalapa, Dorheny Garc\u00eda Cayetano, Jos\u00e9 Manuel Pozos del \u00c1ngel, Subsecretario de Finanzas y Planeaci\u00f3n, Mar\u00eda Consuelo Niembro, en Representaci\u00f3n del Presidente Municipal de Xalapa Hip\u00f3lito Rodr\u00edguez Herrero, Tirso Bautista C\u00e1rdenas, Panelista, Delia Cobos Gonz\u00e1lez, procuradora Fiscal de Sefiplan, Lucia\u00a0 Tepole Ortega, Panelista, Salom\u00e9 Guti\u00e9rrez Morales, panelista, Juanita Mart\u00ednez Espinosa, en representaci\u00f3n de Guadalupe Arg\u00fcelles Lozano, Secretaria del Trabajo, Previsi\u00f3n Social y Productividad del estado de Veracruz, entre otros.<\/p>\n","protected":false},"excerpt":{"rendered":"<p>Presidido por Presidente de la Mesa Directiva del la LXV Legislatura, diputado Jos\u00e9 Manuel Pozos Castro, se llev\u00f3 a cabo el Foro Universitario \u201cLa Importancia de las Lenguas Ind\u00edgenas mitos, retos y prospectivas del Siglo XXI\u201d, organizado por la Federaci\u00f3n Aut\u00f3noma Renovadora Estudiantil AC (FARE AC) en el Sal\u00f3n Sebasti\u00e1n Lerdo de Tejada de \u00e9ste [&hellip;]<\/p>\n","protected":false},"author":2,"featured_media":46984,"comment_status":"open","ping_status":"open","sticky":false,"template":"","format":"standard","meta":{"_jetpack_newsletter_access":"","_jetpack_dont_email_post_to_subs":false,"_jetpack_newsletter_tier_id":0,"_jetpack_memberships_contains_paywalled_content":false,"_jetpack_memberships_contains_paid_content":false,"footnotes":""},"categories":[73],"tags":[13985,13986,11958,10995],"class_list":["post-46983","post","type-post","status-publish","format-standard","has-post-thumbnail","hentry","category-de-boleto","tag-fare","tag-federacion-autonoma-renovadora-estudiantil","tag-jose-manuel-pozos-castro","tag-lenguas-indigenas"],"jetpack_featured_media_url":"https:\/\/lospoliticosveracruz.com.mx\/wp-content\/uploads\/2019\/02\/Pozos-Castro.jpeg","jetpack_sharing_enabled":true,"jetpack_shortlink":"https:\/\/wp.me\/p4Qcd3-cdN","_links":{"self":[{"href":"https:\/\/lospoliticosveracruz.com.mx\/index.php?rest_route=\/wp\/v2\/posts\/46983","targetHints":{"allow":["GET"]}}],"collection":[{"href":"https:\/\/lospoliticosveracruz.com.mx\/index.php?rest_route=\/wp\/v2\/posts"}],"about":[{"href":"https:\/\/lospoliticosveracruz.com.mx\/index.php?rest_route=\/wp\/v2\/types\/post"}],"author":[{"embeddable":true,"href":"https:\/\/lospoliticosveracruz.com.mx\/index.php?rest_route=\/wp\/v2\/users\/2"}],"replies":[{"embeddable":true,"href":"https:\/\/lospoliticosveracruz.com.mx\/index.php?rest_route=%2Fwp%2Fv2%2Fcomments&post=46983"}],"version-history":[{"count":1,"href":"https:\/\/lospoliticosveracruz.com.mx\/index.php?rest_route=\/wp\/v2\/posts\/46983\/revisions"}],"predecessor-version":[{"id":46985,"href":"https:\/\/lospoliticosveracruz.com.mx\/index.php?rest_route=\/wp\/v2\/posts\/46983\/revisions\/46985"}],"wp:featuredmedia":[{"embeddable":true,"href":"https:\/\/lospoliticosveracruz.com.mx\/index.php?rest_route=\/wp\/v2\/media\/46984"}],"wp:attachment":[{"href":"https:\/\/lospoliticosveracruz.com.mx\/index.php?rest_route=%2Fwp%2Fv2%2Fmedia&parent=46983"}],"wp:term":[{"taxonomy":"category","embeddable":true,"href":"https:\/\/lospoliticosveracruz.com.mx\/index.php?rest_route=%2Fwp%2Fv2%2Fcategories&post=46983"},{"taxonomy":"post_tag","embeddable":true,"href":"https:\/\/lospoliticosveracruz.com.mx\/index.php?rest_route=%2Fwp%2Fv2%2Ftags&post=46983"}],"curies":[{"name":"wp","href":"https:\/\/api.w.org\/{rel}","templated":true}]}}