{"id":47052,"date":"2019-02-27T10:26:05","date_gmt":"2019-02-27T16:26:05","guid":{"rendered":"http:\/\/www.lospoliticosveracruz.com.mx\/?p=47052"},"modified":"2019-02-27T10:26:05","modified_gmt":"2019-02-27T16:26:05","slug":"pan-contra-morena-en-veracruz-y-puebla","status":"publish","type":"post","link":"https:\/\/lospoliticosveracruz.com.mx\/?p=47052","title":{"rendered":"PAN contra Morena&#8230; en Veracruz y Puebla"},"content":{"rendered":"<p><strong>Ricardo Ch\u00faa<\/strong><\/p>\n<p><em>Sale y Vale<\/em><\/p>\n<p>OJO&#8230; El tema Veracruz y las repercusiones pasadas por el caso Winckler, \u00abrupturas\u00bb de MORENA en Congreso Local y la inseguridad que termino derivando el asunto Soledad Atzompa&#8230; Ser\u00e1n tocados en la principal oficina de Palacio Nacional esta semana&#8230; Pero no se hagan ilusiones \u00abcarro\u00f1eros\u00bb&#8230; No quitan a Eric Cisneros, ni mueven a Juan Javier G\u00f3mez Cazarin de l\u00edder de la Legislatura del Estado&#8230; Pero habr\u00e1 \u00abmedidas extremas\u00bb, \u00absacudidas\u00bb y \u00abcandados\u00bb para con los \u00abyerros\u00bb&#8230; Ah\u00ed viene al rescate&#8230; Tan, Tan&#8230;<\/p>\n<p>LA GUERRA QUE VIENE&#8230; Despu\u00e9s del asunto de la no remoci\u00f3n del Fiscal, Jorge Winckler, por el gobierno estatal y diputados de MORENA&#8230; El PAN en el Congreso del Estado y su partido han emprendido una \u00abguerra medi\u00e1tica\u00bb en contra del organismo en el poder, tanto en la Presidencia de la Rep\u00fablica como en el Gobierno de Veracruz.. M\u00e1s all\u00e1 de ese grupo formado por el gobernador de Chihuahua, Javier Corral, que se llama \u00abCon Contrapeso\u00bb al Presidente, Andr\u00e9s Manuel L\u00f3pez Obrador&#8230; Van por funcionarios de Cuitl\u00e1huac&#8230;<\/p>\n<p>En Veracruz&#8230; Los diputados locales panistas respaldados por su partido pidieron \u00abJuicio Pol\u00edtico\u00bb contra el secretario de Gobierno, Eric Cisneros, qui\u00e9n desde su regreso de Baja California Sur se mantiene herm\u00e9tico, contrario a su costumbre, y \u00abopera bajo las sombras\u00bb al grupo pol\u00edtico priista para quedarse con el PRI estatal, que est\u00e1 aliado con MORENA, para convertirlo en una \u00aboposici\u00f3n c\u00f3moda\u00bb atacando al rival m\u00e1s fuerte que tiene consenso de alcaldes y grupos del tricolor en la entidad, que es: Marl\u00f3n Ram\u00edrez&#8230; Abri\u00f3 otro frente&#8230;<\/p>\n<p>Adem\u00e1s que otra operaci\u00f3n panista le acaba de \u00abmameyazo\u00bb a MORENA en la Legislatura Local quit\u00e1ndole la \u00abmayor\u00eda simple\u00bb porque como fracci\u00f3n s\u00f3lo se quedaron con 24 diputados, de los 29 que ten\u00edan hace una semana&#8230; M\u00e1s aliados&#8230; Vamos ni el dirigente estatal que acaba de nombrar MORENA les pudo ayudar a detenerlos&#8230; El Congreso Local que operaba con Cuitl\u00e1huac Garc\u00eda se encuentra \u00abquebrado\u00bb a pesar de mantener como su coordinador a Juan Javier G\u00f3mez Cazar\u00edn&#8230;<\/p>\n<p>A nivel nacional despu\u00e9s del tema de Javier Corral y \u00abcontrapesos\u00bb&#8230; Ahora la pelea se traslada a Puebla donde el dirigente nacional, Marko Cort\u00e9s sostiene que el accidente a\u00e9reo donde murieron Martha Ericka Alonso y Rafael Moreno Valle, fue un crimen pol\u00edtico porque fue provocado&#8230; Es decir, que hubo un MAGNICIDIO&#8230;. Y a ello se ha unido la bancada del Senado del PRD donde Miguel Angel Mancera pide esclarecer los hechos del accidente y que gobierno federal de informaci\u00f3n del caso&#8230;. ASSSSUUUU&#8230;<\/p>\n<p>El tema es sencillo&#8230; \u00abEl hacha de guerra\u00bb ha sido \u00abdesenterrada\u00bb por el PAN y PRD contra MORENA&#8230; Y los temas se centran en dos estados: Veracruz y Puebla&#8230; A nivel nacional con el \u00abGrupo Contrapesos\u00bb&#8230; Se est\u00e1n \u00abjugando la carta\u00bb que queda&#8230; La del se\u00f1alamiento medi\u00e1tico&#8230; Hacer ver su suerte con los pocos organismos aut\u00f3nomos que quedan a los MORENOS&#8230; El panismo y sus aliados no se van a dejar.. Ya no tienen nada que perder&#8230; Veracruz ser\u00e1 tema y en Palacio Nacional preocupa&#8230; Y en Xalapa ya lo saben&#8230;<\/p>\n","protected":false},"excerpt":{"rendered":"<p>Ricardo Ch\u00faa Sale y Vale OJO&#8230; El tema Veracruz y las repercusiones pasadas por el caso Winckler, \u00abrupturas\u00bb de MORENA en Congreso Local y la inseguridad que termino derivando el asunto Soledad Atzompa&#8230; Ser\u00e1n tocados en la principal oficina de Palacio Nacional esta semana&#8230; Pero no se hagan ilusiones \u00abcarro\u00f1eros\u00bb&#8230; No quitan a Eric Cisneros, [&hellip;]<\/p>\n","protected":false},"author":2,"featured_media":47053,"comment_status":"open","ping_status":"open","sticky":false,"template":"","format":"standard","meta":{"_jetpack_newsletter_access":"","_jetpack_dont_email_post_to_subs":false,"_jetpack_newsletter_tier_id":0,"_jetpack_memberships_contains_paywalled_content":false,"_jetpack_memberships_contains_paid_content":false,"footnotes":""},"categories":[70],"tags":[12686,6869,12695,4903,2908,1026],"class_list":["post-47052","post","type-post","status-publish","format-standard","has-post-thumbnail","hentry","category-de-opinion","tag-eric-cisneros","tag-jorge-winckler","tag-juan-javier-gomez-cazarin","tag-juicio-politico","tag-marlon-ramirez-marin","tag-morena"],"jetpack_featured_media_url":"https:\/\/lospoliticosveracruz.com.mx\/wp-content\/uploads\/2019\/02\/PAN.jpg","jetpack_sharing_enabled":true,"jetpack_shortlink":"https:\/\/wp.me\/p4Qcd3-ceU","_links":{"self":[{"href":"https:\/\/lospoliticosveracruz.com.mx\/index.php?rest_route=\/wp\/v2\/posts\/47052","targetHints":{"allow":["GET"]}}],"collection":[{"href":"https:\/\/lospoliticosveracruz.com.mx\/index.php?rest_route=\/wp\/v2\/posts"}],"about":[{"href":"https:\/\/lospoliticosveracruz.com.mx\/index.php?rest_route=\/wp\/v2\/types\/post"}],"author":[{"embeddable":true,"href":"https:\/\/lospoliticosveracruz.com.mx\/index.php?rest_route=\/wp\/v2\/users\/2"}],"replies":[{"embeddable":true,"href":"https:\/\/lospoliticosveracruz.com.mx\/index.php?rest_route=%2Fwp%2Fv2%2Fcomments&post=47052"}],"version-history":[{"count":1,"href":"https:\/\/lospoliticosveracruz.com.mx\/index.php?rest_route=\/wp\/v2\/posts\/47052\/revisions"}],"predecessor-version":[{"id":47054,"href":"https:\/\/lospoliticosveracruz.com.mx\/index.php?rest_route=\/wp\/v2\/posts\/47052\/revisions\/47054"}],"wp:featuredmedia":[{"embeddable":true,"href":"https:\/\/lospoliticosveracruz.com.mx\/index.php?rest_route=\/wp\/v2\/media\/47053"}],"wp:attachment":[{"href":"https:\/\/lospoliticosveracruz.com.mx\/index.php?rest_route=%2Fwp%2Fv2%2Fmedia&parent=47052"}],"wp:term":[{"taxonomy":"category","embeddable":true,"href":"https:\/\/lospoliticosveracruz.com.mx\/index.php?rest_route=%2Fwp%2Fv2%2Fcategories&post=47052"},{"taxonomy":"post_tag","embeddable":true,"href":"https:\/\/lospoliticosveracruz.com.mx\/index.php?rest_route=%2Fwp%2Fv2%2Ftags&post=47052"}],"curies":[{"name":"wp","href":"https:\/\/api.w.org\/{rel}","templated":true}]}}