{"id":47088,"date":"2019-02-28T22:55:33","date_gmt":"2019-03-01T04:55:33","guid":{"rendered":"http:\/\/www.lospoliticosveracruz.com.mx\/?p=47088"},"modified":"2019-02-28T21:26:55","modified_gmt":"2019-03-01T03:26:55","slug":"el-caron-y-pitagoras","status":"publish","type":"post","link":"https:\/\/lospoliticosveracruz.com.mx\/?p=47088","title":{"rendered":"El Car\u00f3n y Pit\u00e1goras"},"content":{"rendered":"<div><strong>Salvador Mu\u00f1oz<\/strong><\/div>\n<div><em>Los Pol\u00edticos<\/em><\/p>\n<p dir=\"ltr\">Si nos atenemos a los n\u00fameros, por el momento, la Junta de Coordinaci\u00f3n Pol\u00edtica del Congreso de Veracruz, no se mueve, es decir, Juan Javier \u201cEl Car\u00f3n\u201d G\u00f3mez Cisneros, sigue al frente de tal. Esto, despu\u00e9s de que los tres morenos alebrestados \u201cdecidieran\u201d echar atr\u00e1s su pretensi\u00f3n de conformar un nuevo grupo legislativo junto con \u201cel Diputaco\u201d Erik Iv\u00e1n Aguilar L\u00f3pez, a quien sabr\u00e1 Dios si le avisaron o lo agarraron como al Tigre de Santa Julia\u2026 insisto, de acuerdo a los n\u00fameros, porque Morena, al hacer un conteo a ojo de buen cubero, ten\u00eda 27 diputados lo que as\u00ed, le da la mayor\u00eda absoluta. Si quieren, s\u00famenle a Alexis S\u00e1nchez Garc\u00eda, de Movimiento Ciudadano que ya m\u00e1s bien parece de \u201cMoreniento Ciudadano\u201d.<\/p>\n<p dir=\"ltr\">\u00bfQu\u00e9 significa Mayor\u00eda Absoluta en este caso? En t\u00e9rminos llanos, le concede el derecho al partido que la tenga, de ser el mand\u00f3n de la Junta de Coordinaci\u00f3n Pol\u00edtica y hasta el momento, de acuerdo a los n\u00fameros, d\u00e1ndole el beneficio de la duda a Pit\u00e1goras, El Car\u00f3n la tiene.<\/p>\n<p dir=\"ltr\">Si bien es cierto, los n\u00fameros no mienten, la pol\u00edtica s\u00ed.<\/p>\n<p dir=\"ltr\">En lo particular, el hecho de que el Presupuesto de Egresos 2019 haya sido aprobado en su mayor\u00eda, habla de que por fin, las bancadas de todos los partidos se sentaron a discutir, analizar, estudiar, y por qu\u00e9 no, aflojar, apretar, meter y sacar, en aras de un solo prop\u00f3sito: el equilibrio de fuerzas. No se entienda esto como que ya son iguales en cuesti\u00f3n de peso (que no pesos) cada grupo legislativo, pero s\u00ed el que se respete la opini\u00f3n, puntos de vista y hasta propuestas de todos en aras de que de un modo u otro, la mayor\u00eda salga ganando\u2026 as\u00ed, democr\u00e1ticamente.<\/p>\n<p dir=\"ltr\">Al haber una mayor\u00eda, y tambi\u00e9n una democracia, es evidente que no todos salgan contentos, pero es parte del juego\u2026 ah\u00ed entra la minor\u00eda.<\/p>\n<p dir=\"ltr\">En este caso, podemos entender a la Minor\u00eda como a Maleno Rosales, Jessica Ram\u00edrez y Augusto Alvarez Pellico, que fueron obligados o se vieron obligados a desistir de conformar un grupo legislativo cuando todo pintaba que este jueves, ser\u00eda obvia la escisi\u00f3n o fracci\u00f3n dentro de Morena en el Congreso local. Es decir, dando y dando\u2026 Morena cede, pero los otros ceden.<\/p>\n<p dir=\"ltr\">Claro, de que hay divisi\u00f3n dentro de Morena, \u00a1la hay! \u00a1Y est\u00e1 expuesta! Al igual que la hay en la fracci\u00f3n del PRI, donde Juan Carlos Molina Palacios se declar\u00f3 \u201csin grupo legislativo\u201d, dijera Jos\u00e9 Manuel Pozos Castro; o qu\u00e9 decir del PAN, donde se ha respetado la diferencia de opiniones y criterios de algunas de sus diputadas\u2026 en pocas palabras, s\u00ed, puede haber diferencias en cualquier lado\u2026 hasta en la casa.<\/p>\n<p dir=\"ltr\">Y s\u00ed, hay que celebrar en Morena estas diferencias, pues ello nos lleva a creer que la mayor\u00eda absoluta tiene personas con criterio propio, con decisiones propias, ideales cimentados\u2026 pero que deben ser escuchados, antes que cualquier cosa, \u00a0por cada cabeza de manada\u2026<\/p>\n<p dir=\"ltr\">Recordemos a la diputada del PAN, Nora Jessica Lagunes J\u00e1uregui, quien mantiene unos pasos de C\u00e9sar Leal Angulo: si piensas distinto, primero habla con tu bancada; si no, entonces habla con tu coordinador; si no, explica tu posici\u00f3n en tribuna; pero si tu posici\u00f3n va contra los principios del partido, no expongas tu idea.<\/p>\n<p dir=\"ltr\">G\u00f3mez Cazar\u00edn debe tener en claro ya esos pasos pero todav\u00eda mejor: esos diputados de Morena que pudieran no comulgar con Equis o Ye, debieran aprenderlos si es que quieren fortificar este proyecto pol\u00edtico llamado Morena, m\u00e1s teniendo en cuenta que al menos en Veracruz, tendr\u00e1n su primera prueba de fuego en tres a\u00f1os&#8230;<\/p>\n<p dir=\"ltr\">\u00bfY el Diputaco Erik Iv\u00e1n Aguilar L\u00f3pez? Pues todo parece indicar que regresa a El Lado Correcto de la Historia pero deja al PT, es decir, se vuelve independiente pero con Grupo Legislativo, a diferencia de Molina Palacios, que parece ya El Ranchero Solitario.<\/p>\n<p dir=\"ltr\">Lo que s\u00ed es un hecho, es que Gonzalo Gu\u00edzar Valladares har\u00e1 todo lo posible porque Ricardo Serna Barajas (El Indio Brayan pa los cuates) se quede en esa bancada y no regrese a la del PAN, en aras de seguir fortaleciendo lo que ser\u00eda de un modo u otro, la tercera fuerza pol\u00edtica en el Congreso local\u2026 es pol\u00edtica, pues.<\/p>\n<p dir=\"ltr\">Ahora que si se trata de fortalecer a las bancadas, es buen momento para que G\u00f3mez Cazar\u00edn lo haga\u2026 ya vivi\u00f3 qu\u00e9 tan ef\u00edmera puede ser la Mayor\u00eda Absoluta, pero tambi\u00e9n hay que recordar que lo que no te mata\u2026 con la mano en la cintura puede tener la Jucopo durante los tres a\u00f1os como en su momento lo hizo Sergio Hern\u00e1ndez (que fue de dos) en la pasada Legislatura, y de eso, lo ha de recordar muy bien Amado Cruz Malpica. As\u00ed que El Car\u00f3n tiene por obligaci\u00f3n, adem\u00e1s de conciliar, dialogar y concertar con sus morenos, hacer que pese Pit\u00e1goras\u2026<\/p>\n<p dir=\"ltr\"><a href=\"mailto:smcainito@gmail.com\" target=\"_blank\">smcainito@gmail.com<\/a><\/p>\n<\/div>\n","protected":false},"excerpt":{"rendered":"<p>Salvador Mu\u00f1oz Los Pol\u00edticos Si nos atenemos a los n\u00fameros, por el momento, la Junta de Coordinaci\u00f3n Pol\u00edtica del Congreso de Veracruz, no se mueve, es decir, Juan Javier \u201cEl Car\u00f3n\u201d G\u00f3mez Cisneros, sigue al frente de tal. Esto, despu\u00e9s de que los tres morenos alebrestados \u201cdecidieran\u201d echar atr\u00e1s su pretensi\u00f3n de conformar un nuevo [&hellip;]<\/p>\n","protected":false},"author":2,"featured_media":47089,"comment_status":"open","ping_status":"open","sticky":false,"template":"","format":"standard","meta":{"_jetpack_newsletter_access":"","_jetpack_dont_email_post_to_subs":false,"_jetpack_newsletter_tier_id":0,"_jetpack_memberships_contains_paywalled_content":false,"_jetpack_memberships_contains_paid_content":false,"footnotes":""},"categories":[70],"tags":[12586,5618,13139,12698,13040,438,14060,11958,3256,14059,9418,9444,13812,7629,2646,6142],"class_list":["post-47088","post","type-post","status-publish","format-standard","has-post-thumbnail","hentry","category-de-opinion","tag-alexis-sanchez-garcia","tag-amado-cruz-malpica","tag-diputaco","tag-el-caron","tag-erik-ivan-aguilar-lopez","tag-gonzalo-guizar-valladares","tag-jessica-ramirez","tag-jose-manuel-pozos-castro","tag-juan-carlos-molina-palacios","tag-juan-javier-gomez-cisneros","tag-jucopo","tag-junta-de-coordinacion-politica","tag-maleno-rosales","tag-ricardo-serna-barajas","tag-salvador-munoz","tag-sergio-hernandez"],"jetpack_featured_media_url":"https:\/\/lospoliticosveracruz.com.mx\/wp-content\/uploads\/2019\/02\/Caron1.jpg","jetpack_sharing_enabled":true,"jetpack_shortlink":"https:\/\/wp.me\/p4Qcd3-cfu","_links":{"self":[{"href":"https:\/\/lospoliticosveracruz.com.mx\/index.php?rest_route=\/wp\/v2\/posts\/47088","targetHints":{"allow":["GET"]}}],"collection":[{"href":"https:\/\/lospoliticosveracruz.com.mx\/index.php?rest_route=\/wp\/v2\/posts"}],"about":[{"href":"https:\/\/lospoliticosveracruz.com.mx\/index.php?rest_route=\/wp\/v2\/types\/post"}],"author":[{"embeddable":true,"href":"https:\/\/lospoliticosveracruz.com.mx\/index.php?rest_route=\/wp\/v2\/users\/2"}],"replies":[{"embeddable":true,"href":"https:\/\/lospoliticosveracruz.com.mx\/index.php?rest_route=%2Fwp%2Fv2%2Fcomments&post=47088"}],"version-history":[{"count":1,"href":"https:\/\/lospoliticosveracruz.com.mx\/index.php?rest_route=\/wp\/v2\/posts\/47088\/revisions"}],"predecessor-version":[{"id":47090,"href":"https:\/\/lospoliticosveracruz.com.mx\/index.php?rest_route=\/wp\/v2\/posts\/47088\/revisions\/47090"}],"wp:featuredmedia":[{"embeddable":true,"href":"https:\/\/lospoliticosveracruz.com.mx\/index.php?rest_route=\/wp\/v2\/media\/47089"}],"wp:attachment":[{"href":"https:\/\/lospoliticosveracruz.com.mx\/index.php?rest_route=%2Fwp%2Fv2%2Fmedia&parent=47088"}],"wp:term":[{"taxonomy":"category","embeddable":true,"href":"https:\/\/lospoliticosveracruz.com.mx\/index.php?rest_route=%2Fwp%2Fv2%2Fcategories&post=47088"},{"taxonomy":"post_tag","embeddable":true,"href":"https:\/\/lospoliticosveracruz.com.mx\/index.php?rest_route=%2Fwp%2Fv2%2Ftags&post=47088"}],"curies":[{"name":"wp","href":"https:\/\/api.w.org\/{rel}","templated":true}]}}