{"id":47221,"date":"2019-03-08T07:27:29","date_gmt":"2019-03-08T13:27:29","guid":{"rendered":"http:\/\/www.lospoliticosveracruz.com.mx\/?p=47221"},"modified":"2019-03-08T07:27:29","modified_gmt":"2019-03-08T13:27:29","slug":"cuic-al-rescate-del-wtc","status":"publish","type":"post","link":"https:\/\/lospoliticosveracruz.com.mx\/?p=47221","title":{"rendered":"Cuic, al rescate del WTC"},"content":{"rendered":"<p class=\"m_-7670345341066854238MsoNoSpacing\"><b><\/b>Al tomar protesta a los integrantes del Comit\u00e9 T\u00e9cnico del Fideicomiso P\u00fablico del Centro de Exposiciones y Convenciones de Veracruz, el gobernador Cuitl\u00e1huac Garc\u00eda Jim\u00e9nez anunci\u00f3 una inversi\u00f3n significativa para garantizar la permanencia y expansi\u00f3n de la franquicia del World Trade Center (WTC).<\/p>\n<p class=\"m_-7670345341066854238MsoNoSpacing\">En su car\u00e1cter de presidente del Fideicomiso, subray\u00f3 la importancia de recuperar el espacio y posicionarlo como el Centro de Convenciones m\u00e1s importante del estado.<u><\/u><u><\/u><\/p>\n<p class=\"m_-7670345341066854238MsoNoSpacing\"><u><\/u>\u00a0<u><\/u>Los integrantes del Comit\u00e9 T\u00e9cnico del Fideicomiso P\u00fablico del Centro de Exposiciones y Convenciones de Veracruz que rindieron protesta son los titulares de las secretar\u00edas de Desarrollo econ\u00f3mico y Portuario (SEDECOP), Ernesto P\u00e9rez Atorga; de Turismo y Cultura (SECTUR), Xochitl Arbes\u00fa Lago; y de Finanzas y Planeaci\u00f3n (SEFIPLAN); Jos\u00e9 Luis Lima Franco.\u00a0 <u><\/u><u><\/u><\/p>\n<p class=\"m_-7670345341066854238MsoNoSpacing\"><u><\/u>\u00a0<u><\/u>En el acto protocolario se aprob\u00f3 por unanimidad el nombramiento de Pabel Pazos Rinc\u00f3n como secretario t\u00e9cnico del Fideicomiso, y el Gobernador le tom\u00f3 protesta.<u><\/u><u><\/u><\/p>\n<p class=\"m_-7670345341066854238MsoNoSpacing\"><u><\/u>\u00a0<u><\/u>Adem\u00e1s, en Veracruz el Mandatario encabez\u00f3 la Primera Sesi\u00f3n Extraordinaria del Ejercicio 2019 del Consejo de Administraci\u00f3n de API Sistema Portuario Veracruzano, donde tom\u00f3 protesta a Jorge Luis Fern\u00e1ndez Bravo como nuevo director general.<u><\/u><u><\/u><\/p>\n<p class=\"m_-7670345341066854238MsoNoSpacing\"><u><\/u>\u00a0<u><\/u>Tambi\u00e9n se plantearon los objetivos para este a\u00f1o, como poner en marcha una red de puertos log\u00edsticos de almacenamiento de combustible, para detonar la econom\u00eda de la entidad; as\u00ed como la continuidad de las obras de ampliaci\u00f3n portuaria en Veracruz, con inversi\u00f3n de la iniciativa privada y los gobiernos Estatal y Federal.<\/p>\n","protected":false},"excerpt":{"rendered":"<p>Al tomar protesta a los integrantes del Comit\u00e9 T\u00e9cnico del Fideicomiso P\u00fablico del Centro de Exposiciones y Convenciones de Veracruz, el gobernador Cuitl\u00e1huac Garc\u00eda Jim\u00e9nez anunci\u00f3 una inversi\u00f3n significativa para garantizar la permanencia y expansi\u00f3n de la franquicia del World Trade Center (WTC). En su car\u00e1cter de presidente del Fideicomiso, subray\u00f3 la importancia de recuperar [&hellip;]<\/p>\n","protected":false},"author":2,"featured_media":47222,"comment_status":"open","ping_status":"open","sticky":false,"template":"","format":"standard","meta":{"_jetpack_newsletter_access":"","_jetpack_dont_email_post_to_subs":false,"_jetpack_newsletter_tier_id":0,"_jetpack_memberships_contains_paywalled_content":false,"_jetpack_memberships_contains_paid_content":false,"footnotes":""},"categories":[73],"tags":[14147,1563,14148,14149,13713,12607],"class_list":["post-47221","post","type-post","status-publish","format-standard","has-post-thumbnail","hentry","category-de-boleto","tag-centro-de-convenciones","tag-cuitlahuac-garcia-jimenez","tag-ernesto-perez-atorga","tag-jorge-luis-fernandez-bravo","tag-jose-luis-lima-franco","tag-xochitl-arbesu-lago"],"jetpack_featured_media_url":"https:\/\/lospoliticosveracruz.com.mx\/wp-content\/uploads\/2019\/03\/WTC-Cuitl\u00e1huac.jpeg","jetpack_sharing_enabled":true,"jetpack_shortlink":"https:\/\/wp.me\/p4Qcd3-chD","_links":{"self":[{"href":"https:\/\/lospoliticosveracruz.com.mx\/index.php?rest_route=\/wp\/v2\/posts\/47221","targetHints":{"allow":["GET"]}}],"collection":[{"href":"https:\/\/lospoliticosveracruz.com.mx\/index.php?rest_route=\/wp\/v2\/posts"}],"about":[{"href":"https:\/\/lospoliticosveracruz.com.mx\/index.php?rest_route=\/wp\/v2\/types\/post"}],"author":[{"embeddable":true,"href":"https:\/\/lospoliticosveracruz.com.mx\/index.php?rest_route=\/wp\/v2\/users\/2"}],"replies":[{"embeddable":true,"href":"https:\/\/lospoliticosveracruz.com.mx\/index.php?rest_route=%2Fwp%2Fv2%2Fcomments&post=47221"}],"version-history":[{"count":1,"href":"https:\/\/lospoliticosveracruz.com.mx\/index.php?rest_route=\/wp\/v2\/posts\/47221\/revisions"}],"predecessor-version":[{"id":47223,"href":"https:\/\/lospoliticosveracruz.com.mx\/index.php?rest_route=\/wp\/v2\/posts\/47221\/revisions\/47223"}],"wp:featuredmedia":[{"embeddable":true,"href":"https:\/\/lospoliticosveracruz.com.mx\/index.php?rest_route=\/wp\/v2\/media\/47222"}],"wp:attachment":[{"href":"https:\/\/lospoliticosveracruz.com.mx\/index.php?rest_route=%2Fwp%2Fv2%2Fmedia&parent=47221"}],"wp:term":[{"taxonomy":"category","embeddable":true,"href":"https:\/\/lospoliticosveracruz.com.mx\/index.php?rest_route=%2Fwp%2Fv2%2Fcategories&post=47221"},{"taxonomy":"post_tag","embeddable":true,"href":"https:\/\/lospoliticosveracruz.com.mx\/index.php?rest_route=%2Fwp%2Fv2%2Ftags&post=47221"}],"curies":[{"name":"wp","href":"https:\/\/api.w.org\/{rel}","templated":true}]}}