{"id":47258,"date":"2019-03-10T22:55:43","date_gmt":"2019-03-11T04:55:43","guid":{"rendered":"http:\/\/www.lospoliticosveracruz.com.mx\/?p=47258"},"modified":"2019-03-10T21:18:40","modified_gmt":"2019-03-11T03:18:40","slug":"mujeres-y-hombres-por-el-pri","status":"publish","type":"post","link":"https:\/\/lospoliticosveracruz.com.mx\/?p=47258","title":{"rendered":"Mujeres y hombres por el PRI"},"content":{"rendered":"<p dir=\"ltr\"><strong>Salvador Mu\u00f1oz<\/strong><\/p>\n<p><em>Los Pol\u00edticos<\/em><\/p>\n<p dir=\"ltr\">La renovaci\u00f3n de la dirigencia nacional del PRI con 90 a\u00f1os de vida, suena interesante cuando se suma Ren\u00e9 Ju\u00e1rez Cisneros a los cuatro tiradores que han citado, como son Ismael Hern\u00e1ndez Deras, Jos\u00e9 Narro, Ivonne Ortega y Alejandro Moreno. Al menos, en lo que escucho del pri\u00edsmo local, del jarocho, muchos tienen una percepci\u00f3n muy similar para cada uno de los aspirantes a ocupar el edificio de Insurgentes 59 all\u00e1 en la Ciudad de M\u00e9xico.<\/p>\n<p dir=\"ltr\">Por ejemplo, en el caso de Ismael Hern\u00e1ndez Deras, creen que desde la dirigencia de la CNC puede fortalecer sus aspiraciones.<\/p>\n<p dir=\"ltr\">Por otro lado, Jos\u00e9 Narro puede representar el lado m\u00e1s puro y blanco del pri\u00edsmo en una etapa donde sus m\u00e1s recientes representantes est\u00e1n lejos de ser vistos por la sociedad como algo bueno\u2026 Narro es algo as\u00ed como como el alter-ego de L\u00f3pez Obrador pero en pri\u00edsta: representa lo honesto, lo intachable, lo inmaculado, lo anticorrupto\u2026 aunque habr\u00eda que ver si tiene la fuerza para ser m\u00e1s que un l\u00edder moral, un l\u00edder que jale, que encienda la pasi\u00f3n que a estas alturas, es de lo que m\u00e1s adolece el Revolucionario Institucional\u2026<\/p>\n<p dir=\"ltr\">Para muchas, Ivonne Ortega bien pudiera ser esa secuencia que hoy mantiene Claudia Ruiz Massieu\u2026 es decir, que la mujer conserve la hegemon\u00eda en el partido en espera de que su caso se replicara en otras latitudes estatales, en aras de que el pri\u00edsmo pueda darle un giro total a su liderazgo\u2026<\/p>\n<p dir=\"ltr\">Alejandro Moreno, conocido como Alito, es considerado la burla incluso al interior del partido, por ser de esos pri\u00edstas que fue muy bravuc\u00f3n con el entonces candidato a la presidencia de la Rep\u00fablica, al grado de se\u00f1alar que \u201clo iba a educar por llor\u00f3n\u201d y acaba por \u201centregarse\u201d a sus pies en cuanto gana las elecciones el tabasque\u00f1o\u2026 ahora en lugar de \u201cAlito\u201d, le dicen \u201cAmlito\u201d&#8230;<\/p>\n<p dir=\"ltr\">Hay quienes recuerdan a Ren\u00e9 Ju\u00e1rez Cisneros en su breve paso como dirigente del PRI en las pasadas elecciones al lado de Pepe Meade. Hay quienes aseguran que tenia rato que no se ve\u00eda tanta enjundia, fuerza, motivaci\u00f3n y coraje en un dirigente partidista como se le vio al \u201cNegro\u201d, como se le conoce\u2026 muchos ven con agrado y lanzan a la imaginaci\u00f3n tener un l\u00edder como tal\u2026<\/p>\n<p dir=\"ltr\">As\u00ed se ve el panorama para el PRI en pos de su renovaci\u00f3n a nivel nacional\u2026 \u00bfy en el estatal?<\/p>\n<p dir=\"ltr\">Al menos en Veracruz, se cuentan a 11 tiradores entre cinco mujeres y seis varones, siendo Guadalupe Porras, Silvia Dom\u00ednguez, Zayda Llad\u00f3, Damara G\u00f3mez e Ira\u00eds Morales; as\u00ed tambi\u00e9n Antonio Ben\u00edtez Lucho, Marlon Ram\u00edrez Mar\u00edn, Adolfo Ram\u00edrez Arana, Carlos Aceves, Ra\u00fal D\u00edaz Diez y Jorge Landa\u2026<\/p>\n<p dir=\"ltr\">A algunas y algunos los encasillan dentro del fidelismo y duartismo as\u00ed como al hectorismo.<\/p>\n<p dir=\"ltr\">Algunas y algunos son pocos conocidos incluso en su misma aldea y otros, dicen, no me consta, s\u00f3lo conocen la zona conurbada de Veracruz-Boca del R\u00edo\u2026 pero la entidad, \u201cnanai\u201d.<\/p>\n<p dir=\"ltr\">Pocas pueden presumir trabajo no s\u00f3lo partidista sino social, y muchos s\u00f3lo se quedan con su trabajo pol\u00edtico pero no les reconocen trabajo comunitario, social o de cierto modo, activista.<\/p>\n<p dir=\"ltr\">Algunas y algunos militantes del PRI esperan que la renovaci\u00f3n de la dirigencia d\u00e9 lugar a las mujeres, donde al menos dos, est\u00e1n lejos de compadrazgos o \u201cismos\u201d, y en el caso de los varones, si no hay parentela de por medio, hay padrinos\u2026<\/p>\n<p dir=\"ltr\">Ser\u00e1 interesante ver qu\u00e9 tan democr\u00e1tico se ha de comportar el PRI de Veracruz tras dos a\u00f1os de ser oposici\u00f3n y donde al parecer, hasta apenas le va cayendo el 20\u2026<\/p>\n<p>&nbsp;<\/p>\n<p dir=\"ltr\">smcainito@gmail.com<\/p>\n","protected":false},"excerpt":{"rendered":"<p>Salvador Mu\u00f1oz Los Pol\u00edticos La renovaci\u00f3n de la dirigencia nacional del PRI con 90 a\u00f1os de vida, suena interesante cuando se suma Ren\u00e9 Ju\u00e1rez Cisneros a los cuatro tiradores que han citado, como son Ismael Hern\u00e1ndez Deras, Jos\u00e9 Narro, Ivonne Ortega y Alejandro Moreno. Al menos, en lo que escucho del pri\u00edsmo local, del jarocho, [&hellip;]<\/p>\n","protected":false},"author":2,"featured_media":47259,"comment_status":"open","ping_status":"open","sticky":false,"template":"","format":"standard","meta":{"_jetpack_newsletter_access":"","_jetpack_dont_email_post_to_subs":false,"_jetpack_newsletter_tier_id":0,"_jetpack_memberships_contains_paywalled_content":false,"_jetpack_memberships_contains_paid_content":false,"footnotes":""},"categories":[70],"tags":[14170,6231,5739,12809,4659,8397,10349,5176,14171,14169,2908,251,194,6669,4638],"class_list":["post-47258","post","type-post","status-publish","format-standard","has-post-thumbnail","hentry","category-de-opinion","tag-alejandro-moreno","tag-carlos-aceves","tag-claudia-ruiz-massieu","tag-damara-gomez","tag-guadalupe-porras","tag-irais-morales","tag-ismael-hernandez-deras","tag-ivonne-ortega","tag-jorge-landa","tag-jose-narro","tag-marlon-ramirez-marin","tag-pri","tag-raul-diaz-diez","tag-rene-juarez-cisneros","tag-silvia-dominguez"],"jetpack_featured_media_url":"https:\/\/lospoliticosveracruz.com.mx\/wp-content\/uploads\/2019\/03\/PRI.png","jetpack_sharing_enabled":true,"jetpack_shortlink":"https:\/\/wp.me\/p4Qcd3-cie","_links":{"self":[{"href":"https:\/\/lospoliticosveracruz.com.mx\/index.php?rest_route=\/wp\/v2\/posts\/47258","targetHints":{"allow":["GET"]}}],"collection":[{"href":"https:\/\/lospoliticosveracruz.com.mx\/index.php?rest_route=\/wp\/v2\/posts"}],"about":[{"href":"https:\/\/lospoliticosveracruz.com.mx\/index.php?rest_route=\/wp\/v2\/types\/post"}],"author":[{"embeddable":true,"href":"https:\/\/lospoliticosveracruz.com.mx\/index.php?rest_route=\/wp\/v2\/users\/2"}],"replies":[{"embeddable":true,"href":"https:\/\/lospoliticosveracruz.com.mx\/index.php?rest_route=%2Fwp%2Fv2%2Fcomments&post=47258"}],"version-history":[{"count":1,"href":"https:\/\/lospoliticosveracruz.com.mx\/index.php?rest_route=\/wp\/v2\/posts\/47258\/revisions"}],"predecessor-version":[{"id":47260,"href":"https:\/\/lospoliticosveracruz.com.mx\/index.php?rest_route=\/wp\/v2\/posts\/47258\/revisions\/47260"}],"wp:featuredmedia":[{"embeddable":true,"href":"https:\/\/lospoliticosveracruz.com.mx\/index.php?rest_route=\/wp\/v2\/media\/47259"}],"wp:attachment":[{"href":"https:\/\/lospoliticosveracruz.com.mx\/index.php?rest_route=%2Fwp%2Fv2%2Fmedia&parent=47258"}],"wp:term":[{"taxonomy":"category","embeddable":true,"href":"https:\/\/lospoliticosveracruz.com.mx\/index.php?rest_route=%2Fwp%2Fv2%2Fcategories&post=47258"},{"taxonomy":"post_tag","embeddable":true,"href":"https:\/\/lospoliticosveracruz.com.mx\/index.php?rest_route=%2Fwp%2Fv2%2Ftags&post=47258"}],"curies":[{"name":"wp","href":"https:\/\/api.w.org\/{rel}","templated":true}]}}