{"id":47307,"date":"2019-03-13T07:29:26","date_gmt":"2019-03-13T13:29:26","guid":{"rendered":"http:\/\/www.lospoliticosveracruz.com.mx\/?p=47307"},"modified":"2019-03-13T07:29:26","modified_gmt":"2019-03-13T13:29:26","slug":"caso-tierra-blanca-implicados-seguiran-entambados","status":"publish","type":"post","link":"https:\/\/lospoliticosveracruz.com.mx\/?p=47307","title":{"rendered":"Caso Tierra Blanca: implicados seguir\u00e1n entambados"},"content":{"rendered":"<p>Un juez federal exoner\u00f3 del cargo de Delincuencia Organizada a los 21 implicados en el caso de la desaparici\u00f3n forzada y asesinato de 5 j\u00f3venes originarios de Playa Vicente. A estas 21 personas la Fiscal\u00eda General de la Rep\u00fablica (antes PGR) les investig\u00f3 y acus\u00f3 por los delitos federales de delincuencia organizada y otros, de los cuales por resoluci\u00f3n del juez federal se determin\u00f3 no acreditarse el delito.<br \/>\nSin embargo, es importante se\u00f1alar que estas 21 personas NO quedar\u00e1n libres, ya que la Fiscal\u00eda General del Estado de Veracruz, los tiene sujetos a sendos autos de formal prisi\u00f3n, por su probable participaci\u00f3n en los delitos de homicidio y de desaparici\u00f3n forzada en contra de los j\u00f3venes de Tierra Blanca.<br \/>\nLa Fiscal\u00eda General de Justicia del Estado de Veracruz reitera el compromiso moral ineludible que tiene con los padres de familia, familiares y amigos de los j\u00f3venes asesinados, para que en este caso se haga justicia y no impere la impunidad.<\/p>\n","protected":false},"excerpt":{"rendered":"<p>Un juez federal exoner\u00f3 del cargo de Delincuencia Organizada a los 21 implicados en el caso de la desaparici\u00f3n forzada y asesinato de 5 j\u00f3venes originarios de Playa Vicente. A estas 21 personas la Fiscal\u00eda General de la Rep\u00fablica (antes PGR) les investig\u00f3 y acus\u00f3 por los delitos federales de delincuencia organizada y otros, de [&hellip;]<\/p>\n","protected":false},"author":2,"featured_media":46582,"comment_status":"open","ping_status":"open","sticky":false,"template":"","format":"standard","meta":{"_jetpack_newsletter_access":"","_jetpack_dont_email_post_to_subs":false,"_jetpack_newsletter_tier_id":0,"_jetpack_memberships_contains_paywalled_content":false,"_jetpack_memberships_contains_paid_content":false,"footnotes":""},"categories":[73],"tags":[6393,1035,4116,14203,3198,195],"class_list":["post-47307","post","type-post","status-publish","format-standard","has-post-thumbnail","hentry","category-de-boleto","tag-delincuencia-organizada","tag-desaparicion-forzada","tag-fiscalia-general-del-estado","tag-implicados","tag-tierra-blanca","tag-veracruz"],"jetpack_featured_media_url":"https:\/\/lospoliticosveracruz.com.mx\/wp-content\/uploads\/2019\/01\/Fiscalia.jpeg","jetpack_sharing_enabled":true,"jetpack_shortlink":"https:\/\/wp.me\/p4Qcd3-cj1","_links":{"self":[{"href":"https:\/\/lospoliticosveracruz.com.mx\/index.php?rest_route=\/wp\/v2\/posts\/47307","targetHints":{"allow":["GET"]}}],"collection":[{"href":"https:\/\/lospoliticosveracruz.com.mx\/index.php?rest_route=\/wp\/v2\/posts"}],"about":[{"href":"https:\/\/lospoliticosveracruz.com.mx\/index.php?rest_route=\/wp\/v2\/types\/post"}],"author":[{"embeddable":true,"href":"https:\/\/lospoliticosveracruz.com.mx\/index.php?rest_route=\/wp\/v2\/users\/2"}],"replies":[{"embeddable":true,"href":"https:\/\/lospoliticosveracruz.com.mx\/index.php?rest_route=%2Fwp%2Fv2%2Fcomments&post=47307"}],"version-history":[{"count":1,"href":"https:\/\/lospoliticosveracruz.com.mx\/index.php?rest_route=\/wp\/v2\/posts\/47307\/revisions"}],"predecessor-version":[{"id":47308,"href":"https:\/\/lospoliticosveracruz.com.mx\/index.php?rest_route=\/wp\/v2\/posts\/47307\/revisions\/47308"}],"wp:featuredmedia":[{"embeddable":true,"href":"https:\/\/lospoliticosveracruz.com.mx\/index.php?rest_route=\/wp\/v2\/media\/46582"}],"wp:attachment":[{"href":"https:\/\/lospoliticosveracruz.com.mx\/index.php?rest_route=%2Fwp%2Fv2%2Fmedia&parent=47307"}],"wp:term":[{"taxonomy":"category","embeddable":true,"href":"https:\/\/lospoliticosveracruz.com.mx\/index.php?rest_route=%2Fwp%2Fv2%2Fcategories&post=47307"},{"taxonomy":"post_tag","embeddable":true,"href":"https:\/\/lospoliticosveracruz.com.mx\/index.php?rest_route=%2Fwp%2Fv2%2Ftags&post=47307"}],"curies":[{"name":"wp","href":"https:\/\/api.w.org\/{rel}","templated":true}]}}