{"id":47397,"date":"2019-03-16T11:08:06","date_gmt":"2019-03-16T17:08:06","guid":{"rendered":"http:\/\/www.lospoliticosveracruz.com.mx\/?p=47397"},"modified":"2019-03-16T11:08:06","modified_gmt":"2019-03-16T17:08:06","slug":"revocacion-de-mandato-2","status":"publish","type":"post","link":"https:\/\/lospoliticosveracruz.com.mx\/?p=47397","title":{"rendered":"Revocaci\u00f3n de Mandato"},"content":{"rendered":"<p><strong>Brenda Caballero<\/strong><\/p>\n<p><em>N\u00fameros Rojos<\/em><\/p>\n<p>Con 328 votos a favor, 2 abstenciones y 153 en contra,\u00a0\u00a0la C\u00e1mara de Diputados aprob\u00f3 la reforma a la Consulta Popular que permitir\u00e1 la revocaci\u00f3n de mandato, impulsada por el Presidente Andr\u00e9s Manuel L\u00f3pez Obrador y el partido de Morena\u2026 pero, \u00bfqu\u00e9 es la Revocaci\u00f3n de Mandato?<\/p>\n<p>Es un mecanismo de democracia directa a trav\u00e9s del cual el electorado puede votar para decidir si alg\u00fan mandatario debe ser removido de su cargo antes de concluir su periodo original.<\/p>\n<p>La revocaci\u00f3n de mandato desde hace muchos a\u00f1os ha sido un deseo ferviente de los ciudadanos que han querido quitar a sus malos gobernantes, sin poderlo conseguir.<\/p>\n<p>D\u00e9jeme decirle que en M\u00e9xico ya se puede remover al Presidente, Gobernadores y alcaldes mediante un juicio a cargo del Congreso, sin embargo ahora se\u00a0\u00a0le agrega la parte popular: \u201cEl pueblo pone y el pueblo quita\u201d.<\/p>\n<p>Durante la campa\u00f1a presidencial, L\u00f3pez Obrador y Ricardo Anaya se pronunciaron a favor de esta figura.<\/p>\n<p>En Am\u00e9rica Latina la revocaci\u00f3n ya ha sido utilizada por Hugo Ch\u00e1vez, en Venezuela, y Evo Morales, en Bolivia, y contrario a dejar el cargo antes de concluir su periodo, les sirvi\u00f3 para reelegirse.<\/p>\n<p>Esta es la raz\u00f3n por la que la oposici\u00f3n en la C\u00e1mara de Diputados y sus aliados, consideran que esta reforma es una estrategia para que en las elecciones para la renovaci\u00f3n de Diputados federales del\u00a06 de junio de 2021, cuando se vote\u00a0igual por la revocaci\u00f3n de mandato, los electores vuelvan a votar por Morena en cascada y con esto, el partido del Peje asegure nuevamente una mayor\u00eda legislativa. Esto sin duda, generar\u00eda una inequidad en la contienda electoral.<\/p>\n<p>Por otra parte, los aliados de AMLO han dicho que nada de esto pasar\u00e1, que la revocaci\u00f3n de mandato es solamente que el pueblo pueda decidir si ratifica al Presidente a la mitad de su periodo de gobierno. Algo as\u00ed como una reelecci\u00f3n, pero dentro de su mismo mandato.<\/p>\n<p>Pero \u00bfQu\u00e9 pasar\u00eda si AMLO pierde? Siempre se puede recurrir a los Tribunales y a la Corte y hasta se habla de perpetuarse en el poder como lo hizo Evo Morales.<\/p>\n<p>En mi opini\u00f3n, la revocaci\u00f3n de mandato por consulta popular sin duda es un excelente mecanismo democr\u00e1tico para nuestro pa\u00eds, si se lleva a cabo considerando los siguientes aspectos:<\/p>\n<p>-Que se realice en fecha diferente al de las elecciones del 2021.<\/p>\n<p>-Que sea solamente una \u00fanica vez durante su mandato.<\/p>\n<p>-Que el dictamen no tenga efectos retroactivos.<\/p>\n<p>-Que los legisladores afines al Presidente se comprometan a no modificar m\u00e1s la Constituci\u00f3n en este aspecto.<\/p>\n<p>Y sobre todo que verdaderamente el Pueblo ponga o quite, pero con conocimiento de causa.<\/p>\n<p>&nbsp;<\/p>\n<p>&nbsp;<\/p>\n<p>@NumerosRojos_BC<\/p>\n<p>Email:\u00a0<a href=\"mailto:caballero_brenda@hotmail.com\">caballero_brenda@hotmail.com<\/a><\/p>\n","protected":false},"excerpt":{"rendered":"<p>Brenda Caballero N\u00fameros Rojos Con 328 votos a favor, 2 abstenciones y 153 en contra,\u00a0\u00a0la C\u00e1mara de Diputados aprob\u00f3 la reforma a la Consulta Popular que permitir\u00e1 la revocaci\u00f3n de mandato, impulsada por el Presidente Andr\u00e9s Manuel L\u00f3pez Obrador y el partido de Morena\u2026 pero, \u00bfqu\u00e9 es la Revocaci\u00f3n de Mandato? Es un mecanismo de [&hellip;]<\/p>\n","protected":false},"author":2,"featured_media":47398,"comment_status":"open","ping_status":"open","sticky":false,"template":"","format":"standard","meta":{"_jetpack_newsletter_access":"","_jetpack_dont_email_post_to_subs":false,"_jetpack_newsletter_tier_id":0,"_jetpack_memberships_contains_paywalled_content":false,"_jetpack_memberships_contains_paid_content":false,"footnotes":""},"categories":[70],"tags":[618,13257,2687,1313,11559,1026,14240],"class_list":["post-47397","post","type-post","status-publish","format-standard","has-post-thumbnail","hentry","category-de-opinion","tag-andres-manuel-lopez-obrador","tag-bolivia","tag-brenda-caballero","tag-evo-morales","tag-hugo-chavez","tag-morena","tag-revocacion-de-mandato"],"jetpack_featured_media_url":"https:\/\/lospoliticosveracruz.com.mx\/wp-content\/uploads\/2019\/03\/Revocar.jpg","jetpack_sharing_enabled":true,"jetpack_shortlink":"https:\/\/wp.me\/p4Qcd3-ckt","_links":{"self":[{"href":"https:\/\/lospoliticosveracruz.com.mx\/index.php?rest_route=\/wp\/v2\/posts\/47397","targetHints":{"allow":["GET"]}}],"collection":[{"href":"https:\/\/lospoliticosveracruz.com.mx\/index.php?rest_route=\/wp\/v2\/posts"}],"about":[{"href":"https:\/\/lospoliticosveracruz.com.mx\/index.php?rest_route=\/wp\/v2\/types\/post"}],"author":[{"embeddable":true,"href":"https:\/\/lospoliticosveracruz.com.mx\/index.php?rest_route=\/wp\/v2\/users\/2"}],"replies":[{"embeddable":true,"href":"https:\/\/lospoliticosveracruz.com.mx\/index.php?rest_route=%2Fwp%2Fv2%2Fcomments&post=47397"}],"version-history":[{"count":1,"href":"https:\/\/lospoliticosveracruz.com.mx\/index.php?rest_route=\/wp\/v2\/posts\/47397\/revisions"}],"predecessor-version":[{"id":47399,"href":"https:\/\/lospoliticosveracruz.com.mx\/index.php?rest_route=\/wp\/v2\/posts\/47397\/revisions\/47399"}],"wp:featuredmedia":[{"embeddable":true,"href":"https:\/\/lospoliticosveracruz.com.mx\/index.php?rest_route=\/wp\/v2\/media\/47398"}],"wp:attachment":[{"href":"https:\/\/lospoliticosveracruz.com.mx\/index.php?rest_route=%2Fwp%2Fv2%2Fmedia&parent=47397"}],"wp:term":[{"taxonomy":"category","embeddable":true,"href":"https:\/\/lospoliticosveracruz.com.mx\/index.php?rest_route=%2Fwp%2Fv2%2Fcategories&post=47397"},{"taxonomy":"post_tag","embeddable":true,"href":"https:\/\/lospoliticosveracruz.com.mx\/index.php?rest_route=%2Fwp%2Fv2%2Ftags&post=47397"}],"curies":[{"name":"wp","href":"https:\/\/api.w.org\/{rel}","templated":true}]}}