{"id":47407,"date":"2019-03-17T21:04:31","date_gmt":"2019-03-18T03:04:31","guid":{"rendered":"http:\/\/www.lospoliticosveracruz.com.mx\/?p=47407"},"modified":"2019-03-17T21:04:31","modified_gmt":"2019-03-18T03:04:31","slug":"con-jornadas-de-atencion-acerca-cuic-servicios-sociales-a-nautla","status":"publish","type":"post","link":"https:\/\/lospoliticosveracruz.com.mx\/?p=47407","title":{"rendered":"Con jornadas de atenci\u00f3n, acerca Cuic servicios sociales a Nautla"},"content":{"rendered":"<p>&nbsp;<\/p>\n<p>Para reforzar la pol\u00edtica de paz y atenci\u00f3n social a la poblaci\u00f3n, el gobernador Cuitl\u00e1huac Garc\u00eda Jim\u00e9nez arrib\u00f3 a Nautla\u00a0donde supervis\u00f3 los trabajos que realizan las brigadas del Registro Civil y de la Secretar\u00eda de Salud (SS); adem\u00e1s puso en marcha la rehabilitaci\u00f3n del tramo carretero Nautla-Maracaibo.<\/p>\n<p>Se entregaron gratuitamente m\u00e1s de 700 actas de registros extempor\u00e1neos, certificaciones y registros de nacimiento, copias certificadas de matrimonio y defunci\u00f3n, altas en el sistema y asesor\u00edas jur\u00eddicas.<\/p>\n<p>En tan s\u00f3lo 100 d\u00edas de la actual administraci\u00f3n y como resultado de una pol\u00edtica social cercana, el Registro de Poblaci\u00f3n de Veracruz pas\u00f3 de cinco millones a nueve millones 390 mil 619 actas.<\/p>\n<p>Durante el banderazo para la rehabilitaci\u00f3n del tramo Nautla- Maracaibo, el Gobernador anunci\u00f3 que pronto iniciar\u00e1 tambi\u00e9n la de la carretera Tuxpan-Tampico, acciones que detonar\u00e1n el turismo y las inversiones.<\/p>\n<p>Por \u00faltimo, supervis\u00f3 los avances del proyecto del puerto de Nautla, donde se analizaron las obras b\u00e1sicas para la reapertura de este complejo, que impulsar\u00e1 el crecimiento econ\u00f3mico, el bienestar y la seguridad de los habitantes de la zona.<\/p>\n","protected":false},"excerpt":{"rendered":"<p>&nbsp; Para reforzar la pol\u00edtica de paz y atenci\u00f3n social a la poblaci\u00f3n, el gobernador Cuitl\u00e1huac Garc\u00eda Jim\u00e9nez arrib\u00f3 a Nautla\u00a0donde supervis\u00f3 los trabajos que realizan las brigadas del Registro Civil y de la Secretar\u00eda de Salud (SS); adem\u00e1s puso en marcha la rehabilitaci\u00f3n del tramo carretero Nautla-Maracaibo. Se entregaron gratuitamente m\u00e1s de 700 actas [&hellip;]<\/p>\n","protected":false},"author":2,"featured_media":47408,"comment_status":"open","ping_status":"open","sticky":false,"template":"","format":"standard","meta":{"_jetpack_newsletter_access":"","_jetpack_dont_email_post_to_subs":false,"_jetpack_newsletter_tier_id":0,"_jetpack_memberships_contains_paywalled_content":false,"_jetpack_memberships_contains_paid_content":false,"footnotes":""},"categories":[73],"tags":[1563,14252,9162,2029,995],"class_list":["post-47407","post","type-post","status-publish","format-standard","has-post-thumbnail","hentry","category-de-boleto","tag-cuitlahuac-garcia-jimenez","tag-maracaibo","tag-nautla","tag-registro-civil","tag-secretaria-de-salud"],"jetpack_featured_media_url":"https:\/\/lospoliticosveracruz.com.mx\/wp-content\/uploads\/2019\/03\/Nautla-Cuic.jpeg","jetpack_sharing_enabled":true,"jetpack_shortlink":"https:\/\/wp.me\/p4Qcd3-ckD","_links":{"self":[{"href":"https:\/\/lospoliticosveracruz.com.mx\/index.php?rest_route=\/wp\/v2\/posts\/47407","targetHints":{"allow":["GET"]}}],"collection":[{"href":"https:\/\/lospoliticosveracruz.com.mx\/index.php?rest_route=\/wp\/v2\/posts"}],"about":[{"href":"https:\/\/lospoliticosveracruz.com.mx\/index.php?rest_route=\/wp\/v2\/types\/post"}],"author":[{"embeddable":true,"href":"https:\/\/lospoliticosveracruz.com.mx\/index.php?rest_route=\/wp\/v2\/users\/2"}],"replies":[{"embeddable":true,"href":"https:\/\/lospoliticosveracruz.com.mx\/index.php?rest_route=%2Fwp%2Fv2%2Fcomments&post=47407"}],"version-history":[{"count":1,"href":"https:\/\/lospoliticosveracruz.com.mx\/index.php?rest_route=\/wp\/v2\/posts\/47407\/revisions"}],"predecessor-version":[{"id":47409,"href":"https:\/\/lospoliticosveracruz.com.mx\/index.php?rest_route=\/wp\/v2\/posts\/47407\/revisions\/47409"}],"wp:featuredmedia":[{"embeddable":true,"href":"https:\/\/lospoliticosveracruz.com.mx\/index.php?rest_route=\/wp\/v2\/media\/47408"}],"wp:attachment":[{"href":"https:\/\/lospoliticosveracruz.com.mx\/index.php?rest_route=%2Fwp%2Fv2%2Fmedia&parent=47407"}],"wp:term":[{"taxonomy":"category","embeddable":true,"href":"https:\/\/lospoliticosveracruz.com.mx\/index.php?rest_route=%2Fwp%2Fv2%2Fcategories&post=47407"},{"taxonomy":"post_tag","embeddable":true,"href":"https:\/\/lospoliticosveracruz.com.mx\/index.php?rest_route=%2Fwp%2Fv2%2Ftags&post=47407"}],"curies":[{"name":"wp","href":"https:\/\/api.w.org\/{rel}","templated":true}]}}