{"id":47414,"date":"2019-03-18T22:55:42","date_gmt":"2019-03-19T04:55:42","guid":{"rendered":"http:\/\/www.lospoliticosveracruz.com.mx\/?p=47414"},"modified":"2019-03-18T20:45:50","modified_gmt":"2019-03-19T02:45:50","slug":"inseguridad-resultados-en-dos-anos","status":"publish","type":"post","link":"https:\/\/lospoliticosveracruz.com.mx\/?p=47414","title":{"rendered":"Inseguridad: Resultados, en dos a\u00f1os&#8230;"},"content":{"rendered":"<p><strong>Salvador Mu\u00f1oz<\/strong><\/p>\n<p><em>Los Pol\u00edticos<\/em><\/p>\n<p><span style=\"font-weight: 400;\">En este momento, \u00bfcu\u00e1l pudi\u00e9ramos considerar que es la ciudad m\u00e1s peligrosa en Veracruz? \u00bfCoatzacoalcos? \u00bfMina? \u00bfAcayucan? \u00bfTierra Blanca? \u00bfVeracruz-Puerto? \u00bfXalapa? \u00bfC\u00f3rdoba? \u00bfOrizaba? \u00a1Y hasta ah\u00ed le paramos! Pudiera usted agregar al momento de leer estas l\u00edneas otra ciudad, quiz\u00e1s del norte, que fue las que nos faltaron, pero citar alguna, de un modo u otro, \u00a0ir\u00e1 en funci\u00f3n de dos factores:<\/span><\/p>\n<p><span style=\"font-weight: 400;\">El primero: porque de seguro, esta ciudad por los hechos de violencia generados recientemente, est\u00e9 colocada por medios de difusi\u00f3n diversos, bajo la observaci\u00f3n del veracruzano.<\/span><\/p>\n<p><span style=\"font-weight: 400;\">El segundo, porque la percepci\u00f3n que tenga de esa ciudad que usted cita, tenga aparte de la referencia escrita en el punto anterior, la experiencia narrada de alg\u00fan vecino, familiar, amigo\u2026<\/span><\/p>\n<p><span style=\"font-weight: 400;\">Por ejemplo, entre los comentarios que recog\u00ed con algunos amigos, la mayor\u00eda ubica a dos ciudades: Coatzacoalcos y Tierra Blanca\u2026 por all\u00ed hubo quien cit\u00f3 Misantla y en la zona de Orizaba dijeron que \u201cestaba muy feo\u201d&#8230;<\/span><\/p>\n<p><span style=\"font-weight: 400;\">Se pudiera entender el comentario de Coatzacoalcos medi\u00e1ticamente, cuando hace algunos d\u00edas el Consejo Ciudadano para la Seguridad P\u00fablica y la Justicia Penal, en un estudio, ubic\u00f3 a esta ciudad entre las 50 m\u00e1s peligrosas del mundo\u2026<\/span><\/p>\n<p><span style=\"font-weight: 400;\">Aunque a ello se le suma la realidad cuando el reclamo social en demanda de seguridad lleg\u00f3 a las calles y en diversos medios del Altiplano, hasta a donde tuvieron que acudir ciudadanos reclamando ayuda por la crisis de seguridad que viven en su localidad.<\/span><\/p>\n<p><span style=\"font-weight: 400;\">En el caso de Tierra Blanca, los hechos creo superan cualquier cosa que en medios se hayan manejado aunque a fuerza de ser sinceros, no fue el \u00fanico punto en que se sacudi\u00f3 la tranquilidad y sosiego de los veracruzanos el pasado fin de semana\u2026 pero fue el centro de atenci\u00f3n de buenos como de malos.<\/span><\/p>\n<p><span style=\"font-weight: 400;\">Las declaraciones de Cuitl\u00e1huac Garc\u00eda Jim\u00e9nez en el noticiario de Carlos Loret de Mola ya tienen un contraste\u2026<\/span><\/p>\n<p><span style=\"font-weight: 400;\">Recuerden que a principios de enero de este a\u00f1o, Garc\u00eda Jim\u00e9nez declar\u00f3 durante su participaci\u00f3n en la Mesa de las Audiencias P\u00fablicas sobre la Guardia Nacional en la C\u00e1mara de Diputados, que en Veracruz hab\u00eda (hay) seis c\u00e1rteles del Crimen Organizado (aunque haya quienes digan que ya son siete) y los 4 mil 700 polic\u00edas para preservar la seguridad de los habitantes del estado eran insuficientes.<\/span><\/p>\n<p><span style=\"font-weight: 400;\">El contraste ahora fue escuchar a un Garc\u00eda Jim\u00e9nez envalentonado haciendo frente al C\u00e1rtel de Jalisco Nueva Generaci\u00f3n, al grado de que los operativos en su contra, \u201clos molest\u00f3\u201d.<\/span><\/p>\n<p><span style=\"font-weight: 400;\">Por supuesto, no pod\u00eda faltar el reclamo a las autoridades pasadas que dejaron un caos en materia de seguridad. No debe extra\u00f1arnos esta bandera\u2026 fue la misma que Miguel \u00c1ngel Yunes Linares utiliz\u00f3 contra Javier Duarte de Ochoa.<\/span><\/p>\n<p><span style=\"font-weight: 400;\">Lo cierto es que no importa si es Cuitl\u00e1huac, Miguel \u00c1ngel, Javier, Fidel o Miguel Alem\u00e1n\u2026 Veracruz era paso obligado de enervantes hasta pasado el 2001, cuando las torres gemelas de Nueva York cayeron y las fronter-as se cerraron en Estados Unidos\u2026 a partir de all\u00ed, el crimen organizado tuvo una \u201cdiversificaci\u00f3n\u201d en sus actividades como en la divisi\u00f3n de poderes y empez\u00f3 a echar ra\u00edces en lo que antes era un \u201cpaso de servidumbre\u201d&#8230;<\/span><\/p>\n<p><span style=\"font-weight: 400;\">Ahora, si en lugar de ciudades cambiamos a Gobernadores de este siglo, \u00bfqui\u00e9n cree que haya hecho mella a la delincuencia durante su ejercicio? \u00bfMiguel Alem\u00e1n, Fidel Herrera, Javier Duarte o Miguel \u00c1ngel?<\/span><\/p>\n<p><span style=\"font-weight: 400;\">\u00bfPor qu\u00e9 omito a Cuitl\u00e1huac? porque \u00e9l mismo se ha deslindado de esta responsabilidad al inicio de su gobierno, porque su promesa fue que a partir de dos a\u00f1os de Gobierno, en materia de seguridad, se han de reflejar los resultados\u2026 entonces, pues, habr\u00e1 que esperar\u2026 aunque bien cabr\u00eda hacernos una pregunta\u2026 y mientras, \u00bfqu\u00e9 hacemos los veracruzanos? \u00bfno hacer caso a los embates de la delincuencia mientras se prepara la estrategia contra el Crimen Organizado o mientras llega la Guardia Nacional a estrenarse en Veracruz?<\/span><\/p>\n<p>&nbsp;<\/p>\n<p><span style=\"font-weight: 400;\">smcainito@gmail.com<\/span><\/p>\n<p>&nbsp;<\/p>\n","protected":false},"excerpt":{"rendered":"<p>Salvador Mu\u00f1oz Los Pol\u00edticos En este momento, \u00bfcu\u00e1l pudi\u00e9ramos considerar que es la ciudad m\u00e1s peligrosa en Veracruz? \u00bfCoatzacoalcos? \u00bfMina? \u00bfAcayucan? \u00bfTierra Blanca? \u00bfVeracruz-Puerto? \u00bfXalapa? \u00bfC\u00f3rdoba? \u00bfOrizaba? \u00a1Y hasta ah\u00ed le paramos! Pudiera usted agregar al momento de leer estas l\u00edneas otra ciudad, quiz\u00e1s del norte, que fue las que nos faltaron, pero citar alguna, [&hellip;]<\/p>\n","protected":false},"author":2,"featured_media":47415,"comment_status":"open","ping_status":"open","sticky":false,"template":"","format":"standard","meta":{"_jetpack_newsletter_access":"","_jetpack_dont_email_post_to_subs":false,"_jetpack_newsletter_tier_id":0,"_jetpack_memberships_contains_paywalled_content":false,"_jetpack_memberships_contains_paid_content":false,"footnotes":""},"categories":[70],"tags":[1563,196,195],"class_list":["post-47414","post","type-post","status-publish","format-standard","has-post-thumbnail","hentry","category-de-opinion","tag-cuitlahuac-garcia-jimenez","tag-inseguridad","tag-veracruz"],"jetpack_featured_media_url":"https:\/\/lospoliticosveracruz.com.mx\/wp-content\/uploads\/2019\/03\/Cuic1.jpg","jetpack_sharing_enabled":true,"jetpack_shortlink":"https:\/\/wp.me\/p4Qcd3-ckK","_links":{"self":[{"href":"https:\/\/lospoliticosveracruz.com.mx\/index.php?rest_route=\/wp\/v2\/posts\/47414","targetHints":{"allow":["GET"]}}],"collection":[{"href":"https:\/\/lospoliticosveracruz.com.mx\/index.php?rest_route=\/wp\/v2\/posts"}],"about":[{"href":"https:\/\/lospoliticosveracruz.com.mx\/index.php?rest_route=\/wp\/v2\/types\/post"}],"author":[{"embeddable":true,"href":"https:\/\/lospoliticosveracruz.com.mx\/index.php?rest_route=\/wp\/v2\/users\/2"}],"replies":[{"embeddable":true,"href":"https:\/\/lospoliticosveracruz.com.mx\/index.php?rest_route=%2Fwp%2Fv2%2Fcomments&post=47414"}],"version-history":[{"count":1,"href":"https:\/\/lospoliticosveracruz.com.mx\/index.php?rest_route=\/wp\/v2\/posts\/47414\/revisions"}],"predecessor-version":[{"id":47416,"href":"https:\/\/lospoliticosveracruz.com.mx\/index.php?rest_route=\/wp\/v2\/posts\/47414\/revisions\/47416"}],"wp:featuredmedia":[{"embeddable":true,"href":"https:\/\/lospoliticosveracruz.com.mx\/index.php?rest_route=\/wp\/v2\/media\/47415"}],"wp:attachment":[{"href":"https:\/\/lospoliticosveracruz.com.mx\/index.php?rest_route=%2Fwp%2Fv2%2Fmedia&parent=47414"}],"wp:term":[{"taxonomy":"category","embeddable":true,"href":"https:\/\/lospoliticosveracruz.com.mx\/index.php?rest_route=%2Fwp%2Fv2%2Fcategories&post=47414"},{"taxonomy":"post_tag","embeddable":true,"href":"https:\/\/lospoliticosveracruz.com.mx\/index.php?rest_route=%2Fwp%2Fv2%2Ftags&post=47414"}],"curies":[{"name":"wp","href":"https:\/\/api.w.org\/{rel}","templated":true}]}}