{"id":47417,"date":"2019-03-19T08:58:27","date_gmt":"2019-03-19T14:58:27","guid":{"rendered":"http:\/\/www.lospoliticosveracruz.com.mx\/?p=47417"},"modified":"2019-03-19T08:58:27","modified_gmt":"2019-03-19T14:58:27","slug":"debemos-acostumbrarnos-a-convivir-con-la-violencia-criminal","status":"publish","type":"post","link":"https:\/\/lospoliticosveracruz.com.mx\/?p=47417","title":{"rendered":"\u00bfDebemos acostumbrarnos a convivir con la violencia criminal?"},"content":{"rendered":"<p><b>Emilio C\u00e1rdenas Escobosa<\/b><\/p>\n<p><em>De Inter\u00e9s P\u00fablico<\/em><\/p>\n<p>En los d\u00edas que corren en Veracruz hemos presenciado una explosi\u00f3n delictiva cuyas ondas expansivas llegan a pr\u00e1cticamente todos los rincones de la geograf\u00eda de la entidad. La delincuencia organizada ha lanzado un reto de proporciones may\u00fasculas al gobierno del estado, que ha debido reaccionar con la concentraci\u00f3n de efectivos de todos los cuerpos de seguridad y el apoyo de fuerzas militares para intentar frenar la ola de violencia que siega vidas, genera miedo, zozobra y lastima gravemente la convivencia social. Estamos frente al mayor desaf\u00edo que el narcotr\u00e1fico hab\u00eda planteado en Veracruz y vaya que ya hab\u00edamos padecido de manera cruenta este fen\u00f3meno en administraciones pasadas.<\/p>\n<p>El problema es grave y requiere atenderse con toda la fuerza gubernamental, pero precisa, sin duda, del respaldo de la sociedad para que se le ataque de manera m\u00e1s efectiva.<\/p>\n<p>La lucha requiere abrir frentes en varias direcciones que vayan m\u00e1s all\u00e1 de las acciones meramente polic\u00edacas y militares.<\/p>\n<p>Es vital que a la par de tomar las medidas emergentes para contener la violencia y continuar la lucha contra el crimen, se den pasos efectivos en el fortalecimiento de nuestra econom\u00eda para ofrecer alternativas reales de empleo e ingreso y se \u201cdesnarcotice\u201d la actividad econ\u00f3mica de muchas regiones, am\u00e9n de impulsar con el concurso de organizaciones sociales y privadas un amplio programa de informaci\u00f3n en las escuelas, en las comunidades rurales, en las zonas urbanas, en los centros de trabajo y entre los padres de familia que permita alertar sobre los peligros y riesgos del consumo y tr\u00e1fico de narc\u00f3ticos.<\/p>\n<p>Urge transformar la visi\u00f3n imperante en el imaginario colectivo, especialmente de los estratos de menores ingresos, de que la actividad del narcotr\u00e1fico, si bien implica una vida de sobresaltos y clandestinidad, se compensa ampliamente con el poder y riqueza que genera, por lo que muchos j\u00f3venes suponen que bien vale la pena correr el riesgo ante la falta de oportunidades; estimulados, desde luego, por las series sobre narcos y toda la parafernalia que se ha creado en torno a ellos y la aureola de \u201cprestigio\u201d de algunos santones de esta il\u00edcita actividad, en lo que es a todas luces una apolog\u00eda de la violencia al alcance de cualquier televidente.<\/p>\n<p>As\u00ed como se debe poner un dique a la penetraci\u00f3n del narcotr\u00e1fico en la actividad pol\u00edtica, en las campa\u00f1as y en las finanzas de los partidos pol\u00edticos. Urge fortalecer las facultades de fiscalizaci\u00f3n de los \u00f3rganos electorales y se obligue a los partidos y candidatos a informar puntualmente sobre las fuentes del financiamiento privado a sus campa\u00f1as internas y al proselitismo que realizan en \u00e9pocas electorales, para evitar que sirvan como veh\u00edculos para el lavado de dinero. Esa es, a no dudarlo, una de las asignaturas pendientes y de la mayor relevancia en el combate al crimen organizado.<\/p>\n<p>Pero en toda esta historia tiene un lugar especial la prevenci\u00f3n del delito y el castigo a las conductas antisociales, que es la tarea de las instancias de seguridad y de las fiscal\u00edas.<\/p>\n<p>Es\u00a0 evidente que la penetraci\u00f3n del narco en las estructuras de poder y en las corporaciones polic\u00edacas, el lavado de dinero, el boom del narcomenudeo, la colusi\u00f3n de jueces y autoridades con los barones de la droga para dejar libres a los criminales son moneda corriente en el M\u00e9xico de hoy y explican lo infructuosa que resulta las m\u00e1s de las veces la guerra contra el narcotr\u00e1fico.<\/p>\n<p>Poco se puede hacer cuando los organismos de seguridad, los elementos encargados de combatir a los delincuentes y las fiscal\u00edas que deben procurar justicia est\u00e1n al servicio de quienes supuestamente persiguen. Es la corrupci\u00f3n que todo corroe y echa por la borda todos los esfuerzos para hacer efectivo el Estado de Derecho.<\/p>\n<p>Ahora las autoridades piden paciencia al ciudadano mientras se desarrolla la lucha contra los grupos delincuenciales. Sin embargo eso ya lo han pedido desde hace 12, 6 y 2 a\u00f1os en el pa\u00eds y en Veracruz, particularmente, y la sangr\u00eda contin\u00faa.<\/p>\n<p>Surge entonces la interrogante: \u00bfEstamos condenados a convivir con esos niveles de violencia e inseguridad?<\/p>\n<p>La existencia del crimen organizado precisa de condiciones ambientales propicias para su establecimiento y desarrollo. Ese h\u00e1bitat que le facilita las cosas se da en aquellos espacios en los que la laxitud en la aplicaci\u00f3n de la ley y la vulnerabilidad del marco jur\u00eddico van de la mano con la connivencia de las autoridades y los cuerpos polic\u00edacos con los delincuentes, tr\u00e1tese de ladronzuelos de poca monta, saqueadores del erario p\u00fablico, defraudadores de cuello blanco, secuestradores, traficantes de drogas o roba coches.<\/p>\n<p>La colusi\u00f3n de intereses de los supuestos encargados de aplicar la ley con quienes la quebrantan da por resultado la primac\u00eda de la impunidad\u00a0 y con ella la indefensi\u00f3n absoluta del ciudadano. Eso ocurre cuando las complicidades marcan el derrotero de las investigaciones policiacas, la actuaci\u00f3n y conclusiones de las\u00a0 fiscal\u00edas especializadas y, en general, el rumbo de toda indagatoria que parte del principio de no tocar determinados intereses.<\/p>\n<p>Mucho se ha dicho que para gobernar hoy en d\u00eda, en el sentido de garantizar condiciones de gobernabilidad -estabilidad social y contenci\u00f3n o desahogo de la conflictividad por cauces institucionales-, los pol\u00edticos requieren establecer acuerdos no solo con la sociedad, los partidos, el Congreso o la Judicatura, sino con los llamados poderes f\u00e1cticos que tienen una indiscutible presencia e influencia en nuestra sociedad, ll\u00e1mense las fuerzas armadas, la Iglesia y, por incre\u00edble que pueda parecer, el propio crimen organizado.<\/p>\n<p>Sabemos que los c\u00e1rteles de la droga ponen condiciones o presionan a los gobiernos para que les respeten territorios, rutas de operaci\u00f3n, negocios de lavado de dinero, representantes o encargados del cabildeo. De los acuerdos a que se llegue \u2013si los hay- depende el \u00e9xito o fracaso de las pol\u00edticas de seguridad, de las acciones de combate al narcotr\u00e1fico y, desde luego, el conjurar la amenaza de la violencia generalizada y de las ejecuciones. El dilema es pactar o no, hacerse de la vista gorda, simular que se les combate o combatirlos de verdad. Hasta ahora lo que han imperado son la simulaci\u00f3n y los pactos inconfesables.<\/p>\n<p>Ante ese panorama \u00bfest\u00e1n obligados sociedad y gobierno a rendirse ante el peso, influencia y amenazas de los criminales? Desde luego que no.<\/p>\n<p>La lucha contra el crimen organizado no debe admitir tregua ni negociaci\u00f3n o tolerancia con los criminales.<\/p>\n<p>Sin embargo, m\u00e1s all\u00e1 de todo ello, cualquier acci\u00f3n de combate a la delincuencia que busque el \u00e9xito debe partir de un hecho simple y fundamental: que se castigue al que delinque, que pague a la sociedad todo aquel que quebrante la ley.<\/p>\n<p>No puede ni debe haber permisividad. Ll\u00e1mense como se llamen los infractores deben ser sancionados, porque la impunidad proh\u00edja m\u00e1s y m\u00e1s graves delitos.<\/p>\n<p>No podemos acostumbrarnos a convivir con la violencia. Ni dejar que se repitan los cr\u00edmenes porque no se les castiga. Esa debe ser la exigencia ciudadana que m\u00e1s ayudar\u00e1 en esta batalla.<\/p>\n<p><a href=\"mailto:jecesco@hotmail.com\" target=\"_blank\">jecesco@hotmail.com<\/a><\/p>\n<p><a href=\"http:\/\/www.deinterespublico.com\/\" target=\"_blank\" data-saferedirecturl=\"https:\/\/www.google.com\/url?q=http:\/\/www.deinterespublico.com&amp;source=gmail&amp;ust=1553093628119000&amp;usg=AFQjCNGaWRj82zur_enoycuGb2drfTpggA\">www.deinterespublico.com<\/a><\/p>\n","protected":false},"excerpt":{"rendered":"<p>Emilio C\u00e1rdenas Escobosa De Inter\u00e9s P\u00fablico En los d\u00edas que corren en Veracruz hemos presenciado una explosi\u00f3n delictiva cuyas ondas expansivas llegan a pr\u00e1cticamente todos los rincones de la geograf\u00eda de la entidad. La delincuencia organizada ha lanzado un reto de proporciones may\u00fasculas al gobierno del estado, que ha debido reaccionar con la concentraci\u00f3n de [&hellip;]<\/p>\n","protected":false},"author":2,"featured_media":47418,"comment_status":"open","ping_status":"open","sticky":false,"template":"","format":"standard","meta":{"_jetpack_newsletter_access":"","_jetpack_dont_email_post_to_subs":false,"_jetpack_newsletter_tier_id":0,"_jetpack_memberships_contains_paywalled_content":false,"_jetpack_memberships_contains_paid_content":false,"footnotes":""},"categories":[70],"tags":[3312,1432,395,3240,14253,195],"class_list":["post-47417","post","type-post","status-publish","format-standard","has-post-thumbnail","hentry","category-de-opinion","tag-delito","tag-emilio-cardenas-escobosa","tag-mexico","tag-narcotrafico","tag-ola-de-violencia","tag-veracruz"],"jetpack_featured_media_url":"https:\/\/lospoliticosveracruz.com.mx\/wp-content\/uploads\/2019\/03\/JALTIPAN.jpg","jetpack_sharing_enabled":true,"jetpack_shortlink":"https:\/\/wp.me\/p4Qcd3-ckN","_links":{"self":[{"href":"https:\/\/lospoliticosveracruz.com.mx\/index.php?rest_route=\/wp\/v2\/posts\/47417","targetHints":{"allow":["GET"]}}],"collection":[{"href":"https:\/\/lospoliticosveracruz.com.mx\/index.php?rest_route=\/wp\/v2\/posts"}],"about":[{"href":"https:\/\/lospoliticosveracruz.com.mx\/index.php?rest_route=\/wp\/v2\/types\/post"}],"author":[{"embeddable":true,"href":"https:\/\/lospoliticosveracruz.com.mx\/index.php?rest_route=\/wp\/v2\/users\/2"}],"replies":[{"embeddable":true,"href":"https:\/\/lospoliticosveracruz.com.mx\/index.php?rest_route=%2Fwp%2Fv2%2Fcomments&post=47417"}],"version-history":[{"count":1,"href":"https:\/\/lospoliticosveracruz.com.mx\/index.php?rest_route=\/wp\/v2\/posts\/47417\/revisions"}],"predecessor-version":[{"id":47419,"href":"https:\/\/lospoliticosveracruz.com.mx\/index.php?rest_route=\/wp\/v2\/posts\/47417\/revisions\/47419"}],"wp:featuredmedia":[{"embeddable":true,"href":"https:\/\/lospoliticosveracruz.com.mx\/index.php?rest_route=\/wp\/v2\/media\/47418"}],"wp:attachment":[{"href":"https:\/\/lospoliticosveracruz.com.mx\/index.php?rest_route=%2Fwp%2Fv2%2Fmedia&parent=47417"}],"wp:term":[{"taxonomy":"category","embeddable":true,"href":"https:\/\/lospoliticosveracruz.com.mx\/index.php?rest_route=%2Fwp%2Fv2%2Fcategories&post=47417"},{"taxonomy":"post_tag","embeddable":true,"href":"https:\/\/lospoliticosveracruz.com.mx\/index.php?rest_route=%2Fwp%2Fv2%2Ftags&post=47417"}],"curies":[{"name":"wp","href":"https:\/\/api.w.org\/{rel}","templated":true}]}}