{"id":47609,"date":"2019-03-29T13:21:06","date_gmt":"2019-03-29T19:21:06","guid":{"rendered":"http:\/\/www.lospoliticosveracruz.com.mx\/?p=47609"},"modified":"2019-03-29T13:21:06","modified_gmt":"2019-03-29T19:21:06","slug":"el-pri-siempre-vuelve-marlon","status":"publish","type":"post","link":"https:\/\/lospoliticosveracruz.com.mx\/?p=47609","title":{"rendered":"El PRI siempre vuelve: Marlon"},"content":{"rendered":"<p>En medio del entusiasmo de la militancia del Partido Revolucionario Institucional en \u00a0Coatepec; el candidato a la dirigencia estatal del partido, Marlon Ram\u00edrez Marin, puntualiz\u00f3 que es tiempo de renovaci\u00f3n y creaci\u00f3n de nuevos modelos que hagan del PRI nuevamente un partido cercano a su gente.<br \/>\n<span data-removefontsize=\"true\" data-originalcomputedfontsize=\"14.666666984558105\">\u201cLo que tenemos que hacer es saber comunicar adecuadamente las propuestas, que sepan que esta f\u00f3rmula representa la posibilidad de articular el norte, el centro y sur del estado con una propuesta que traiga como consecuencia que el partido recupere en la pr\u00f3xima elecci\u00f3n el mayor n\u00famero de espacios y mandar el mensaje a la ciudadan\u00eda que el pri siempre vuelve\u201d, dijo el candidato a la dirigencia estatal del Partido Revolucionario Institucional, Marlon Ram\u00edrez Mar\u00edn.\u00a0<\/span><br \/>\n<span data-removefontsize=\"true\" data-originalcomputedfontsize=\"14.666666984558105\">Acompa\u00f1ado de su f\u00f3rmula, la aspirante a la Secretar\u00eda Estatal del PRI, Arianna \u00c1ngeles Aguirre; los candidatos expresaron que este 28 de abril toda la militancia ser\u00e1 escuchada al acudir a emitir su voto.<\/span><br \/>\n<span data-removefontsize=\"true\" data-originalcomputedfontsize=\"14.666666984558105\">Detallaron que en dicha fecha se elegir\u00e1 el rumbo del PRI y de su militancia; as\u00ed, desde las 09:00 horas hasta las 16:00 horas, mediante la instalaci\u00f3n de centros de votaci\u00f3n en los domicilios y t\u00e9rminos que apruebe la Comisi\u00f3n Estatal, se vivir\u00e1 una fiesta de la democracia interna durante la jornada electiva.<\/span><\/p>\n","protected":false},"excerpt":{"rendered":"<p>En medio del entusiasmo de la militancia del Partido Revolucionario Institucional en \u00a0Coatepec; el candidato a la dirigencia estatal del partido, Marlon Ram\u00edrez Marin, puntualiz\u00f3 que es tiempo de renovaci\u00f3n y creaci\u00f3n de nuevos modelos que hagan del PRI nuevamente un partido cercano a su gente. \u201cLo que tenemos que hacer es saber comunicar adecuadamente [&hellip;]<\/p>\n","protected":false},"author":2,"featured_media":47610,"comment_status":"open","ping_status":"open","sticky":false,"template":"","format":"standard","meta":{"_jetpack_newsletter_access":"","_jetpack_dont_email_post_to_subs":false,"_jetpack_newsletter_tier_id":0,"_jetpack_memberships_contains_paywalled_content":false,"_jetpack_memberships_contains_paid_content":false,"footnotes":""},"categories":[73],"tags":[277,2908,251,195],"class_list":["post-47609","post","type-post","status-publish","format-standard","has-post-thumbnail","hentry","category-de-boleto","tag-coatepec","tag-marlon-ramirez-marin","tag-pri","tag-veracruz"],"jetpack_featured_media_url":"https:\/\/lospoliticosveracruz.com.mx\/wp-content\/uploads\/2019\/03\/49627A3C-97C9-490B-9FFA-A8CEC7E7978F.png","jetpack_sharing_enabled":true,"jetpack_shortlink":"https:\/\/wp.me\/p4Qcd3-cnT","_links":{"self":[{"href":"https:\/\/lospoliticosveracruz.com.mx\/index.php?rest_route=\/wp\/v2\/posts\/47609","targetHints":{"allow":["GET"]}}],"collection":[{"href":"https:\/\/lospoliticosveracruz.com.mx\/index.php?rest_route=\/wp\/v2\/posts"}],"about":[{"href":"https:\/\/lospoliticosveracruz.com.mx\/index.php?rest_route=\/wp\/v2\/types\/post"}],"author":[{"embeddable":true,"href":"https:\/\/lospoliticosveracruz.com.mx\/index.php?rest_route=\/wp\/v2\/users\/2"}],"replies":[{"embeddable":true,"href":"https:\/\/lospoliticosveracruz.com.mx\/index.php?rest_route=%2Fwp%2Fv2%2Fcomments&post=47609"}],"version-history":[{"count":1,"href":"https:\/\/lospoliticosveracruz.com.mx\/index.php?rest_route=\/wp\/v2\/posts\/47609\/revisions"}],"predecessor-version":[{"id":47611,"href":"https:\/\/lospoliticosveracruz.com.mx\/index.php?rest_route=\/wp\/v2\/posts\/47609\/revisions\/47611"}],"wp:featuredmedia":[{"embeddable":true,"href":"https:\/\/lospoliticosveracruz.com.mx\/index.php?rest_route=\/wp\/v2\/media\/47610"}],"wp:attachment":[{"href":"https:\/\/lospoliticosveracruz.com.mx\/index.php?rest_route=%2Fwp%2Fv2%2Fmedia&parent=47609"}],"wp:term":[{"taxonomy":"category","embeddable":true,"href":"https:\/\/lospoliticosveracruz.com.mx\/index.php?rest_route=%2Fwp%2Fv2%2Fcategories&post=47609"},{"taxonomy":"post_tag","embeddable":true,"href":"https:\/\/lospoliticosveracruz.com.mx\/index.php?rest_route=%2Fwp%2Fv2%2Ftags&post=47609"}],"curies":[{"name":"wp","href":"https:\/\/api.w.org\/{rel}","templated":true}]}}