{"id":47617,"date":"2019-03-29T17:28:17","date_gmt":"2019-03-29T23:28:17","guid":{"rendered":"http:\/\/www.lospoliticosveracruz.com.mx\/?p=47617"},"modified":"2019-03-29T17:28:17","modified_gmt":"2019-03-29T23:28:17","slug":"tarifas-de-cmas-xalapa-por-debajo-de-la-media-nacional","status":"publish","type":"post","link":"https:\/\/lospoliticosveracruz.com.mx\/?p=47617","title":{"rendered":"Tarifas de CMAS Xalapa, por debajo de la media nacional"},"content":{"rendered":"<p>La Comisi\u00f3n Municipal de Agua Potable y Saneamiento de Xalapa niega de forma categ\u00f3rica que existan abusos en las tarifas o existan cobros alevosos. En la presente administraci\u00f3n no se han aprobado incrementos directos a la tarifa como en administraciones anteriores. Lo que s\u00ed se ha aprobado en el \u00d3rgano de Gobierno de la Comisi\u00f3n son subsidios a las clases populares, a la poblaci\u00f3n que m\u00e1s lo necesita.<\/p>\n<p>La informaci\u00f3n de las tarifas de agua potable que se aplican cada a\u00f1o se publica en diarios o gacetas estatales oficiales, y adem\u00e1s tambi\u00e9n se pueden consultar en las p\u00e1ginas web de los organismos operadores.<\/p>\n<p>La Comisi\u00f3n Municipal de Agua y Saneamiento de Xalapa realiz\u00f3 un comparativo de las tarifas a nivel nacional tomando como base lo que indica el Sistema de Informaci\u00f3n de Tarifas de Agua Potable (SITAP), el Instituto Mexicano de Tecnolog\u00eda del Agua (IMTA) y la Secretar\u00eda de Medio Ambiente y Recursos Naturales (SEMARNAT) y nuestro padr\u00f3n de usuarios existente. Las tarifas de CMAS Xalapa est\u00e1n por debajo de la media nacional en los estratos en los que se encuentra el 91 por ciento de los usuarios dom\u00e9sticos en nuestra ciudad. Las tarifas popular, inter\u00e9s social y dom\u00e9stico medio representan a la mayor\u00eda de nuestros usuarios, que tienen consumos promedio entre 8 y 11 metros c\u00fabicos al mes. Incluso las tarifas comerciales e industriales, para consumos de 50 metros c\u00fabicos mensuales, se encuentran debajo del promedio nacional.<\/p>\n<p>Las comparaciones manipuladas por personas con la intenci\u00f3n de desinformar, difundir las llamadas noticias falsas y crear campa\u00f1as de desprestigio en contra de la Comisi\u00f3n, para la divulgaci\u00f3n que promueven, eligen deliberadamente una tarifa de alto consumidor con un consumo superior a los 30 metros c\u00fabicos, este ejemplo no representa a la mayor\u00eda de nuestros usuarios ni sus promedios. Las tarifas y los rangos de consumo son calculados por metro c\u00fabico buscando el beneficio de los estratos populares.<\/p>\n<p>Desde la Comisi\u00f3n hemos realizado un reordenamiento Comercial, incluidas tarifas a peque\u00f1os comercios y a domicilios, que anteriormente ten\u00edan tarifas de altos consumidores o estaban mal asignados en el tabulador, dejando atr\u00e1s los vicios en detrimento de los ciudadanos.<\/p>\n<p>Nuestras puertas se encuentran abiertas para cualquier aclaraci\u00f3n de consumo, y nuestros servidores p\u00fablicos en toda la disposici\u00f3n de atender al usuario hasta resolver y aclarar las situaciones que se puedan presentar en sus consumos.<\/p>\n","protected":false},"excerpt":{"rendered":"<p>La Comisi\u00f3n Municipal de Agua Potable y Saneamiento de Xalapa niega de forma categ\u00f3rica que existan abusos en las tarifas o existan cobros alevosos. En la presente administraci\u00f3n no se han aprobado incrementos directos a la tarifa como en administraciones anteriores. Lo que s\u00ed se ha aprobado en el \u00d3rgano de Gobierno de la Comisi\u00f3n [&hellip;]<\/p>\n","protected":false},"author":2,"featured_media":0,"comment_status":"open","ping_status":"open","sticky":false,"template":"","format":"standard","meta":{"_jetpack_newsletter_access":"","_jetpack_dont_email_post_to_subs":false,"_jetpack_newsletter_tier_id":0,"_jetpack_memberships_contains_paywalled_content":false,"_jetpack_memberships_contains_paid_content":false,"footnotes":""},"categories":[73],"tags":[786,14347,96],"class_list":["post-47617","post","type-post","status-publish","format-standard","hentry","category-de-boleto","tag-cmas","tag-tarifas-de-agua","tag-xalapa"],"jetpack_featured_media_url":"","jetpack_sharing_enabled":true,"jetpack_shortlink":"https:\/\/wp.me\/p4Qcd3-co1","_links":{"self":[{"href":"https:\/\/lospoliticosveracruz.com.mx\/index.php?rest_route=\/wp\/v2\/posts\/47617","targetHints":{"allow":["GET"]}}],"collection":[{"href":"https:\/\/lospoliticosveracruz.com.mx\/index.php?rest_route=\/wp\/v2\/posts"}],"about":[{"href":"https:\/\/lospoliticosveracruz.com.mx\/index.php?rest_route=\/wp\/v2\/types\/post"}],"author":[{"embeddable":true,"href":"https:\/\/lospoliticosveracruz.com.mx\/index.php?rest_route=\/wp\/v2\/users\/2"}],"replies":[{"embeddable":true,"href":"https:\/\/lospoliticosveracruz.com.mx\/index.php?rest_route=%2Fwp%2Fv2%2Fcomments&post=47617"}],"version-history":[{"count":1,"href":"https:\/\/lospoliticosveracruz.com.mx\/index.php?rest_route=\/wp\/v2\/posts\/47617\/revisions"}],"predecessor-version":[{"id":47618,"href":"https:\/\/lospoliticosveracruz.com.mx\/index.php?rest_route=\/wp\/v2\/posts\/47617\/revisions\/47618"}],"wp:attachment":[{"href":"https:\/\/lospoliticosveracruz.com.mx\/index.php?rest_route=%2Fwp%2Fv2%2Fmedia&parent=47617"}],"wp:term":[{"taxonomy":"category","embeddable":true,"href":"https:\/\/lospoliticosveracruz.com.mx\/index.php?rest_route=%2Fwp%2Fv2%2Fcategories&post=47617"},{"taxonomy":"post_tag","embeddable":true,"href":"https:\/\/lospoliticosveracruz.com.mx\/index.php?rest_route=%2Fwp%2Fv2%2Ftags&post=47617"}],"curies":[{"name":"wp","href":"https:\/\/api.w.org\/{rel}","templated":true}]}}