{"id":47619,"date":"2019-03-29T22:55:24","date_gmt":"2019-03-30T04:55:24","guid":{"rendered":"http:\/\/www.lospoliticosveracruz.com.mx\/?p=47619"},"modified":"2019-03-29T19:37:53","modified_gmt":"2019-03-30T01:37:53","slug":"500-anos-vendra-beatriz","status":"publish","type":"post","link":"https:\/\/lospoliticosveracruz.com.mx\/?p=47619","title":{"rendered":"500 A\u00f1os \u00bfVendr\u00e1 Beatriz?"},"content":{"rendered":"<p><strong>Brenda Caballero<\/strong><\/p>\n<p><em>N\u00fameros Rojos<\/em><\/p>\n<p>Los 500 a\u00f1os de la fundaci\u00f3n de Veracruz como el primer ayuntamiento de Am\u00e9rica, es sin duda una fiesta no s\u00f3lo local o nacional, sino continental y si me apuran, universal: no es s\u00f3lo el nacimiento de una naci\u00f3n, sino el florecimiento de una cultura. Por eso, me causa sorpresa que el Presidente L\u00f3pez Obrador confunda amnesia \u00a0con magnesia y ahora diga que no asistir\u00e1 este 22 de abril a la celebraci\u00f3n si la Corona Espa\u00f1ola no ofrece disculpas a los Pueblos Originarios sometidos durante la Conquista.<\/p>\n<p>Aunque\u00a0de la sorpresa paso a la incertidumbre: \u00bfparticipar\u00e1 de este posicionamiento su esposa, Beatriz Guti\u00e9rrez M\u00fcller?<\/p>\n<p>Pregunto,\u00a0porque apenas el septiembre pasado, se reun\u00eda Guti\u00e9rrez M\u00fcller con la rectora de la UV, Sara Ladr\u00f3n de Guevara y el entonces Gobernador electo, Cuitl\u00e1huac Garc\u00eda Jim\u00e9nez, donde encabez\u00f3 la firma del convenio de colaboraci\u00f3n con la Universidad Veracruzana y \u00a0el Comit\u00e9 Veracruz 500 a\u00f1os y si ella lo encabez\u00f3 es porque habr\u00eda de participar.<\/p>\n<p>Lo\u00a0cierto es que de todo esto de las disculpas se han desprendido muchas cosas, desde reacciones desde Espa\u00f1a contra las pretensiones del Presidente Electo, memes y parodias, hasta el despertar en algunos mexicanos de esa xenofobia contra el espa\u00f1ol ubic\u00e1ndolo como el conquistador, el asesino, el saqueador, el corrupto, al grado de que hay por all\u00ed un diputado de Tabasco, Charly Valentino, en serio, as\u00ed se llama, quien dijo que a M\u00e9xico lo conquist\u00f3 la peor raza: \u201cla espa\u00f1ola\u201d.<\/p>\n<p>S\u00ed,\u00a0hablar a estas alturas de \u201crazas\u201d est\u00e1 en \u201cdesuso\u201d hasta en la antropolog\u00eda moderna y m\u00e1s cuando se confunde con \u201cnacionalidad\u201d.<\/p>\n<p>Aunque\u00a0uno de los asuntos que m\u00e1s pol\u00e9mica ha generado en algunos sectores pol\u00edticos, es emparejar la petici\u00f3n de disculpas con el libro que hace un mes aproximadamente present\u00f3 la esposa del presidente, titulado\u00a0 \u201cLa memoria artificial en la historia verdadera de la Conquista de la Nueva Espa\u00f1a de Bernal D\u00edaz del Castillo\u201d. Por qu\u00e9? Porque hay quienes siendo tersos, consideran que lo que pretende el Peje es promocionar el libro de do\u00f1a Beatriz, aunque los m\u00e1s osados consideran que lo que se pretende con las disculpas de la Corona Espa\u00f1ola a los Pueblos Originarios, es simplemente reforzar la tesis que sustenta do\u00f1a Beatriz, lo que la pudiera darle un matiz diferente a lo narrado por Bernal D\u00edaz del Castillo y llevar a Guti\u00e9rrez M\u00fcller a fincar \u201cuna Cuarta Transformaci\u00f3n\u201d<\/p>\n<p>a la historia de la Nueva Espa\u00f1a\u2026<\/p>\n<p>Aunque\u00a0vuelvo a mi pregunta inicial: si ya dijo el Presidente que no viene a los festejos de los 500 a\u00f1os, \u00bfcontinuar\u00e1 el apoyo de la se\u00f1ora Beatriz para esta celebraci\u00f3n?<\/p>\n<p>Bueno,\u00a0baste recordar dos cosas\u2026<\/p>\n<p>1.Ya\u00a0la Fundaci\u00f3n Los 500 A\u00f1os de la Vera Cruz, AC, hab\u00eda dicho que el apoyo de Guti\u00e9rrez M\u00fcller era moral\u2026 y<\/p>\n<ol start=\"2\">\n<li>No ser\u00e1 la primera vez que el ayuntamiento de Veracruz cuente s\u00f3lo con apoyo moral y log\u00edstico como ocurri\u00f3 en el Carnaval pasado\u2026<\/li>\n<\/ol>\n<p>Aunque\u00a0algo tenemos m\u00e1s que claro los veracruzanos: para armar una fiesta, una pachanga, un huateque, un carnaval o la celebraci\u00f3n de los 500 a\u00f1os de Veracruz, para eso, nos pintamos solos\u2026 \u00a1ojal\u00e1 el Presidente cambie de opini\u00f3n!<\/p>\n<p>&nbsp;<\/p>\n<p>caballero_brenda@hotnail.com<\/p>\n<p>@NumerosRojos_BC<\/p>\n<p>&nbsp;<\/p>\n<p>&nbsp;<\/p>\n<p>&nbsp;<\/p>\n<p>&nbsp;<\/p>\n<p>&nbsp;<\/p>\n","protected":false},"excerpt":{"rendered":"<p>Brenda Caballero N\u00fameros Rojos Los 500 a\u00f1os de la fundaci\u00f3n de Veracruz como el primer ayuntamiento de Am\u00e9rica, es sin duda una fiesta no s\u00f3lo local o nacional, sino continental y si me apuran, universal: no es s\u00f3lo el nacimiento de una naci\u00f3n, sino el florecimiento de una cultura. Por eso, me causa sorpresa que [&hellip;]<\/p>\n","protected":false},"author":2,"featured_media":47620,"comment_status":"open","ping_status":"open","sticky":false,"template":"","format":"standard","meta":{"_jetpack_newsletter_access":"","_jetpack_dont_email_post_to_subs":false,"_jetpack_newsletter_tier_id":0,"_jetpack_memberships_contains_paywalled_content":false,"_jetpack_memberships_contains_paid_content":false,"footnotes":""},"categories":[70],"tags":[8261,14348,14302,1563,4598,14349,1003,755,2231,172,195],"class_list":["post-47619","post","type-post","status-publish","format-standard","has-post-thumbnail","hentry","category-de-opinion","tag-beatriz-gutierrez-muller","tag-charly-valentino","tag-corona-espanola","tag-cuitlahuac-garcia-jimenez","tag-espana","tag-la-memoria-artificial-en-la-historia-verdadera-de-la-conquista-de-la-nueva-espana-de-bernal-diaz-del-castillo","tag-lopez-obrador","tag-sara-ladron-de-guevara","tag-tabasco","tag-uv","tag-veracruz"],"jetpack_featured_media_url":"https:\/\/lospoliticosveracruz.com.mx\/wp-content\/uploads\/2019\/03\/Beatriz.jpg","jetpack_sharing_enabled":true,"jetpack_shortlink":"https:\/\/wp.me\/p4Qcd3-co3","_links":{"self":[{"href":"https:\/\/lospoliticosveracruz.com.mx\/index.php?rest_route=\/wp\/v2\/posts\/47619","targetHints":{"allow":["GET"]}}],"collection":[{"href":"https:\/\/lospoliticosveracruz.com.mx\/index.php?rest_route=\/wp\/v2\/posts"}],"about":[{"href":"https:\/\/lospoliticosveracruz.com.mx\/index.php?rest_route=\/wp\/v2\/types\/post"}],"author":[{"embeddable":true,"href":"https:\/\/lospoliticosveracruz.com.mx\/index.php?rest_route=\/wp\/v2\/users\/2"}],"replies":[{"embeddable":true,"href":"https:\/\/lospoliticosveracruz.com.mx\/index.php?rest_route=%2Fwp%2Fv2%2Fcomments&post=47619"}],"version-history":[{"count":1,"href":"https:\/\/lospoliticosveracruz.com.mx\/index.php?rest_route=\/wp\/v2\/posts\/47619\/revisions"}],"predecessor-version":[{"id":47621,"href":"https:\/\/lospoliticosveracruz.com.mx\/index.php?rest_route=\/wp\/v2\/posts\/47619\/revisions\/47621"}],"wp:featuredmedia":[{"embeddable":true,"href":"https:\/\/lospoliticosveracruz.com.mx\/index.php?rest_route=\/wp\/v2\/media\/47620"}],"wp:attachment":[{"href":"https:\/\/lospoliticosveracruz.com.mx\/index.php?rest_route=%2Fwp%2Fv2%2Fmedia&parent=47619"}],"wp:term":[{"taxonomy":"category","embeddable":true,"href":"https:\/\/lospoliticosveracruz.com.mx\/index.php?rest_route=%2Fwp%2Fv2%2Fcategories&post=47619"},{"taxonomy":"post_tag","embeddable":true,"href":"https:\/\/lospoliticosveracruz.com.mx\/index.php?rest_route=%2Fwp%2Fv2%2Ftags&post=47619"}],"curies":[{"name":"wp","href":"https:\/\/api.w.org\/{rel}","templated":true}]}}