{"id":47629,"date":"2019-03-30T11:03:57","date_gmt":"2019-03-30T17:03:57","guid":{"rendered":"http:\/\/www.lospoliticosveracruz.com.mx\/?p=47629"},"modified":"2019-03-30T11:03:57","modified_gmt":"2019-03-30T17:03:57","slug":"excelente-evento-para-amlo-el-organizado-por-priistas","status":"publish","type":"post","link":"https:\/\/lospoliticosveracruz.com.mx\/?p=47629","title":{"rendered":"Excelente evento para AMLO el organizado por&#8230; \u00a1pri\u00edstas!"},"content":{"rendered":"<p><strong>Ricardo Ch\u00faa<\/strong><\/p>\n<p><em>Sale y Vale<\/em><\/p>\n<p>SIN REMITENTE&#8230; Al final los organizadores del evento en Poza Rica en la gira por la zona norte del Presidente, Andr\u00e9s Manuel L\u00f3pez Obrador, no se \u00abjugaron el pellejo\u00bb y dejaron hacer el trabajo a los que saben&#8230; A LOS PRIISTAS&#8230; Resulta que ante el temor que hab\u00eda de que en ese sitio fueran abuchear al mandatario nacional, como ha sucedido en otros punto del pa\u00eds, y hasta propio gobernador, Cuitl\u00e1huac Garc\u00eda o al delegado federal, Manuel Huerta&#8230; Trabajaron el tema y lo operaron como debe de ser&#8230; Y no hubo reclamos y abucheos&#8230;<\/p>\n<p>Huerta Ladr\u00f3n de Guevara entendi\u00f3 el mensaje y le solt\u00f3 la organizaci\u00f3n a ex priistas veracruzanos del norte de la entidad&#8230; Que estaban ah\u00ed operando el \u00abacarreo\u00bb y que no les import\u00f3 que en los v\u00eddeos donde transmit\u00edan el evento se evidenciara su presencia&#8230; Priistas y expriistas que estuvieron trabajando con Miguel Alem\u00e1n, Fidel Herrera, Javier Duarte y en gobiernos municipales de aquella regi\u00f3n eran los que manejaron la movilizaci\u00f3n&#8230; Vamos hasta personajes que estuvieron en la campa\u00f1a de ChiquiYunes ahora ya trabajan para MORENA&#8230; El PAN \u00abCaca\u00bb&#8230;<\/p>\n<p>En resumen.. El tricolor y sus operadores le organizaron un excelente evento a Andr\u00e9s Manuel L\u00f3pez Obrador en Poza Rica&#8230; Lo trabajaron como ellos saben, al estilo del \u00abviejo\u00bb PRI&#8230; Era un escenario controlado, con personas que se han dedicado al \u00abindustria del acarreo\u00bb por eso son \u00abprofesionales\u00bb y como \u00abexpertos\u00bb en la materia&#8230; Lo que hicieron fue seleccionar a puros aplaudidores para que no se les saliera del control dentro del evento&#8230; Lo dicho: Los jugadores cambian&#8230; El Juego No&#8230; Cuitl\u00e1huac y Huerta se la deben al PRI o al PRI-\u00abCaca\u00bb&#8230;<\/p>\n<p>OJO&#8230;. Sin embargo, no todo fue \u00abmiel sobre hojuelas\u00bb ese escenario controlado s\u00f3lo fue adentro del evento&#8230; Ya que a la llegada de L\u00f3pez Obrador a Poza Rica&#8230; Las \u00abbenditas\u00bb redes sociales evidenciaron las protestas, reclamos y rechiflas en contra del gobierno municipal de esa ciudad, que es gobernada por MORENA, y acusaron al alcalde, Francisco Javier Vel\u00e1zquez Vallejo, de nepotismo y de tener al pueblo sumido en la ingobernabilidad e inseguridad&#8230; Los \u00abmameyazos\u00bb en contra estuvieron con todo&#8230;<\/p>\n<p>Por eso para nadie pas\u00f3 desapercibido de que los organizadores de MORENA en estos eventos de Poza Rica y m\u00e1s tarde en Tuxpan, pusieron \u00abvallas\u00bb y rejas para evitar pasar los reclamos y que molestaran a AMLO&#8230; Repetimos un evento al estilo PRI para \u00abenaltecer\u00bb al nuevo \u00abTlatoani\u00bb MORENO&#8230; Que a pesar de que \u00e9l dijo en su discurso que se acabaron los privilegios de los funcionarios&#8230; El como Presidente de M\u00e9xico act\u00faa como Pe\u00f1a Nieto&#8230; Ya se aleja del pueblo que reclama&#8230; S\u00f3lo ve al que le aplaude&#8230; Al estilo Salinas; \u00abNi los veo, ni los oigo\u00bb&#8230;<\/p>\n<p>Tambi\u00e9n fue evidente que los organizadores priistas&#8230; Hicieron que en el evento de MORENA en todo momento tanto en Tuxpan como en Poza Rica, el sonido del discurso fuera mucho m\u00e1s fuerte, se escuchaba de manera rara, casi no se escuchaba ni los aplausos de las personas&#8230; As\u00ed que si gritaban o protestaban no se iba a o\u00edr nada&#8230; Lo operaron bien, repetimos, porque le dejaron la organizaci\u00f3n a los que saben hacerlo&#8230; Los Morenos hubieran hecho un reverendo \u00abpapaqu\u00ed\u00bb de protestas&#8230;<\/p>\n<p>LAS PARADOJAS&#8230; La primera L\u00f3pez Obrador en su gira por Tuxpan reconoci\u00f3 a Don Jes\u00fas Reyes Heroles, el ide\u00f3logo del PRI m\u00e1s importante de su historia&#8230; El Presidente lo alab\u00f3 como funcionario p\u00fablico en su paso por el IMSS, PEMEX, SEP, Gobernaci\u00f3n como escritor de libros sobre el liberalismo y que si viviera entonces tambi\u00e9n Reyes H\u00e9roles estar\u00eda en su gobierno&#8230; Que paradoja ahora Don Jes\u00fas ser\u00e1 el \u00abide\u00f3logo\u00bb de MORENA&#8230;<\/p>\n<p>Lo incongruente es que esas dependencias que fortaleci\u00f3 y manejo Reyes H\u00e9roles son las que \u00e9l hace 12 a\u00f1os mand\u00f3 al \u00abdiablo\u00bb&#8230; Y para el colmo, hace unos meses el Presidente dijo que Reyes Heroles junior era un \u00abneoliberal\u00bb&#8230; Ja ja ja&#8230; \u00bfEntonces? para qu\u00e9 quiere al pap\u00e1&#8230;Si el hijo act\u00faa y escribe sobre los pensamientos del padre y basa sus teor\u00edas aplicadas al gobierno&#8230; Si Don Jes\u00fas Reyes Heroles hubiera estado en MORENA a lo mejor como veracruzano no hubiera \u00abvotado\u00bb por \u00e9l o por Cuitl\u00e1huac&#8230; Finalmente era priista&#8230; Ser\u00eda l\u00f3gico&#8230;<\/p>\n<p>La PARADOJA m\u00e1s grave fue cuando dijo que la primera vez que visit\u00f3 Poza Rica fue hace 30 a\u00f1os con Heberto Castillo, s\u00f3lo que se le olvid\u00f3 a L\u00f3pez Obrador que \u00e9l estaba aun en el PRI y Heberto estaba cediendo el registro del PMS al PRD&#8230; Tuvo un lapsus AMLO&#8230; Minti\u00f3 con o sin alevos\u00eda, s\u00f3lo \u00e9l lo sabe&#8230; Hay que recordar que el hoy mandatario renuncia al PRI hasta que C\u00e1rdenas lo hace candidato a gobernador en Tabasco en 1989, y la elecci\u00f3n fue en noviembre de ese a\u00f1o, y el Frente Democr\u00e1tico Nacional ya no exist\u00eda en 1989&#8230;<\/p>\n<p>Un dato&#8230; El PRD nace el 5 de octubre de 1989 sin asamblea&#8230; El PMS le cedi\u00f3 su registro&#8230; L\u00f3pez Obrador no fue un miembro fundador del PRD, significa que no estuvo en asamblea constitutiva del RFE&#8230; Ya siendo PRD es C\u00e1rdenas qui\u00e9n lo invita a ser candidato y ah\u00ed es donde deja al PRI&#8230; Miente al decir entonces que estuvo con Heberto en Poza Rica hace 30 a\u00f1os&#8230; Fue su coordinador de campa\u00f1a a la gubernatura pero en 1992&#8230; As\u00ed que el Presidente se equivoc\u00f3 o minti\u00f3 ayer en su discurso&#8230; Que quede claro&#8230; Cuesti\u00f3n de enfoques&#8230;<\/p>\n<p>La otra PARADOJA fue que en Poza Rica no se vio a Manuel Huerta en el Presidium con AMLO&#8230; Obvio que r\u00e1pidamente los aliados del Gobierno del Estado empezaron a mandar mensajes se\u00f1alando: \u00bfCu\u00e1l ser\u00eda la lectura?&#8230; Que se va&#8230; Un error que hace provocar mensajes equivocados&#8230; Ya que al no verse en el presidium y al decir el Presidente de Cuitl\u00e1huac que \u00abcon este extraordinario Gobernador que hay en Veracruz\u00bb, fue evidente su respaldo&#8230; Pero las especulaciones sobre Huerta subieron&#8230;. Fuego amigo&#8230;<\/p>\n<p>EN RESUMEN.. La vista de AMLO al norte de Veracruz se bas\u00f3 en mensajes y eventos de siempre: No hay \u00abhuachicol\u00bb, desaparici\u00f3n del Estado Mayor, que el pueblo lo cuida, que la migraci\u00f3n ser\u00e1 optativa, no forzosa, que es por el neoliberalismo&#8230; Que Cuitl\u00e1huac es chingon&#8230; Y el gobernador dijo que invertir\u00e1 100 MDP en la zona (que s\u00f3lo servir\u00e1n para hacer banquetas) y que el gobierno era un \u00abelefante reum\u00e1tico y que seguir\u00e1 empujando para que se le quiten las reumas, que los apoyos van lentos&#8230;. Y paren de contar&#8230; Aplausos como pide Memo R\u00edos pa ambos&#8230; Ba\u00f1o de pueblo, respaldo a Cuitl\u00e1huac por tercera vez y AMEN&#8230; CONSUMATUM EST<\/p>\n","protected":false},"excerpt":{"rendered":"<p>Ricardo Ch\u00faa Sale y Vale SIN REMITENTE&#8230; Al final los organizadores del evento en Poza Rica en la gira por la zona norte del Presidente, Andr\u00e9s Manuel L\u00f3pez Obrador, no se \u00abjugaron el pellejo\u00bb y dejaron hacer el trabajo a los que saben&#8230; A LOS PRIISTAS&#8230; Resulta que ante el temor que hab\u00eda de que [&hellip;]<\/p>\n","protected":false},"author":2,"featured_media":47630,"comment_status":"open","ping_status":"open","sticky":false,"template":"","format":"standard","meta":{"_jetpack_newsletter_access":"","_jetpack_dont_email_post_to_subs":false,"_jetpack_newsletter_tier_id":0,"_jetpack_memberships_contains_paywalled_content":false,"_jetpack_memberships_contains_paid_content":false,"footnotes":""},"categories":[70],"tags":[618,1681,79,14355,162,541,346,14356,1267,797],"class_list":["post-47629","post","type-post","status-publish","format-standard","has-post-thumbnail","hentry","category-de-opinion","tag-andres-manuel-lopez-obrador","tag-cuitlahuac-garcia","tag-fidel-herrera","tag-francisco-javier-velazquez-vallejo","tag-javier-duarte","tag-jesus-reyes-heroles","tag-miguel-aleman","tag-ni-los-veo-ni-los-oigo","tag-poza-rica","tag-presidente"],"jetpack_featured_media_url":"https:\/\/lospoliticosveracruz.com.mx\/wp-content\/uploads\/2019\/03\/Cuic-y-AMLO-Gira.jpg","jetpack_sharing_enabled":true,"jetpack_shortlink":"https:\/\/wp.me\/p4Qcd3-cod","_links":{"self":[{"href":"https:\/\/lospoliticosveracruz.com.mx\/index.php?rest_route=\/wp\/v2\/posts\/47629","targetHints":{"allow":["GET"]}}],"collection":[{"href":"https:\/\/lospoliticosveracruz.com.mx\/index.php?rest_route=\/wp\/v2\/posts"}],"about":[{"href":"https:\/\/lospoliticosveracruz.com.mx\/index.php?rest_route=\/wp\/v2\/types\/post"}],"author":[{"embeddable":true,"href":"https:\/\/lospoliticosveracruz.com.mx\/index.php?rest_route=\/wp\/v2\/users\/2"}],"replies":[{"embeddable":true,"href":"https:\/\/lospoliticosveracruz.com.mx\/index.php?rest_route=%2Fwp%2Fv2%2Fcomments&post=47629"}],"version-history":[{"count":1,"href":"https:\/\/lospoliticosveracruz.com.mx\/index.php?rest_route=\/wp\/v2\/posts\/47629\/revisions"}],"predecessor-version":[{"id":47631,"href":"https:\/\/lospoliticosveracruz.com.mx\/index.php?rest_route=\/wp\/v2\/posts\/47629\/revisions\/47631"}],"wp:featuredmedia":[{"embeddable":true,"href":"https:\/\/lospoliticosveracruz.com.mx\/index.php?rest_route=\/wp\/v2\/media\/47630"}],"wp:attachment":[{"href":"https:\/\/lospoliticosveracruz.com.mx\/index.php?rest_route=%2Fwp%2Fv2%2Fmedia&parent=47629"}],"wp:term":[{"taxonomy":"category","embeddable":true,"href":"https:\/\/lospoliticosveracruz.com.mx\/index.php?rest_route=%2Fwp%2Fv2%2Fcategories&post=47629"},{"taxonomy":"post_tag","embeddable":true,"href":"https:\/\/lospoliticosveracruz.com.mx\/index.php?rest_route=%2Fwp%2Fv2%2Ftags&post=47629"}],"curies":[{"name":"wp","href":"https:\/\/api.w.org\/{rel}","templated":true}]}}