{"id":47727,"date":"2019-04-05T16:04:17","date_gmt":"2019-04-05T22:04:17","guid":{"rendered":"http:\/\/www.lospoliticosveracruz.com.mx\/?p=47727"},"modified":"2019-04-05T16:04:17","modified_gmt":"2019-04-05T22:04:17","slug":"erik-el-inmigrante-y-el-malinchista","status":"publish","type":"post","link":"https:\/\/lospoliticosveracruz.com.mx\/?p=47727","title":{"rendered":"Erik, el inmigrante y \u00abel malinchista\u00bb"},"content":{"rendered":"<p><b>MRicardo<\/b>\u00a0<b>Ch\u00faa<\/b><\/p>\n<p><i>Sale<\/i> <i>y<\/i> <i>Vale<\/i><\/p>\n<p>OJO&#8230; Grupos de la SNTE en Veracruz no quieren participar con el tema de la formaci\u00f3n del nuevo partido pol\u00edtico, donde la mayor\u00eda son educadores, llamado \u00abRedes Sociales\u00bb&#8230; Ya que saben que pese a estar Elba Esther detr\u00e1s&#8230; Esta asociaci\u00f3n mantiene cercan\u00eda con MORENA&#8230;. Y en Veracruz no m\u00e1s no&#8230; Se niegan acudir al llamado amenazando no apoyar el movimiento de la Maestra por recuperar la Presidencia del SNTE&#8230; Prefieren apoyar al PAN o al PRI&#8230; AMEN&#8230;<\/p>\n<p>R\u00c9GIMEN DE TERROR&#8230;Despu\u00e9s de las denuncias de altos funcionarios del gabinete de Cuitl\u00e1huac Garc\u00eda&#8230; De que hay elementos polic\u00edacos que est\u00e1n denunciados por actos deshonestos y faltas graves&#8230; Esto es muy delicado porque entonces las acciones que podr\u00edan emprender para combatir la inseguridad pueden parecer simuladas&#8230; Las denuncias ah\u00ed est\u00e1n y hasta notas period\u00edsticas que los se\u00f1alan p\u00fablicamente&#8230; Por la buena salud del gobierno estatal los niveles de la violencia en la entidad deben de bajar&#8230;<\/p>\n<p>Hay que recordar lo que paso en Actopan con los veracruzanos con nacionalidad americana, donde hubo involucrados polic\u00edas, que ocuparon rudeza f\u00edsica con los visitantes como si fueran \u00abguardias blancas\u00bb&#8230; Vamos hasta gener\u00f3 la primera \u00abbatalla\u00bb entre Winckler y Eric Cisneros, con ese tema de la \u00abMalinche\u00bb&#8230; Al parecer ya en Veracruz con la inseguridad entramos a un R\u00c9GIMEN DE TERROR&#8230;. Pasando de la \u00abEsperanza para Veracruz\u00bb al \u00abTotalitarismo para Veracuiz\u00bb&#8230; \u00bfAcaso nos equivocamos?&#8230;<\/p>\n<p>Por cierto&#8230; Haciendo memoria&#8230; Nunca se entendi\u00f3 el por qu\u00e9 el Secretario de Gobierno llam\u00f3 al Fiscal de Veracruz: \u00abMalinchista\u00bb por defender \u00abextranjeros\u00bb sobre veracruzanos y RARO porque alguien que fue inmigrante hasta hace 2 a\u00f1os, se\u00f1al\u00f3 a los de Actopan como extranjeros, si son tambi\u00e9n inmigrantes.. Es decir, un inmigrante desde\u00f1ando a otros inmigrantes&#8230; Cisneros se fue a Baja California Sur.porque no hab\u00eda oportunidades en Otatitlan&#8230;. Los de Actopan tambi\u00e9n, pero ellos si cruzaron el R\u00edo Bravo&#8230; Incongruente \u00bfNo?&#8230; Real Politic&#8230;<\/p>\n<p>EL EFECTO MONREAL&#8230; Si los lectores piensan que la reuni\u00f3n del mi\u00e9rcoles de L\u00f3pez Obrador y Ricardp Monreal, que desayunaron en Palacio Nacional,chilaquiles. fue precisamente para comer \u00abtlacoyos\u00bb que venden en el z\u00f3calo o huevos que le echaron a la salsa&#8230; Pues no&#8230; Tampoco fue para hablar de los Consejeros de la Comisi\u00f3n Reguladora de Energ\u00eda, ese asunto ya estaba \u00abplanchado\u00bb por el Presidente&#8230; No, los temas fueron: la \u00absacudida\u00bb al interior de MORENA, Baja Californ\u00eda Norte, Puebla y Veracruz&#8230;<\/p>\n<p>Monreal quiere \u00abdescarrilar\u00bb a Yeidcolt Polensky, esta enojado por el tema Puebla y la candidatura de Barbosa&#8230; El temor de AMLO es que Monreal no es abyecto a \u00e9l, como otros pol\u00edticos de MORENA, que citando al nuevo cl\u00e1sico que es Sergio Goyri, no es de los que dice: \u00abSi se\u00f1or, No se\u00f1or\u00bb&#8230; El zacatecano es muy tenebroso al estilo Fidel Herrera&#8230; Y el senador ya ech\u00f3 andar su plan para ganar la candidatura al 2024&#8230; Por eso, su alfil, Alejandro Rojas D\u00edaz Duran ya anda descalificando a Yiedcokt medi\u00e1ticamente&#8230;<\/p>\n<p>El ex gobernador anda haciendo alianzas para que Barbosa pierda Puebla&#8230; Por eso AMLO lo cit\u00f3&#8230; Sabe que empresarios veracruzanos socios de poblanos buscan financiar al PAN, y, al PRI para que tenga una alianza para derrotar a MORENA&#8230; Ya en el caso de Baja California ser\u00e1 Donald Trump con el tema migratorio que har\u00e1 cambiar el voto all\u00e1 en contra de MORENA-AMLO&#8230; Si llegar\u00e1n a perder las dos: Puebla y Baja California es un hecho que Yeidcolt se tendr\u00eda que ir del partido&#8230;<\/p>\n<p>Pero en que afecta en todo esto a Veracruz&#8230; Muy sencillo en que Cuitl\u00e1huac tiene ALIANZAS con Yeidcolt&#8230; Y Monreal sabe que es uno de los 3 gobernadores de MORENA cercanos a AMLO y despu\u00e9s de la Scheinbaum es el que m\u00e1s lana tiene para financiar campa\u00f1as&#8230; Por eso Monreal le tiene \u00abechado el ojo\u00bb a Veracruz&#8230; Y la embestida en contra del senador viene de ese grupo, que traen como cabeza visible a Marcelo Ebrard, el actual rival de Monreal para el 2024&#8230; Por eso \u00abjarochilandia\u00bb pese y m\u00e1s por su vecindad con Puebla&#8230;<\/p>\n<p>Ya descarrilando a Yeidcolt&#8230; Cuitl\u00e1huac se queda \u00abhuerfano\u00bb dentro del partido de MORENA,&#8230; Y Monreal intentar\u00eda darle un \u00abgolpe de estado\u00bb a AMLO para quedarse con el partido v\u00eda Alejandro Rojas D\u00edaz Dur\u00e1n, un ex aliado de Ebrard que rompi\u00f3 con \u00e9l y se fue con el zacatecano&#8230; Por eso desde el senado, el ex gobernador quiere quedarse con todas las candidaturas a gobernador de aqu\u00ed al 2021&#8230; Las candiduturas a diputaciones federales y apostar por alcald\u00edas importantes en el pa\u00eds&#8230; Ah\u00ed entra en juego el tema Veracruz..<\/p>\n<p>As\u00ed que t\u00e9cnicamente Monreal \u00abdeshabilitar\u00eda\u00bb a L\u00f3pez Obrador en el partido.. Apoyado por sus compadres priistas del \u00abviejo cu\u00f1o\u00bb que son ex gobernadores para que operen a los Morenos desde fuera&#8230; Fidel est\u00e1 contemplado&#8230; Murat, Madrazo hasta Mario Mar\u00edn&#8230; Ya es la \u00abguerra\u00bb al interior de Morena y es la misma que el Presidente quiere evitar pero ya las posiciones de Monreal contra Yeidcolt y Ebrard est\u00e1n irreconciliables&#8230;<\/p>\n<p>Ah\u00ed est\u00e1n las declaraciones de Rojas D\u00edaz Dur\u00e1n involucrando a Yeidcolt con Ra\u00fal Salinas&#8230; Esta cabr\u00f3n y los ubica como \u00abmaoistas\u00bb radicales&#8230; Monreal es m\u00e1s pol\u00edtico y su \u00abidea\u00bb es \u00absalvar\u00bb a Morena de los radicales&#8230; Ja ja ja&#8230; Aprovechando que Ebrard est\u00e1 d\u00e9bil por el tema del yerno de Trump y la carta a Espa\u00f1a&#8230; Sobre todo hay que imaginarse a AMLO cuando se enter\u00f3 que en medios de comunicaci\u00f3n estaban asoci\u00e1ndolo a Ra\u00fal Salinas&#8230; V\u00eda Yeidcolt&#8230;. Muy \u00abenredado\u00bb el caso pero es la ruta para quitar a la Polensky,&#8230; Jugada Magistral..<\/p>\n<p>EN RESUMEN&#8230; Grupos empresariales de Veracruz, ligados a \u00abRicos y Sabrosos\u00bb poblanos (de los m\u00e1s fuertes del pa\u00eds), de origen espa\u00f1ol y \u00e1rabe&#8230;Con inversiones all\u00e1 y ac\u00e1&#8230; Amigos de ex gobernadores priistas en ambos estados&#8230; Est\u00e1n operando para financia y apoyar para ayudar hacer perder a Miguel Barbosa&#8230; Ya que eran MorenoVallistas y no \u00abamarraron\u00bb con ellos despu\u00e9s de la muerte del ex gobernador&#8230; Y eso vali\u00f3 para darse cuenta que si gana Barbosa llevar\u00eda a sus propios \u00abamigos\u00bb empresarios&#8230; Y, pues, no&#8230; Con su lana no&#8230;<\/p>\n<p>Nos cuenta La Fuente que esos son acuerdos que genera Monreal y lo est\u00e1n operando sus \u00abcuates\u00bb ex gobernadores con empresarios con contacto en Veracruz y que aun contin\u00faan muy vigentes&#8230; Baja California Norte es importante, pero Puebla es medi\u00e1tico&#8230; As\u00ed que descarrillar a Yeidcolt desde Veracruz, un estado con un gobernador aliado a ella, pues, ser\u00eda lo menos sospechoso&#8230; Chequeen cuantos operadores \u00abjarochos\u00bb de Morena. est\u00e1n en La Angelopol\u00eds con Barbosa&#8230;. Se es m\u00e1s leal en la complicidad, que en la amistad&#8230; El T\u00edo Moreno&#8230;<\/p>\n","protected":false},"excerpt":{"rendered":"<p>MRicardo\u00a0Ch\u00faa Sale y Vale OJO&#8230; Grupos de la SNTE en Veracruz no quieren participar con el tema de la formaci\u00f3n del nuevo partido pol\u00edtico, donde la mayor\u00eda son educadores, llamado \u00abRedes Sociales\u00bb&#8230; Ya que saben que pese a estar Elba Esther detr\u00e1s&#8230; Esta asociaci\u00f3n mantiene cercan\u00eda con MORENA&#8230;. Y en Veracruz no m\u00e1s no&#8230; Se [&hellip;]<\/p>\n","protected":false},"author":2,"featured_media":46902,"comment_status":"open","ping_status":"open","sticky":false,"template":"","format":"standard","meta":{"_jetpack_newsletter_access":"","_jetpack_dont_email_post_to_subs":false,"_jetpack_newsletter_tier_id":0,"_jetpack_memberships_contains_paywalled_content":false,"_jetpack_memberships_contains_paid_content":false,"footnotes":""},"categories":[70],"tags":[13085,6869,1026,3132,10353,195],"class_list":["post-47727","post","type-post","status-publish","format-standard","has-post-thumbnail","hentry","category-de-opinion","tag-erik-cisneros-burgos","tag-jorge-winckler","tag-morena","tag-puebla","tag-ricardo-monreal","tag-veracruz"],"jetpack_featured_media_url":"https:\/\/lospoliticosveracruz.com.mx\/wp-content\/uploads\/2019\/02\/Eric.jpg","jetpack_sharing_enabled":true,"jetpack_shortlink":"https:\/\/wp.me\/p4Qcd3-cpN","_links":{"self":[{"href":"https:\/\/lospoliticosveracruz.com.mx\/index.php?rest_route=\/wp\/v2\/posts\/47727","targetHints":{"allow":["GET"]}}],"collection":[{"href":"https:\/\/lospoliticosveracruz.com.mx\/index.php?rest_route=\/wp\/v2\/posts"}],"about":[{"href":"https:\/\/lospoliticosveracruz.com.mx\/index.php?rest_route=\/wp\/v2\/types\/post"}],"author":[{"embeddable":true,"href":"https:\/\/lospoliticosveracruz.com.mx\/index.php?rest_route=\/wp\/v2\/users\/2"}],"replies":[{"embeddable":true,"href":"https:\/\/lospoliticosveracruz.com.mx\/index.php?rest_route=%2Fwp%2Fv2%2Fcomments&post=47727"}],"version-history":[{"count":2,"href":"https:\/\/lospoliticosveracruz.com.mx\/index.php?rest_route=\/wp\/v2\/posts\/47727\/revisions"}],"predecessor-version":[{"id":47731,"href":"https:\/\/lospoliticosveracruz.com.mx\/index.php?rest_route=\/wp\/v2\/posts\/47727\/revisions\/47731"}],"wp:featuredmedia":[{"embeddable":true,"href":"https:\/\/lospoliticosveracruz.com.mx\/index.php?rest_route=\/wp\/v2\/media\/46902"}],"wp:attachment":[{"href":"https:\/\/lospoliticosveracruz.com.mx\/index.php?rest_route=%2Fwp%2Fv2%2Fmedia&parent=47727"}],"wp:term":[{"taxonomy":"category","embeddable":true,"href":"https:\/\/lospoliticosveracruz.com.mx\/index.php?rest_route=%2Fwp%2Fv2%2Fcategories&post=47727"},{"taxonomy":"post_tag","embeddable":true,"href":"https:\/\/lospoliticosveracruz.com.mx\/index.php?rest_route=%2Fwp%2Fv2%2Ftags&post=47727"}],"curies":[{"name":"wp","href":"https:\/\/api.w.org\/{rel}","templated":true}]}}