{"id":47733,"date":"2019-04-05T16:54:08","date_gmt":"2019-04-05T22:54:08","guid":{"rendered":"http:\/\/www.lospoliticosveracruz.com.mx\/?p=47733"},"modified":"2019-04-05T16:54:08","modified_gmt":"2019-04-05T22:54:08","slug":"denuncia-si-linchamientos-no","status":"publish","type":"post","link":"https:\/\/lospoliticosveracruz.com.mx\/?p=47733","title":{"rendered":"Denuncia s\u00ed, linchamientos no"},"content":{"rendered":"<p><strong>Naldy Rodr\u00edguez<\/strong><br \/>\n<em>Transparencia 3.0<\/em><\/p>\n<p>Linchar: Ejecutar sin proceso y tumultuariamente a un sospechoso. As\u00ed lo define la RAE. Al se\u00f1alar \u201csin proceso\u201d se refiere a un proceso legal y judicial como el que se tiene en cualquier sistema democr\u00e1tico.<\/p>\n<p>En M\u00e9xico y en Veracruz se tiene el registro de varios linchamientos de personas por la muchedumbre, derivado de conductas o supuestos il\u00edcitos que cometen los linchados&#8230; despu\u00e9s de alg\u00fan tiempo, en algunos casos (los menos), se informa en los medios que posiblemente eran inocentes. Y que estuvieron en el momento y lugar equivocado.<\/p>\n<p>Tambi\u00e9n ya hemos visto desde hace un par de a\u00f1os el efecto de los linchamientos medi\u00e1ticos en plataformas como <em>Facebook\u00a0<\/em>y el <em>Twitter<\/em>, las cuales interact\u00faan con los medios tradicionales, como en el caso de las #Ladys y el de la joven Daphne. Al igual que los linchamientos presenciales, los usuarios se convierten en jurado, realizan miles de hip\u00f3tesis y comentarios, para al final emitir su\u00a0 juicio, todo en el \u00e1mbito digital.<\/p>\n<p>Ahora quiero referirme al movimiento Me Too, que en espa\u00f1ol significa \u201cYo tambi\u00e9n\u201d y que inici\u00f3 con una serie de denuncias escalonadas y, en algunos casos, relacionadas sobre abuso y acoso sexual por parte de actrices en contra del productor de cine y ejecutivo estadounidense Harvey Weinstein.<\/p>\n<p>En realidad el termino Me Too, seg\u00fan leo, lo inici\u00f3 la activista social y organizadora comunitaria Tarana Burke \u2013desde 2006- para tratar de generar empat\u00eda entre mujeres negras que hab\u00edan experimentado abuso sexual.<\/p>\n<p>Siempre he cre\u00eddo que es necesario generar esa \u201cempat\u00eda\u201d y sumarse a las causas sociales, sobre todo a las que tienen que ver con la defensa de las mujeres y la lucha por lograr la igualdad sustantiva de las mujeres. Tambi\u00e9n es cierto, que las v\u00edctimas, en muchas ocasiones, deben guardar el anonimato para no correr m\u00e1s riesgos.<\/p>\n<p>Sin embargo, con ese poder que nos da el anonimato, caemos en los excesos. Todas y todos s\u00ed. Y esta semana, derivado de ese linchamiento hubo un suicidio, del m\u00fasico de Botellita de Jerez, Armando Vega-Gil, quien anunci\u00f3 en Twitter su decisi\u00f3n de matarse y expuso una radical declaraci\u00f3n de inocencia. No se si sea inocente o culpable, no me corresponde culparlo.<br \/>\nNunca he estado a favor de los linchamientos ni ejecuciones extrajudiciales (por muy malo que pueda ser el linchado o el ejecutado). La ruta y el camino debe ser la legalidad y la civilidad, no se puede combatir la violencia con m\u00e1s violencia ni generar una sociedad confrontada. As\u00ed no tendremos buenos resultados como sociedad.<\/p>\n<p>Los linchamientos medi\u00e1ticos se han convertido en el pan nuestro de cada d\u00eda. Las m\u00e1s afectadas han sido las mujeres, sin duda. Siempre con juicios morales y con una connotaci\u00f3n negativa.<br \/>\n#DenunciaSilinchamientosNo fue uno de los hashtag que se convirti\u00f3 en <em>Trending Topic\u00a0<\/em>tras el suicidio del m\u00fasico. As\u00ed debe ser.<\/p>\n<p>El poder de las redes, us\u00e9moslas para bien. Recordemos que estamos por la igualdad y que hombres y mujeres estamos en el mismo barco.<br \/>\nLa lucha por los derechos humanos y la igualdad sustantiva entre hombres y mujeres es juntos, no separados.<\/p>\n<p>&nbsp;<\/p>\n<p>Twitter @ydlan<\/p>\n<p>Transparencia3.0@hotmail.com<\/p>\n<p>&nbsp;<\/p>\n","protected":false},"excerpt":{"rendered":"<p>Naldy Rodr\u00edguez Transparencia 3.0 Linchar: Ejecutar sin proceso y tumultuariamente a un sospechoso. As\u00ed lo define la RAE. Al se\u00f1alar \u201csin proceso\u201d se refiere a un proceso legal y judicial como el que se tiene en cualquier sistema democr\u00e1tico. En M\u00e9xico y en Veracruz se tiene el registro de varios linchamientos de personas por la [&hellip;]<\/p>\n","protected":false},"author":2,"featured_media":47734,"comment_status":"open","ping_status":"open","sticky":false,"template":"","format":"standard","meta":{"_jetpack_newsletter_access":"","_jetpack_dont_email_post_to_subs":false,"_jetpack_newsletter_tier_id":0,"_jetpack_memberships_contains_paywalled_content":false,"_jetpack_memberships_contains_paid_content":false,"footnotes":""},"categories":[70],"tags":[14439,14441,242,11131,14437,14438,395,481,195],"class_list":["post-47733","post","type-post","status-publish","format-standard","has-post-thumbnail","hentry","category-de-opinion","tag-botellita-de-jerez","tag-ejecuciones-extrajudiciales","tag-facebook","tag-harvey-weinstein","tag-linchar","tag-me-too","tag-mexico","tag-twitter","tag-veracruz"],"jetpack_featured_media_url":"https:\/\/lospoliticosveracruz.com.mx\/wp-content\/uploads\/2019\/04\/Metoo.jpg","jetpack_sharing_enabled":true,"jetpack_shortlink":"https:\/\/wp.me\/p4Qcd3-cpT","_links":{"self":[{"href":"https:\/\/lospoliticosveracruz.com.mx\/index.php?rest_route=\/wp\/v2\/posts\/47733","targetHints":{"allow":["GET"]}}],"collection":[{"href":"https:\/\/lospoliticosveracruz.com.mx\/index.php?rest_route=\/wp\/v2\/posts"}],"about":[{"href":"https:\/\/lospoliticosveracruz.com.mx\/index.php?rest_route=\/wp\/v2\/types\/post"}],"author":[{"embeddable":true,"href":"https:\/\/lospoliticosveracruz.com.mx\/index.php?rest_route=\/wp\/v2\/users\/2"}],"replies":[{"embeddable":true,"href":"https:\/\/lospoliticosveracruz.com.mx\/index.php?rest_route=%2Fwp%2Fv2%2Fcomments&post=47733"}],"version-history":[{"count":1,"href":"https:\/\/lospoliticosveracruz.com.mx\/index.php?rest_route=\/wp\/v2\/posts\/47733\/revisions"}],"predecessor-version":[{"id":47735,"href":"https:\/\/lospoliticosveracruz.com.mx\/index.php?rest_route=\/wp\/v2\/posts\/47733\/revisions\/47735"}],"wp:featuredmedia":[{"embeddable":true,"href":"https:\/\/lospoliticosveracruz.com.mx\/index.php?rest_route=\/wp\/v2\/media\/47734"}],"wp:attachment":[{"href":"https:\/\/lospoliticosveracruz.com.mx\/index.php?rest_route=%2Fwp%2Fv2%2Fmedia&parent=47733"}],"wp:term":[{"taxonomy":"category","embeddable":true,"href":"https:\/\/lospoliticosveracruz.com.mx\/index.php?rest_route=%2Fwp%2Fv2%2Fcategories&post=47733"},{"taxonomy":"post_tag","embeddable":true,"href":"https:\/\/lospoliticosveracruz.com.mx\/index.php?rest_route=%2Fwp%2Fv2%2Ftags&post=47733"}],"curies":[{"name":"wp","href":"https:\/\/api.w.org\/{rel}","templated":true}]}}