{"id":47919,"date":"2019-04-24T22:55:52","date_gmt":"2019-04-25T03:55:52","guid":{"rendered":"http:\/\/www.lospoliticosveracruz.com.mx\/?p=47919"},"modified":"2019-04-24T20:57:35","modified_gmt":"2019-04-25T01:57:35","slug":"pri-los-ramirez-le-ponen-sabor","status":"publish","type":"post","link":"https:\/\/lospoliticosveracruz.com.mx\/?p=47919","title":{"rendered":"PRI: Los Ram\u00edrez le ponen sabor"},"content":{"rendered":"<p><strong>Salvador Mu\u00f1oz<\/strong><\/p>\n<p><em>Los Pol\u00edticos<\/em><\/p>\n<p><span style=\"font-weight: 400;\">A menos de una semana para que el PRI elija con base en su base, valga la redundancia, a su dirigente estatal, los \u00e1nimos se est\u00e1n caldeando y no s\u00f3lo por las impugnaciones hechas por Damara G\u00f3mez Morales o por la petici\u00f3n al CEN del PRI para cambiar al secretario de Organizaci\u00f3n, Julio Cerecedo Aguilar, y al secretario de Acci\u00f3n Electoral, Zeferino Tejeda Uscanga\u2026 el asunto va m\u00e1s all\u00e1, cuando este martes, uno de los candidatos a ocupar el edificio de Ruiz Cortines con Francisco Moreno, en Xalapa, protagoniz\u00f3 un esc\u00e1ndalo que no s\u00f3lo dej\u00f3 \u201cde seis\u201d a quienes dirigi\u00f3 los embates, sino a los comensales, de no ser por la intervenci\u00f3n de una dama que lo conmin\u00f3 a retirarse, fue que se calmaron los \u00e1nimos.<\/span><\/p>\n<p><span style=\"font-weight: 400;\">El asunto empieza con una reuni\u00f3n a la que convoc\u00f3 este martes la secretar\u00eda de Organizaci\u00f3n con cada uno de los representantes de los candidatos a la dirigencia estatal, cerca de las 13 horas. El problema fue que al lugar asisti\u00f3 Adolfo Ram\u00edrez Arana, quien tuvo una acalorada discusi\u00f3n con los presentes y se tuvo que postergar la reuni\u00f3n en cuanto desalojara el lugar el vecino de Paso de Ovejas.<\/span><\/p>\n<p><span style=\"font-weight: 400;\">Mientras, por otro lado, en el restaurante de Asadero 100 de la avenida Avila Camacho, en un ambiente de cordialidad, se reun\u00eda el resto de los candidatos con sus respectivas f\u00f3rmulas, es decir, all\u00ed estaban Carlos Aceves y Marilda Rodr\u00edguez as\u00ed como Marlon Ram\u00edrez Mar\u00edn y Arianna Angeles; adem\u00e1s de los candidatos a Secretarios Generales, Silvia Dom\u00ednguez y Eligio Morales. La ausencia de sus candidatos a Dirigentes, como ya se dijo, porque Adolfo estaba en el edificio del PRI y Damara G\u00f3mez, en gira en otro punto del estado. El motivo de la reuni\u00f3n, se supone, era para escuchar a sus representantes ante el secretariado de Organizaci\u00f3n pues al final, les iban a decir lo mismo.<\/span><\/p>\n<p><span style=\"font-weight: 400;\">Adolfo Ram\u00edrez Arana sali\u00f3 del edificio del PRI y se supone que llam\u00f3 a Silvia Dom\u00ednguez para preguntarle su ubicaci\u00f3n y fue que entonces que acudi\u00f3 al restaurante citado. Al llegar, cuando vio a los comensales, se dirigi\u00f3 a Marlon Ram\u00edrez y le reclam\u00f3 por \u201cel padr\u00f3n a modo\u201d para esta elecci\u00f3n pero que ni con eso lograr\u00eda ganarle. El porte\u00f1o no respondi\u00f3, guard\u00f3 silencio.<\/span><\/p>\n<p><span style=\"font-weight: 400;\">Al no obtener una respuesta, Adolfo Ram\u00edrez arremeti\u00f3 dici\u00e9ndole a Marlon que de seguro estaba muy contento porque era su primera campa\u00f1a cuando \u00e9l (el de Paso de Ovejas) ten\u00eda varias y las hab\u00eda ganado todas.<\/span><\/p>\n<p><span style=\"font-weight: 400;\">Sin embargo, Marlon se manten\u00eda ecu\u00e1nime.<\/span><\/p>\n<p><span style=\"font-weight: 400;\">Entonces Ram\u00edrez Arana embisti\u00f3 diciendo que la regidur\u00eda que hab\u00eda logrado Marlon era la que menos votos hab\u00eda obtenido el PRI. Ram\u00edrez Mar\u00edn ya no se aguant\u00f3, pero sin exaltarse, le respondi\u00f3 al ex dirigente del entonces FJR que si \u00e9l hab\u00eda sido diputado y alcalde, era por contar con el apoyo de gobernadores (refiriendo a Javier Duarte y Fidel Herrera), pero estaba claro que sin el apoyo de ellos, era diferente, y remat\u00f3 preguntando: \u00bfC\u00f3mo te fue en el distrito de Huatusco?<\/span><\/p>\n<p><span style=\"font-weight: 400;\">Los \u00e1nimos empezaron a llamar la atenci\u00f3n de los comensales y fue entonces que la prudencia cupo en Silvia Dom\u00ednguez, quien le pidi\u00f3 a Adolfo Ram\u00edrez Arana retirarse del lugar porque se estaba haciendo ya un esc\u00e1ndalo y as\u00ed fue, se retir\u00f3 el candidato.<\/span><\/p>\n<p><span style=\"font-weight: 400;\">Por su parte, este mi\u00e9rcoles, Lilian Zepahua, dirigente del PRI estatal, dijo que el \u00fanico padr\u00f3n v\u00e1lido que se utilizar\u00e1 en la jornada electoral es el que la Secretar\u00eda de Organizaci\u00f3n del CEN certific\u00f3 y entreg\u00f3 a la Comisi\u00f3n Estatal de Procesos Internos y \u00e9sta a su vez a las cuatro f\u00f3rmulas participantes.<\/span><\/p>\n<p><span style=\"font-weight: 400;\">Por otro lado, junto a Lilian Zepahua, el delegado nacional Hugo Contreras Zepeda precisaba que el inter\u00e9s del CEN es hacer los procesos de renovaci\u00f3n como lo determine su militancia, \u201cen el caso de Veracruz, el Consejo Pol\u00edtico Estatal determin\u00f3 que la renovaci\u00f3n de la dirigencia fuera a trav\u00e9s del m\u00e9todo de consulta a la base militante y ese es el instrumento\u201d, y enfatiz\u00f3 que podr\u00e1n votar las personas afiliadas hasta el 13 de marzo, porque ese es el padr\u00f3n que se entreg\u00f3 a las f\u00f3rmulas por parte de la Comisi\u00f3n de Procesos Internos, que a su vez lo recibi\u00f3 de la Secretar\u00eda de Organizaci\u00f3n del CEN.<\/span><\/p>\n<p><span style=\"font-weight: 400;\">La elecci\u00f3n del PRI est\u00e1 a la vuelta de la esquina. Hay jaloneos, rebatingas, dimes y diretes, se\u00f1alamientos y acusaciones, pero, pues se entiende, al final, qu\u00e9 ser\u00eda el PRI sin ello, \u00a1exacto! No ser\u00eda el PRI.<\/span><\/p>\n<p>&nbsp;<\/p>\n<p><span style=\"font-weight: 400;\">smcainito@gmail.com<\/span><\/p>\n<p>&nbsp;<\/p>\n","protected":false},"excerpt":{"rendered":"<p>Salvador Mu\u00f1oz Los Pol\u00edticos A menos de una semana para que el PRI elija con base en su base, valga la redundancia, a su dirigente estatal, los \u00e1nimos se est\u00e1n caldeando y no s\u00f3lo por las impugnaciones hechas por Damara G\u00f3mez Morales o por la petici\u00f3n al CEN del PRI para cambiar al secretario de [&hellip;]<\/p>\n","protected":false},"author":2,"featured_media":47920,"comment_status":"open","ping_status":"open","sticky":false,"template":"","format":"standard","meta":{"_jetpack_newsletter_access":"","_jetpack_dont_email_post_to_subs":false,"_jetpack_newsletter_tier_id":0,"_jetpack_memberships_contains_paywalled_content":false,"_jetpack_memberships_contains_paid_content":false,"footnotes":""},"categories":[70],"tags":[6231,1186,12428,14553,3075,7271,2908,14530,4638],"class_list":["post-47919","post","type-post","status-publish","format-standard","has-post-thumbnail","hentry","category-de-opinion","tag-carlos-aceves","tag-cen-del-pri","tag-damara-gomez-morales","tag-eligio-morales","tag-julio-cerecedo-aguilar","tag-marilda-rodriguez","tag-marlon-ramirez-marin","tag-secretario-de-organizacion","tag-silvia-dominguez"],"jetpack_featured_media_url":"https:\/\/lospoliticosveracruz.com.mx\/wp-content\/uploads\/2019\/04\/PRI-logo.jpg","jetpack_sharing_enabled":true,"jetpack_shortlink":"https:\/\/wp.me\/p4Qcd3-csT","_links":{"self":[{"href":"https:\/\/lospoliticosveracruz.com.mx\/index.php?rest_route=\/wp\/v2\/posts\/47919","targetHints":{"allow":["GET"]}}],"collection":[{"href":"https:\/\/lospoliticosveracruz.com.mx\/index.php?rest_route=\/wp\/v2\/posts"}],"about":[{"href":"https:\/\/lospoliticosveracruz.com.mx\/index.php?rest_route=\/wp\/v2\/types\/post"}],"author":[{"embeddable":true,"href":"https:\/\/lospoliticosveracruz.com.mx\/index.php?rest_route=\/wp\/v2\/users\/2"}],"replies":[{"embeddable":true,"href":"https:\/\/lospoliticosveracruz.com.mx\/index.php?rest_route=%2Fwp%2Fv2%2Fcomments&post=47919"}],"version-history":[{"count":1,"href":"https:\/\/lospoliticosveracruz.com.mx\/index.php?rest_route=\/wp\/v2\/posts\/47919\/revisions"}],"predecessor-version":[{"id":47921,"href":"https:\/\/lospoliticosveracruz.com.mx\/index.php?rest_route=\/wp\/v2\/posts\/47919\/revisions\/47921"}],"wp:featuredmedia":[{"embeddable":true,"href":"https:\/\/lospoliticosveracruz.com.mx\/index.php?rest_route=\/wp\/v2\/media\/47920"}],"wp:attachment":[{"href":"https:\/\/lospoliticosveracruz.com.mx\/index.php?rest_route=%2Fwp%2Fv2%2Fmedia&parent=47919"}],"wp:term":[{"taxonomy":"category","embeddable":true,"href":"https:\/\/lospoliticosveracruz.com.mx\/index.php?rest_route=%2Fwp%2Fv2%2Fcategories&post=47919"},{"taxonomy":"post_tag","embeddable":true,"href":"https:\/\/lospoliticosveracruz.com.mx\/index.php?rest_route=%2Fwp%2Fv2%2Ftags&post=47919"}],"curies":[{"name":"wp","href":"https:\/\/api.w.org\/{rel}","templated":true}]}}