{"id":47925,"date":"2019-04-25T11:49:24","date_gmt":"2019-04-25T16:49:24","guid":{"rendered":"http:\/\/www.lospoliticosveracruz.com.mx\/?p=47925"},"modified":"2019-04-25T11:49:24","modified_gmt":"2019-04-25T16:49:24","slug":"ahijado-de-bola-8-en-registro-publico-ya-es-molestia","status":"publish","type":"post","link":"https:\/\/lospoliticosveracruz.com.mx\/?p=47925","title":{"rendered":"Ahijado de Bola 8 en Registro P\u00fablico, ya es molestia"},"content":{"rendered":"<p>Acaba de llegar al Registro P\u00fablico con sede en Coatepec, Rommel Uriel Lezama Reva, hijo de la notaria\u00a0Isabel Reva Hay\u00f3n, a quien identifican como panista, quiz\u00e1s por su hermana Gaby.<\/p>\n<p>El rumor que corre en el Pueblo M\u00e1gico es que Rommel se quej\u00f3 de que\u00a0el sueldo que recibe no es lo que esperaba, pero que tiene Patente de Corso firmada por el mismo \u00a0Secretario de Gobierno (el\u00a0padrino pol\u00edtico, como dice),\u00a0para allegarse los recursos que crea conveniente\u00a0aplicando el viejo refr\u00e1n: \u201ca m\u00ed no me den, p\u00f3nganme donde hay\u201d.<\/p>\n<p>Ya m\u00e1s de un notario se quej\u00f3 de este nuevo \u201cfuncionario\u201d que dice que\u00a0no estar\u00e1 mucho tiempo en ese\u00a0puesto, ya que\u00a0pronto\u00a0llegar\u00e1 a suplir a un alto funcionario, pues\u00a0\u00e9se es el compromiso de Eric Patrocinio Cisneros con su mam\u00e1, la reciente notaria de Perote, y su pap\u00e1, un mando naval.<\/p>\n","protected":false},"excerpt":{"rendered":"<p>Acaba de llegar al Registro P\u00fablico con sede en Coatepec, Rommel Uriel Lezama Reva, hijo de la notaria\u00a0Isabel Reva Hay\u00f3n, a quien identifican como panista, quiz\u00e1s por su hermana Gaby. El rumor que corre en el Pueblo M\u00e1gico es que Rommel se quej\u00f3 de que\u00a0el sueldo que recibe no es lo que esperaba, pero que [&hellip;]<\/p>\n","protected":false},"author":2,"featured_media":47926,"comment_status":"open","ping_status":"open","sticky":false,"template":"","format":"standard","meta":{"_jetpack_newsletter_access":"","_jetpack_dont_email_post_to_subs":false,"_jetpack_newsletter_tier_id":0,"_jetpack_memberships_contains_paywalled_content":false,"_jetpack_memberships_contains_paid_content":false,"footnotes":""},"categories":[74],"tags":[277,13461,14558,14557],"class_list":["post-47925","post","type-post","status-publish","format-standard","has-post-thumbnail","hentry","category-lavadero","tag-coatepec","tag-eric-patrocinio-cisneros-burgos","tag-isabel-reva-hayon","tag-rommel-uriel-lezama-reva"],"jetpack_featured_media_url":"https:\/\/lospoliticosveracruz.com.mx\/wp-content\/uploads\/2019\/04\/Notarios.jpg","jetpack_sharing_enabled":true,"jetpack_shortlink":"https:\/\/wp.me\/p4Qcd3-csZ","_links":{"self":[{"href":"https:\/\/lospoliticosveracruz.com.mx\/index.php?rest_route=\/wp\/v2\/posts\/47925","targetHints":{"allow":["GET"]}}],"collection":[{"href":"https:\/\/lospoliticosveracruz.com.mx\/index.php?rest_route=\/wp\/v2\/posts"}],"about":[{"href":"https:\/\/lospoliticosveracruz.com.mx\/index.php?rest_route=\/wp\/v2\/types\/post"}],"author":[{"embeddable":true,"href":"https:\/\/lospoliticosveracruz.com.mx\/index.php?rest_route=\/wp\/v2\/users\/2"}],"replies":[{"embeddable":true,"href":"https:\/\/lospoliticosveracruz.com.mx\/index.php?rest_route=%2Fwp%2Fv2%2Fcomments&post=47925"}],"version-history":[{"count":1,"href":"https:\/\/lospoliticosveracruz.com.mx\/index.php?rest_route=\/wp\/v2\/posts\/47925\/revisions"}],"predecessor-version":[{"id":47927,"href":"https:\/\/lospoliticosveracruz.com.mx\/index.php?rest_route=\/wp\/v2\/posts\/47925\/revisions\/47927"}],"wp:featuredmedia":[{"embeddable":true,"href":"https:\/\/lospoliticosveracruz.com.mx\/index.php?rest_route=\/wp\/v2\/media\/47926"}],"wp:attachment":[{"href":"https:\/\/lospoliticosveracruz.com.mx\/index.php?rest_route=%2Fwp%2Fv2%2Fmedia&parent=47925"}],"wp:term":[{"taxonomy":"category","embeddable":true,"href":"https:\/\/lospoliticosveracruz.com.mx\/index.php?rest_route=%2Fwp%2Fv2%2Fcategories&post=47925"},{"taxonomy":"post_tag","embeddable":true,"href":"https:\/\/lospoliticosveracruz.com.mx\/index.php?rest_route=%2Fwp%2Fv2%2Ftags&post=47925"}],"curies":[{"name":"wp","href":"https:\/\/api.w.org\/{rel}","templated":true}]}}