{"id":47930,"date":"2019-04-25T15:24:23","date_gmt":"2019-04-25T20:24:23","guid":{"rendered":"http:\/\/www.lospoliticosveracruz.com.mx\/?p=47930"},"modified":"2019-04-25T15:25:38","modified_gmt":"2019-04-25T20:25:38","slug":"minatitlan-herido","status":"publish","type":"post","link":"https:\/\/lospoliticosveracruz.com.mx\/?p=47930","title":{"rendered":"MINATITL\u00c1N HERIDO"},"content":{"rendered":"<p>Hoy postrado de hinojos<\/p>\n<p>lloro junto contigo<\/p>\n<p>no hay mayor castigo<\/p>\n<p>que ver el miedo en tus ojos&#8230;<\/p>\n<p>&nbsp;<\/p>\n<p>Como el rosal se llena de abrojos<\/p>\n<p>como camino lleno de Serpientes<\/p>\n<p>cobardes que matan a valientes<\/p>\n<p>hoy eres manzana podrida Minatitl\u00e1n,<\/p>\n<p>est\u00e1s invadida de sanguinarios delincuentes<\/p>\n<p>&nbsp;<\/p>\n<p>Llora Minatitl\u00e1n, llora<\/p>\n<p>otrora ciudad bendecida<\/p>\n<p>ahora no tienes salida<\/p>\n<p>es lo que se rumora<\/p>\n<p>esperas nueva aurora<\/p>\n<p>con tu pueblo de frente<\/p>\n<p>ante un Gobierno indiferente<\/p>\n<p>&nbsp;<\/p>\n<p>Hoy clamamos justicia<\/p>\n<p>que se acabe la inmundicia<\/p>\n<p>que envilece y mata a tu gente<\/p>\n<p>&nbsp;<\/p>\n<p>Es clamor de los ciudadanos<\/p>\n<p>no vivir con temor<\/p>\n<p>que se acabe el dolor<\/p>\n<p>y se acabe con los gusanos<\/p>\n<p>\u00a1o\u00eddos sordos a los reclamos!<\/p>\n<p>&nbsp;<\/p>\n<p>Esa cantaleta ya cansa<\/p>\n<p>\u00a1Que los anteriores pura transa!<\/p>\n<p>Cansados de ver tu cara de sufrido<\/p>\n<p>\u00a1Mientras para tu pueblo herido!<\/p>\n<p>\u00a1Eres vendedor de esperanza!<\/p>\n<p>&nbsp;<\/p>\n<p>Otrora Ciudad bendecida<\/p>\n<p>hoy muerte y dolor veo<\/p>\n<p>\u00a1Te saquearon tu petr\u00f3leo!<\/p>\n<p>\u00a1Hoy se llevan tu vida!<\/p>\n<p>\u00bfCu\u00e1l ser\u00e1 la salida?<\/p>\n<p>Minatitl\u00e1n querido<\/p>\n<p>quisieran verte escondido<\/p>\n<p>O una ciudad desierta<\/p>\n<p>\u00a1Vamos, vamos despierta!<\/p>\n<p>\u00a1S\u00f3lo est\u00e1s herido!<\/p>\n<p>&nbsp;<\/p>\n<p><strong>An\u00f3nimo<\/strong><\/p>\n","protected":false},"excerpt":{"rendered":"<p>Hoy postrado de hinojos lloro junto contigo no hay mayor castigo que ver el miedo en tus ojos&#8230; &nbsp; Como el rosal se llena de abrojos como camino lleno de Serpientes cobardes que matan a valientes hoy eres manzana podrida Minatitl\u00e1n, est\u00e1s invadida de sanguinarios delincuentes &nbsp; Llora Minatitl\u00e1n, llora otrora ciudad bendecida ahora no [&hellip;]<\/p>\n","protected":false},"author":2,"featured_media":47931,"comment_status":"open","ping_status":"open","sticky":false,"template":"","format":"standard","meta":{"_jetpack_newsletter_access":"","_jetpack_dont_email_post_to_subs":false,"_jetpack_newsletter_tier_id":0,"_jetpack_memberships_contains_paywalled_content":false,"_jetpack_memberships_contains_paid_content":false,"footnotes":""},"categories":[72],"tags":[14562,373],"class_list":["post-47930","post","type-post","status-publish","format-standard","has-post-thumbnail","hentry","category-palomazos","tag-masacre","tag-minatitlan"],"jetpack_featured_media_url":"https:\/\/lospoliticosveracruz.com.mx\/wp-content\/uploads\/2019\/04\/Mina1.jpg","jetpack_sharing_enabled":true,"jetpack_shortlink":"https:\/\/wp.me\/p4Qcd3-ct4","_links":{"self":[{"href":"https:\/\/lospoliticosveracruz.com.mx\/index.php?rest_route=\/wp\/v2\/posts\/47930","targetHints":{"allow":["GET"]}}],"collection":[{"href":"https:\/\/lospoliticosveracruz.com.mx\/index.php?rest_route=\/wp\/v2\/posts"}],"about":[{"href":"https:\/\/lospoliticosveracruz.com.mx\/index.php?rest_route=\/wp\/v2\/types\/post"}],"author":[{"embeddable":true,"href":"https:\/\/lospoliticosveracruz.com.mx\/index.php?rest_route=\/wp\/v2\/users\/2"}],"replies":[{"embeddable":true,"href":"https:\/\/lospoliticosveracruz.com.mx\/index.php?rest_route=%2Fwp%2Fv2%2Fcomments&post=47930"}],"version-history":[{"count":3,"href":"https:\/\/lospoliticosveracruz.com.mx\/index.php?rest_route=\/wp\/v2\/posts\/47930\/revisions"}],"predecessor-version":[{"id":47934,"href":"https:\/\/lospoliticosveracruz.com.mx\/index.php?rest_route=\/wp\/v2\/posts\/47930\/revisions\/47934"}],"wp:featuredmedia":[{"embeddable":true,"href":"https:\/\/lospoliticosveracruz.com.mx\/index.php?rest_route=\/wp\/v2\/media\/47931"}],"wp:attachment":[{"href":"https:\/\/lospoliticosveracruz.com.mx\/index.php?rest_route=%2Fwp%2Fv2%2Fmedia&parent=47930"}],"wp:term":[{"taxonomy":"category","embeddable":true,"href":"https:\/\/lospoliticosveracruz.com.mx\/index.php?rest_route=%2Fwp%2Fv2%2Fcategories&post=47930"},{"taxonomy":"post_tag","embeddable":true,"href":"https:\/\/lospoliticosveracruz.com.mx\/index.php?rest_route=%2Fwp%2Fv2%2Ftags&post=47930"}],"curies":[{"name":"wp","href":"https:\/\/api.w.org\/{rel}","templated":true}]}}