{"id":47967,"date":"2019-04-28T22:55:30","date_gmt":"2019-04-29T03:55:30","guid":{"rendered":"http:\/\/www.lospoliticosveracruz.com.mx\/?p=47967"},"modified":"2019-04-28T20:50:22","modified_gmt":"2019-04-29T01:50:22","slug":"mas-mujeres-mas-paridad","status":"publish","type":"post","link":"https:\/\/lospoliticosveracruz.com.mx\/?p=47967","title":{"rendered":"M\u00e1s Mujeres \u00bfm\u00e1s paridad?"},"content":{"rendered":"<p><strong>Brenda Caballero<\/strong><\/p>\n<p><em>N\u00fameros Rojos<\/em><\/p>\n<p>Hablar de Paridad me genera pensamientos encontrados. Por una parte, celebro el 50-50 de hombres en puestos de elecci\u00f3n popular, pues tanto hombres como mujeres deben de tener las mismas oportunidades de desarrollo pol\u00edtico, profesional, econ\u00f3mico y social. Sin embargo, considero que aunque se haya cumplido una cuota de g\u00e9nero hist\u00f3rica en el Poder Legislativo por la Reforma Pol\u00edtico Electoral 2014 que permiti\u00f3 un gran avance a la igualdad entre hombres y mujeres, \u00e9sta se hab\u00eda quedado corta.<\/p>\n<p>Sin embargo, esa paridad muchas veces es simulada, enga\u00f1osa, donde solamente se usa a las mujeres para cumplir con la cuota de g\u00e9nero. El ejemplo m\u00e1s claro lo escuchamos en el audio grabado por la joven alcaldesa Maricela Vallejo Orea, antes de ser asesinada.<\/p>\n<p>Maricela narr\u00f3 que lleg\u00f3 a ser la candidata de Mixtla de Altamirano, porque ten\u00eda que ser una mujer, pues ella misma confiesa no saber nada de pol\u00edtica. Hoy de acuerdo a sus declaraciones grabadas, se concluye que solamente la utilizaron por ser mujer.<\/p>\n<p>Desde luego que Maricela no es la \u00fanica \u00bfCu\u00e1ntas historias m\u00e1s de simulaci\u00f3n de paridad habr\u00e1 en el pa\u00eds?<\/p>\n<p>Este comentario sobre la Paridad, viene a raz\u00f3n porque el pasado viernes en el Senado de la Rep\u00fablica se consigui\u00f3 un logro hist\u00f3rico que tuvo nula difusi\u00f3n: Se aprob\u00f3 en las Comisiones del Senado la Paridad en las Candidaturas, Secretar\u00edas del Ejecutivo (federal y locales), Poder Judicial, Ayuntamientos y en la integraci\u00f3n de los \u00f3rganos aut\u00f3nomos.<\/p>\n<p>Este es un logro de las Comisiones para la Igualdad de G\u00e9nero y Puntos Constitucionales del Senado, donde se aprueban las reformas a nuestra Constituci\u00f3n que garantizan la paridad de g\u00e9nero en los 3 niveles de gobierno y en los 3 poderes del Estado.<\/p>\n<p>En otras palabras, el principio de la paridad de g\u00e9nero deber\u00e1 ser de observancia general y para ello se reforman 7 art\u00edculos constitucionales donde tambi\u00e9n son incluidas las comunidades ind\u00edgenas.<\/p>\n<p>\u00bfSer\u00e1 que con esta reforma constitucional por fin tengamos una paridad verdadera o seguiremos con simulaciones? Y lo peor, en todos los niveles de gobierno.<\/p>\n<p><strong><em>\u00a0<\/em><\/strong><\/p>\n<p><strong><em>Aumenta Violencia Pol\u00edtica contra las Mujeres<\/em><\/strong><\/p>\n<p>A toda acci\u00f3n corresponde una reacci\u00f3n seg\u00fan la tercera ley de Newton. Por desgracia tambi\u00e9n se aplica para la Paridad. A mayor Paridad, Mayor Violencia Pol\u00edtica.<\/p>\n<p>Seg\u00fan un estudio de Etellekt (consultora en an\u00e1lisis de riesgo y manejo de crisis) la violencia contra mujeres pol\u00edticas creci\u00f3 en el pa\u00eds un 276 por ciento, durante estos primeros 3 meses del a\u00f1o, en comparaci\u00f3n con el trimestre de 2018 con 123 ataques a pol\u00edticos, 102 se dirigieron a hombres ( 83%), y 21 a mujeres, el 17%. Para 2019, el trimestre impact\u00f3 a las mujeres. De los 180 casos de violencia pol\u00edtica registrados, 101 impactaron a hombres (56%) y 79 a mujeres (44%). Hablando de mujeres, de 21 casos se increment\u00f3 a 79, lo que equivale al 276%, mientras que en los hombres disminuy\u00f3 pues pas\u00f3 de 102 a 101 casos. Los asuntos reportados por las mujeres vienen muchas veces del crimen organizado, de sus opositores pol\u00edticos, incluso hasta de miembros de su propio partido pol\u00edtico, con la intenci\u00f3n de intimidarlas para controlar su toma de decisiones.<\/p>\n<p>Estas cifras de la consultora, sin duda muestran un panorama desalentador para las mujeres, pues seguramente la violencia pol\u00edtica en su contra ir\u00e1 a la alza, m\u00e1s a\u00fan con la falta de justicia para sancionar a los culpables.<\/p>\n<p><a href=\"mailto:caballero_brenda@hotmail.com\">caballero_brenda@hotmail.com<\/a><\/p>\n<p>@NumerosRojos_BC<\/p>\n<p>&nbsp;<\/p>\n","protected":false},"excerpt":{"rendered":"<p>Brenda Caballero N\u00fameros Rojos Hablar de Paridad me genera pensamientos encontrados. Por una parte, celebro el 50-50 de hombres en puestos de elecci\u00f3n popular, pues tanto hombres como mujeres deben de tener las mismas oportunidades de desarrollo pol\u00edtico, profesional, econ\u00f3mico y social. Sin embargo, considero que aunque se haya cumplido una cuota de g\u00e9nero hist\u00f3rica [&hellip;]<\/p>\n","protected":false},"author":2,"featured_media":47968,"comment_status":"open","ping_status":"open","sticky":false,"template":"","format":"standard","meta":{"_jetpack_newsletter_access":"","_jetpack_dont_email_post_to_subs":false,"_jetpack_newsletter_tier_id":0,"_jetpack_memberships_contains_paywalled_content":false,"_jetpack_memberships_contains_paid_content":false,"footnotes":""},"categories":[70],"tags":[14581,5838,2305,4842,1218,1315],"class_list":["post-47967","post","type-post","status-publish","format-standard","has-post-thumbnail","hentry","category-de-opinion","tag-maricela-vallejo-orea","tag-mixtla-de-altamirano","tag-mujeres","tag-paridad","tag-reforma-politico-electoral","tag-senado-de-la-republica"],"jetpack_featured_media_url":"https:\/\/lospoliticosveracruz.com.mx\/wp-content\/uploads\/2019\/04\/Paridad.jpeg","jetpack_sharing_enabled":true,"jetpack_shortlink":"https:\/\/wp.me\/p4Qcd3-ctF","_links":{"self":[{"href":"https:\/\/lospoliticosveracruz.com.mx\/index.php?rest_route=\/wp\/v2\/posts\/47967","targetHints":{"allow":["GET"]}}],"collection":[{"href":"https:\/\/lospoliticosveracruz.com.mx\/index.php?rest_route=\/wp\/v2\/posts"}],"about":[{"href":"https:\/\/lospoliticosveracruz.com.mx\/index.php?rest_route=\/wp\/v2\/types\/post"}],"author":[{"embeddable":true,"href":"https:\/\/lospoliticosveracruz.com.mx\/index.php?rest_route=\/wp\/v2\/users\/2"}],"replies":[{"embeddable":true,"href":"https:\/\/lospoliticosveracruz.com.mx\/index.php?rest_route=%2Fwp%2Fv2%2Fcomments&post=47967"}],"version-history":[{"count":1,"href":"https:\/\/lospoliticosveracruz.com.mx\/index.php?rest_route=\/wp\/v2\/posts\/47967\/revisions"}],"predecessor-version":[{"id":47969,"href":"https:\/\/lospoliticosveracruz.com.mx\/index.php?rest_route=\/wp\/v2\/posts\/47967\/revisions\/47969"}],"wp:featuredmedia":[{"embeddable":true,"href":"https:\/\/lospoliticosveracruz.com.mx\/index.php?rest_route=\/wp\/v2\/media\/47968"}],"wp:attachment":[{"href":"https:\/\/lospoliticosveracruz.com.mx\/index.php?rest_route=%2Fwp%2Fv2%2Fmedia&parent=47967"}],"wp:term":[{"taxonomy":"category","embeddable":true,"href":"https:\/\/lospoliticosveracruz.com.mx\/index.php?rest_route=%2Fwp%2Fv2%2Fcategories&post=47967"},{"taxonomy":"post_tag","embeddable":true,"href":"https:\/\/lospoliticosveracruz.com.mx\/index.php?rest_route=%2Fwp%2Fv2%2Ftags&post=47967"}],"curies":[{"name":"wp","href":"https:\/\/api.w.org\/{rel}","templated":true}]}}