{"id":48063,"date":"2019-05-08T09:22:30","date_gmt":"2019-05-08T14:22:30","guid":{"rendered":"http:\/\/www.lospoliticosveracruz.com.mx\/?p=48063"},"modified":"2019-05-08T09:22:30","modified_gmt":"2019-05-08T14:22:30","slug":"veracruz-la-caida","status":"publish","type":"post","link":"https:\/\/lospoliticosveracruz.com.mx\/?p=48063","title":{"rendered":"Veracruz, la ca\u00edda"},"content":{"rendered":"<p><b>Ricardo Ch\u00faa<\/b><\/p>\n<p><i>Sale y Vale<\/i><\/p>\n<p>En estas \u00faltimas fechas en Veracruz, el tema de la inseguridad est\u00e1 \u00abrobando\u00bb todo el protagonismo medi\u00e1tico a otros asuntos tan importantes para el desarrollo social de un Estado&#8230; Las balaceras y hechos sangrientos, se convierten en lo m\u00e1s importante que la propia econom\u00eda&#8230; \u00bfAlguien se acuerda que pas\u00f3 con el Plan Estatal de Desarrollo?&#8230; Acaso recuerdan que ya tiene un mes en el Congreso Local esperando modificaciones para ser aprobado&#8230; Y no hay nada al respecto&#8230; Y ya llevamos 5 meses del nuevo gobierno&#8230;<\/p>\n<p>Si bien la violencia de los grupos ilegales y la incapacidad del Estado para enfrentarlos est\u00e1n ocupando toda la atenci\u00f3n del pueblo veracruzano&#8230; Tambi\u00e9n es verdad, que los legisladores locales y el gobierno estatal no comentan nada al respecto porque este plan no se encuentra ARMONIZADO al de L\u00f3pez Obrador y que est\u00e1 en el Congreso de la Uni\u00f3n como Plan Nacional de Desarrollo&#8230; Y, por ello, ser\u00eda casi imposible aplicarlo en Veracruz&#8230; Y eso es lo tr\u00e1gico&#8230;<\/p>\n<p>Si se aplica el planteamiento de L\u00f3pez Obrador en Veracruz, entonces, Cuitl\u00e1huac Garc\u00eda tendr\u00eda que pasar en 3 a\u00f1os de 5 millones de pobres a tener s\u00f3lo 2 millones 500 mil personas en pobreza en la entidad&#8230; Qu\u00e9 nos digan c\u00f3mo lo har\u00e1&#8230; El gobernador no debe tener ni idea y no porque sea incapaz sino porque es imposible&#8230;. No se puede hacer \u00abpoes\u00eda\u00bb con las pol\u00edticas p\u00fablicas aplicadas a una entidad federativa y sus municipios&#8230; Si Veracruz no tiene condiciones para desarrollar la econom\u00eda local&#8230; C\u00f3mo va a jalar la nacional&#8230;<\/p>\n<p>M\u00e1s si el Plan Nacional habla de un crecimiento econ\u00f3mico inusual y en Veracruz estamos en una recesi\u00f3n y con un plan estatal en \u00abrevisi\u00f3n\u00bb porque no se puede armonizar con el federal&#8230; Si no somos competitivos como econom\u00eda y no podemos jalar parejo con el gobierno federal, obvio que no habr\u00e1 inversi\u00f3n, tampoco riqueza&#8230; En pocas palabras estamos en contracci\u00f3n econ\u00f3mica porque tenemos un plan que no se puede aplicar&#8230; Es como cuando te enfrentas a delincuentes con mejores armas, obvio que vas a perder&#8230;<\/p>\n<p>As\u00ed que si en Veracruz no hay resultado alguno para sociedad en materia educativa, social y desarrollo&#8230; Y le sumas la inseguridad que hay la entidad, quierase o no ahuyenta a la inversi\u00f3n privada, el fracaso para el avance econ\u00f3mico en la entidad es eminente&#8230; Y para el colmo la federaci\u00f3n destina un gasto social de 300 mil millones de pesos sin reglas de operaci\u00f3n y regalas dinero&#8230; Es obvio que ese dinero se ocupara para programas electorales con miras al 2021 y 2024&#8230;<\/p>\n<p>EN RESUMEN&#8230;. Veracruz tendr\u00e1 que hacer un \u00abremedo de Frankestein\u00bb en su Plan Estatal para parecerse al nacional&#8230; A Cuitl\u00e1huac dinero que le llegue tendr\u00e1 que gastarlo a manos llenas en programas \u00abclientelares\u00bb si quiere ganar elecciones del 2021, de caso contrario pierde&#8230; La econom\u00eda no crecer\u00e1, la inseguridad ir\u00e1 en aumento y el famoso desarrollo social de la 4a Transformaci\u00f3n s\u00f3lo ser\u00e1 de \u00ablengua pa afuera\u00bb y se quedar\u00e1 en \u00abpoes\u00eda\u00bb no en hechos&#8230; En pocas palabras&#8230; Seguiremos jodidos&#8230; Ojala me equivoque&#8230; AMEN<\/p>\n<p>LA OTRA CAIDA&#8230; A pesar que el gobierno de L\u00f3pez Obrador y de Cuitl\u00e1huac Garc\u00eda en Veracruz no lo quieran reconocer&#8230; En Veracruz estamos en CRISIS ECON\u00d3MICA&#8230; Y no lo hacen porque saben que la econom\u00eda y la inseguridad est\u00e1n \u00abquebrando\u00bb a su Cuarta Transformaci\u00f3n&#8230; Vamos pa atr\u00e1s y no las est\u00e1n partiendo todita&#8230; Si no ah\u00ed est\u00e1 el reclamo de empresarios que no les pagan o no les compran sus productos porque el Gobierno del Estado prefiere a proveedores for\u00e1neos que no dejan \u00abhuella\u00bb&#8230;<\/p>\n<p>Y aunque Cuitl\u00e1huac lance el \u00abrollo\u00bb a cada rato que el estado lo dejaron con \u00abhuecos\u00bb financieros y fueros los gobiernos \u00abFifis\u00bb de Duarte y de Yunes los que lo provocaron e impidieron el desarrollo social&#8230; Es un hecho que la econom\u00eda no vivi\u00f3 tal recesi\u00f3n, ni con Javidu, ni con PapaYunes como gobernadores&#8230; El gobernador de MORENA ha tenido el peor arranque en materia econ\u00f3mica en la historia, a eso sumale la inseguridad&#8230; Y el Gober Moreno lo supo cuando tom\u00f3 la medida de correr a la burocracia que estaba por honorarios&#8230;<\/p>\n<p>No se dio cuenta, no se acord\u00f3 o no sab\u00eda, que esto ser\u00eda lo peor, ya que fue la misma medida que tom\u00f3 Ernesto Zedillo, en 1994, en plena crisis, cuando sucedi\u00f3 el famoso \u00abError de Diciembre\u00bb&#8230;Y el otro conflicto que tiene Cuitl\u00e1huac Garc\u00eda, es que sin informes reales del Plan Estatal de Desarrollo, no se sabe las dimensiones de esa crisis que se vive en la entidad&#8230; Y todo le ir\u00e1 explotando en su gobierno cuando los sectores sociales ya no soporten m\u00e1s y digan hasta aqu\u00ed&#8230; Vendr\u00e1 entonces lo peor de la crisis&#8230;<\/p>\n<p>El tema es que el propio gobernador veracruzano no puede reconocerla porque lo tendr\u00eda que desmentir el propio Presidente, Andr\u00e9s Manuel L\u00f3pez Obrador, que dice que M\u00e9xico va con rumbo y un mandatario de MORENA no puede se\u00f1alar lo contrario, pese a que cada d\u00eda cae en su nivel de aprobaci\u00f3n como ejecutivo estatal&#8230; Complicado el tema para Cuitl\u00e1huac, atrapado entre 4 paredes y no se le ve una salida&#8230;<\/p>\n<p>Para desgracia de su gobierno estatal los ejemplos de esta crisis, abundan y abonan m\u00e1s a su baja aprobaci\u00f3n&#8230; Sobre todo cuando entre la sociedad puede ver a un Veracruz donde hay estudiantes sin libros de texto&#8230; Mujeres sin refugios&#8230; Ni\u00f1os sin estancias&#8230; Hospitales sin m\u00e9dicos&#8230; Enfermos de VIH-Sida sin medicamentos en centros de salud&#8230; Aparte de los recortes, si esto no es una crisis econ\u00f3mica con tal de mantener una forma de gobierno&#8230; Que Cuitl\u00e1huac nos explique entonces \u00bfQu\u00e9 es?..<\/p>\n<p>EL OTRO RESUMEN&#8230;. Para que quede claro y no digan que es una maniobra de \u00abneoliberal\u00bb o \u00abfifi\u00bb&#8230; El Plan Nacional de Desarrollo es el eje rector de las pol\u00edticas p\u00fablicas nacionales, estatales y municipales&#8230; En este caso 2019-2024 se plantea crecer al 6 por ciento&#8230; Algo que s\u00f3lo sucedi\u00f3 en el \u00faltimo a\u00f1o de la Presidencia de Ernesto Zedillo y aun as\u00ed, Vicente Fox le gan\u00f3 la elecci\u00f3n al PRI&#8230; Pese al crecimiento econ\u00f3mico del pa\u00eds y que en Veracruz lo viv\u00edamos en el gobierno de Don Mike Alem\u00e1n Velasco&#8230;<\/p>\n<p>Pero en este 2019 c\u00f3mo le va hacer Cuitl\u00e1huac Garc\u00eda para crecer al mismo ritmo&#8230; Si hoy en Veracruz hay cero crecimiento&#8230; Cu\u00e1ntas industrias va a impulsar&#8230; Cu\u00e1l es esa inversi\u00f3n extranjera directa que llegar\u00e1 a esta entidad y qu\u00e9 se har\u00e1&#8230; \u00bfModernizar los tres puertos?&#8230; \u00bfConstruir m\u00e1s carreteras estatales?&#8230; \u00bfC\u00f3mo va a incentivar al sector primario?&#8230; Y sobre todo&#8230; Que har\u00e1 para fomentar al turismo internacional para que venga al Estado con esta inseguridad&#8230; Ah\u00ed le queda de tarea&#8230; BYE&#8230;<\/p>\n","protected":false},"excerpt":{"rendered":"<p>Ricardo Ch\u00faa Sale y Vale En estas \u00faltimas fechas en Veracruz, el tema de la inseguridad est\u00e1 \u00abrobando\u00bb todo el protagonismo medi\u00e1tico a otros asuntos tan importantes para el desarrollo social de un Estado&#8230; Las balaceras y hechos sangrientos, se convierten en lo m\u00e1s importante que la propia econom\u00eda&#8230; \u00bfAlguien se acuerda que pas\u00f3 con [&hellip;]<\/p>\n","protected":false},"author":2,"featured_media":47895,"comment_status":"open","ping_status":"open","sticky":false,"template":"","format":"standard","meta":{"_jetpack_newsletter_access":"","_jetpack_dont_email_post_to_subs":false,"_jetpack_newsletter_tier_id":0,"_jetpack_memberships_contains_paywalled_content":false,"_jetpack_memberships_contains_paid_content":false,"footnotes":""},"categories":[70],"tags":[13561,2228,196,6298,195],"class_list":["post-48063","post","type-post","status-publish","format-standard","has-post-thumbnail","hentry","category-de-opinion","tag-cuitlahauc-garcia-jimenez","tag-economia","tag-inseguridad","tag-plan-veracruzano-de-desarrollo","tag-veracruz"],"jetpack_featured_media_url":"https:\/\/lospoliticosveracruz.com.mx\/wp-content\/uploads\/2019\/04\/Viva-Cuic.jpg","jetpack_sharing_enabled":true,"jetpack_shortlink":"https:\/\/wp.me\/p4Qcd3-cvd","_links":{"self":[{"href":"https:\/\/lospoliticosveracruz.com.mx\/index.php?rest_route=\/wp\/v2\/posts\/48063","targetHints":{"allow":["GET"]}}],"collection":[{"href":"https:\/\/lospoliticosveracruz.com.mx\/index.php?rest_route=\/wp\/v2\/posts"}],"about":[{"href":"https:\/\/lospoliticosveracruz.com.mx\/index.php?rest_route=\/wp\/v2\/types\/post"}],"author":[{"embeddable":true,"href":"https:\/\/lospoliticosveracruz.com.mx\/index.php?rest_route=\/wp\/v2\/users\/2"}],"replies":[{"embeddable":true,"href":"https:\/\/lospoliticosveracruz.com.mx\/index.php?rest_route=%2Fwp%2Fv2%2Fcomments&post=48063"}],"version-history":[{"count":1,"href":"https:\/\/lospoliticosveracruz.com.mx\/index.php?rest_route=\/wp\/v2\/posts\/48063\/revisions"}],"predecessor-version":[{"id":48064,"href":"https:\/\/lospoliticosveracruz.com.mx\/index.php?rest_route=\/wp\/v2\/posts\/48063\/revisions\/48064"}],"wp:featuredmedia":[{"embeddable":true,"href":"https:\/\/lospoliticosveracruz.com.mx\/index.php?rest_route=\/wp\/v2\/media\/47895"}],"wp:attachment":[{"href":"https:\/\/lospoliticosveracruz.com.mx\/index.php?rest_route=%2Fwp%2Fv2%2Fmedia&parent=48063"}],"wp:term":[{"taxonomy":"category","embeddable":true,"href":"https:\/\/lospoliticosveracruz.com.mx\/index.php?rest_route=%2Fwp%2Fv2%2Fcategories&post=48063"},{"taxonomy":"post_tag","embeddable":true,"href":"https:\/\/lospoliticosveracruz.com.mx\/index.php?rest_route=%2Fwp%2Fv2%2Ftags&post=48063"}],"curies":[{"name":"wp","href":"https:\/\/api.w.org\/{rel}","templated":true}]}}