{"id":48066,"date":"2019-05-08T10:18:31","date_gmt":"2019-05-08T15:18:31","guid":{"rendered":"http:\/\/www.lospoliticosveracruz.com.mx\/?p=48066"},"modified":"2019-05-08T10:18:31","modified_gmt":"2019-05-08T15:18:31","slug":"imss-fiscalizara-cuotas-obrero-patronales-de-partidos-politicos","status":"publish","type":"post","link":"https:\/\/lospoliticosveracruz.com.mx\/?p=48066","title":{"rendered":"IMSS fiscalizar\u00e1 cuotas obrero-patronales de partidos pol\u00edticos"},"content":{"rendered":"<p>En atenci\u00f3n de algunos avisos y requerimientos de informaci\u00f3n del Instituto Nacional Electoral (INE) y en ejercicio de sus facultades, el Instituto Mexicano del Seguro Social (IMSS) fiscalizar\u00e1 las cuotas obrero-patronales de los partidos pol\u00edticos nacionales, inform\u00f3 su Director General, Germ\u00e1n Mart\u00ednez C\u00e1zares.<\/p>\n<p>Detall\u00f3 que luego de los resultados de un an\u00e1lisis de los ejercicios 2016 y 2017, permitieron identificar los siguientes comportamientos:<\/p>\n<ul>\n<li>3 partidos pol\u00edticos no registraron trabajadores, otros 3 presentaron una plantilla reducida, por lo que los 6 se consideraron omisos.<\/li>\n<li>Ning\u00fan partido pol\u00edtico manifest\u00f3 subcontrataci\u00f3n de personal de manera directa.<\/li>\n<li>Otros partidos pol\u00edticos pr\u00e1cticamente no registraron cotizantes y solo reportaron salarios m\u00ednimos.<\/li>\n<li>Otros tuvieron indicios de subdeclaraci\u00f3n de sueldos.<\/li>\n<li>Algunos partidos pol\u00edticos presentaron plantillas de trabajadores que tributan bajo los esquemas de Asimilados y de Honorarios.<\/li>\n<\/ul>\n<p>A partir de estos indicadores, el IMSS, iniciar\u00e1 revisiones utilizando la opci\u00f3n de \u201cCarta Invitaci\u00f3n\u201d, con el prop\u00f3sito de buscar el cumplimiento espont\u00e1neo de obligaciones y la restituci\u00f3n de los derechos de los trabajadores.<\/p>\n<p>Mart\u00ednez C\u00e1zares se\u00f1al\u00f3 que estas acciones que el Seguro Social lleva a cabo, responden a su compromiso ineludible con la transparencia, la igualdad y la salvaguarda de los derechos de los trabajadores.<\/p>\n<p>El Instituto Mexicano del Seguro Social es una herramienta del Estado mexicano para redistribuir la riqueza, reconciliar a patrones y trabajadores e igualar a todas y todos los mexicanos, subray\u00f3.<\/p>\n<p>Record\u00f3 que el Instituto ha emprendido una serie de tareas para combatir la simulaci\u00f3n en las cuotas obrero-patronales, pues, dijo, que permitir este tipo de acciones es una injusticia contra los trabajadores.<\/p>\n<p>El Director General record\u00f3 que el Instituto tiene la obligaci\u00f3n de verificar el comportamiento de sectores completos de la econom\u00eda y que con acciones concretas se est\u00e1 transformando al IMSS pues su centro y raz\u00f3n de ser son las personas y su bienestar.<\/p>\n","protected":false},"excerpt":{"rendered":"<p>En atenci\u00f3n de algunos avisos y requerimientos de informaci\u00f3n del Instituto Nacional Electoral (INE) y en ejercicio de sus facultades, el Instituto Mexicano del Seguro Social (IMSS) fiscalizar\u00e1 las cuotas obrero-patronales de los partidos pol\u00edticos nacionales, inform\u00f3 su Director General, Germ\u00e1n Mart\u00ednez C\u00e1zares. Detall\u00f3 que luego de los resultados de un an\u00e1lisis de los ejercicios [&hellip;]<\/p>\n","protected":false},"author":2,"featured_media":0,"comment_status":"open","ping_status":"open","sticky":false,"template":"","format":"standard","meta":{"_jetpack_newsletter_access":"","_jetpack_dont_email_post_to_subs":false,"_jetpack_newsletter_tier_id":0,"_jetpack_memberships_contains_paywalled_content":false,"_jetpack_memberships_contains_paid_content":false,"footnotes":""},"categories":[73],"tags":[14632,13290,1208,1709],"class_list":["post-48066","post","type-post","status-publish","format-standard","hentry","category-de-boleto","tag-cuotas-obrero-patronales","tag-german-martinez-cazares","tag-imss","tag-partidos-politicos"],"jetpack_featured_media_url":"","jetpack_sharing_enabled":true,"jetpack_shortlink":"https:\/\/wp.me\/p4Qcd3-cvg","_links":{"self":[{"href":"https:\/\/lospoliticosveracruz.com.mx\/index.php?rest_route=\/wp\/v2\/posts\/48066","targetHints":{"allow":["GET"]}}],"collection":[{"href":"https:\/\/lospoliticosveracruz.com.mx\/index.php?rest_route=\/wp\/v2\/posts"}],"about":[{"href":"https:\/\/lospoliticosveracruz.com.mx\/index.php?rest_route=\/wp\/v2\/types\/post"}],"author":[{"embeddable":true,"href":"https:\/\/lospoliticosveracruz.com.mx\/index.php?rest_route=\/wp\/v2\/users\/2"}],"replies":[{"embeddable":true,"href":"https:\/\/lospoliticosveracruz.com.mx\/index.php?rest_route=%2Fwp%2Fv2%2Fcomments&post=48066"}],"version-history":[{"count":1,"href":"https:\/\/lospoliticosveracruz.com.mx\/index.php?rest_route=\/wp\/v2\/posts\/48066\/revisions"}],"predecessor-version":[{"id":48067,"href":"https:\/\/lospoliticosveracruz.com.mx\/index.php?rest_route=\/wp\/v2\/posts\/48066\/revisions\/48067"}],"wp:attachment":[{"href":"https:\/\/lospoliticosveracruz.com.mx\/index.php?rest_route=%2Fwp%2Fv2%2Fmedia&parent=48066"}],"wp:term":[{"taxonomy":"category","embeddable":true,"href":"https:\/\/lospoliticosveracruz.com.mx\/index.php?rest_route=%2Fwp%2Fv2%2Fcategories&post=48066"},{"taxonomy":"post_tag","embeddable":true,"href":"https:\/\/lospoliticosveracruz.com.mx\/index.php?rest_route=%2Fwp%2Fv2%2Ftags&post=48066"}],"curies":[{"name":"wp","href":"https:\/\/api.w.org\/{rel}","templated":true}]}}