{"id":48170,"date":"2019-05-18T10:05:35","date_gmt":"2019-05-18T15:05:35","guid":{"rendered":"http:\/\/www.lospoliticosveracruz.com.mx\/?p=48170"},"modified":"2019-05-18T10:05:35","modified_gmt":"2019-05-18T15:05:35","slug":"la-controvertida-recomendacion-25","status":"publish","type":"post","link":"https:\/\/lospoliticosveracruz.com.mx\/?p=48170","title":{"rendered":"La controvertida recomendaci\u00f3n 25"},"content":{"rendered":"<p class=\"s3\"><b>Naldy Rodr\u00edguez<\/b><\/p>\n<p class=\"s3\"><i>Transparencia 3.0<\/i><\/p>\n<p class=\"s3\">\u00a0<span class=\"s5\"><span class=\"bumpedFont15\">En M\u00e9xico y en Veracruz falta mucho por hacer para garantizar el acceso a la justica en condiciones de igualdad, en ocasiones son las propias autoridades investigadoras y las encargadas de impartir justicia las que violan el principio de \u201cigualdad\u201d establecido en el art\u00edculo 4to de la Constituci\u00f3n y dejan de lado la persp<\/span><\/span><span class=\"s5\"><span class=\"bumpedFont15\">ectiva de Derechos Humanos, cl\u00e1u<\/span><\/span><span class=\"s5\"><span class=\"bumpedFont15\">sula establecida en nuestro pa\u00eds \u201ctard\u00edamente\u201d en el 2011. <\/span><\/span><\/p>\n<p class=\"s3\"><span class=\"s5\"><span class=\"bumpedFont15\">La recomendaci\u00f3n <\/span><\/span><span class=\"s5\"><span class=\"bumpedFont15\">de la Comisi\u00f3n Estatal de Derechos Humanos <\/span><\/span><span class=\"s4\"><span class=\"bumpedFont15\">25\/2019 fue sorpresiva para muchos e indignante para otros. El caso que analiz\u00f3 la presidenta <\/span><\/span><span class=\"s4\"><span class=\"bumpedFont15\">Namiko<\/span><\/span><span class=\"s4\"><span class=\"bumpedFont15\">Matzumoto<\/span><\/span><span class=\"s4\"><span class=\"bumpedFont15\"> es por a<\/span><\/span><span class=\"s4\"><span class=\"bumpedFont15\">ctos de tortura y otros tratos crueles, inhumanos y degradantes cometidos en perjuicio de una<\/span><\/span><span class=\"s4\"><span class=\"bumpedFont15\">persona privada de la libertad. Y como autoridades responsables la<\/span><\/span> <span class=\"s4\"><span class=\"bumpedFont15\">Fiscal\u00eda<\/span><\/span><span class=\"s4\"><span class=\"bumpedFont15\"> General del Estado de Veracruz <\/span><\/span><span class=\"s4\"><span class=\"bumpedFont15\">y la <\/span><\/span><span class=\"s4\"><span class=\"bumpedFont15\">Secretar\u00eda<\/span><\/span><span class=\"s4\"><span class=\"bumpedFont15\"> de Seguridad <\/span><\/span><span class=\"s4\"><span class=\"bumpedFont15\">P\u00fablica<\/span><\/span><span class=\"s4\"><span class=\"bumpedFont15\"> del Estado de Veracruz<\/span><\/span><span class=\"s4\"><span class=\"bumpedFont15\">.<\/span><\/span><\/p>\n<p class=\"s3\"><span class=\"s4\"><span class=\"bumpedFont15\">El expediente se refiere a la denuncia interpuesta por Gilberto Aguirre, acusado de desaparici\u00f3n forzada por haber alterado supuestamente el hallazgo de 13 cad\u00e1veres, y quien se\u00f1al\u00f3 que ha explicado le colocaron radios con m\u00fasica a todo volumen <\/span><\/span><span class=\"s5\"><span class=\"bumpedFont15\">durante al menos siete d\u00edas, algo que \u00abse convirti\u00f3 en una tortura\u00bb.<\/span><\/span><\/p>\n<p class=\"s3\"><span class=\"s6\"><span class=\"bumpedFont15\">En este caso,<\/span><\/span><span class=\"s6\"><span class=\"bumpedFont15\"> se responsabiliza a <\/span><\/span><span class=\"s4\"><span class=\"bumpedFont15\">servidores <\/span><\/span><span class=\"s4\"><span class=\"bumpedFont15\">p\u00fablicos<\/span><\/span><span class=\"s4\"><span class=\"bumpedFont15\"> de la FGE y de la Direcci\u00f3n General de Prevenci\u00f3n y Readaptaci\u00f3n Social de cometer actos tortura \u201cconsumados en el interior del CE.RE.SO Zona 1 \u201c y ocurrieron gracias a la <\/span><\/span><span class=\"s4\"><span class=\"bumpedFont15\">participaci\u00f3n<\/span><\/span><span class=\"s4\"><span class=\"bumpedFont15\"> conjunta de los mismos.<\/span><\/span><\/p>\n<p class=\"s3\"><span class=\"s7\"><span class=\"bumpedFont15\">L<\/span><\/span><span class=\"s7\"><span class=\"bumpedFont15\">as autoridades de la fiscal\u00eda habr\u00edan alterado los libros de registro al <\/span><\/span><span class=\"s7\"><span class=\"bumpedFont15\">Cereso<\/span><\/span><span class=\"s7\"><span class=\"bumpedFont15\">, donde ocurrieron los supuestos actos de tortura; <\/span><\/span><span class=\"s7\"><span class=\"bumpedFont15\">tambi\u00e9n desactivaron las <\/span><\/span><span class=\"s7\"><span class=\"bumpedFont15\">c\u00e1maras<\/span><\/span><span class=\"s7\"><span class=\"bumpedFont15\"> de seguridad ubicadas en el exterior del <\/span><\/span><span class=\"s7\"><span class=\"bumpedFont15\">penal<\/span><\/span><span class=\"s7\"><span class=\"bumpedFont15\">. <\/span><\/span><span class=\"s7\"><span class=\"bumpedFont15\">Los supuestos responsables adem\u00e1s de custodios d<\/span><\/span><span class=\"s7\"><span class=\"bumpedFont15\">el penal, los fiscales Eduardo Coronel y<\/span><\/span><span class=\"s7\"><span class=\"bumpedFont15\">\u00a0Marcos <\/span><\/span><span class=\"s7\"><span class=\"bumpedFont15\">Even<\/span><\/span><span class=\"s7\"><span class=\"bumpedFont15\">, pero por \u201ccadena de mando\u201d<\/span><\/span><span class=\"s7\"><span class=\"bumpedFont15\"> alcanzar\u00eda al actual titular de la FGE y al ex secretario de Seguridad P\u00fablica.<\/span><\/span><\/p>\n<p class=\"s3\"><span class=\"s4\"><span class=\"bumpedFont15\">El an\u00e1lisis de la recomendaci\u00f3n tambi\u00e9n se advierte que a <\/span><\/span><span class=\"s4\"><span class=\"bumpedFont15\">la FGE de <\/span><\/span><span class=\"s4\"><span class=\"bumpedFont15\">Winckler<\/span><\/span> <span class=\"s4\"><span class=\"bumpedFont15\">se le podr\u00eda caer el caso de Luis \u00c1ngel Bravo Contreras (ex fiscal) pues habr\u00eda sido inculpado \u201cbajo coacci\u00f3n\u201d<\/span><\/span><span class=\"s4\"><span class=\"bumpedFont15\">. Algunos colectivos ya lo hab\u00edan advertido: montaron la<\/span><\/span><span class=\"s4\"><span class=\"bumpedFont15\"> escena, cuando <\/span><\/span><span class=\"s4\"><span class=\"bumpedFont15\">hab\u00eda otras<\/span><\/span><span class=\"s4\"><span class=\"bumpedFont15\"> irregularidades reales que perseguir en contra de<\/span><\/span><span class=\"s4\"><span class=\"bumpedFont15\"> las ex autoridades del gobierno de Duarte<\/span><\/span><span class=\"s4\"><span class=\"bumpedFont15\">.<\/span><\/span><\/p>\n<p class=\"s3\"><span class=\"s6\"><span class=\"bumpedFont15\">La Recomendaci\u00f3n es la resoluci\u00f3n mediante la cual la Comisi\u00f3n,<\/span><\/span><span class=\"s6\"><span class=\"bumpedFont15\"> despu\u00e9s de haber conclui<\/span><\/span><span class=\"s6\"><span class=\"bumpedFont15\">do las investigaciones del caso, determina que una autoridad o servidor p\u00fablico incurri\u00f3 en violaciones a Derechos Humanos. <\/span><\/span><span class=\"s4\"><span class=\"bumpedFont15\">Es necesario recalcar que la Constituci\u00f3n en su art\u00edculo 102 apartado <\/span><\/span><span class=\"s4\"><span class=\"bumpedFont15\">B, refiere que el control de la <\/span><\/span><span class=\"s4\"><span class=\"bumpedFont15\">constitucionalidad en M\u00e9xico tambi\u00e9n se puede dar por \u00f3rgano pol\u00edtico, en este caso la<\/span><\/span><span class=\"s4\"><span class=\"bumpedFont15\">CEDH<\/span><\/span><span class=\"s4\"><span class=\"bumpedFont15\">. <\/span><\/span><\/p>\n<p class=\"s3\"><span class=\"s4\"><span class=\"bumpedFont15\">Con la reforma del 2011, en el que se le da una perspectiva de Derechos Humanos a nuestra Constituci\u00f3n, se hace m\u00e1s latente el Derecho al debido proceso, es decir que el conjunto de requisitos que deben observarse en las instancias procesales a efecto de que las personas <\/span><\/span><span class=\"s4\"><span class=\"bumpedFont15\">est\u00e9n<\/span><\/span><span class=\"s4\"><span class=\"bumpedFont15\"> en condiciones de defender adecuadamente sus derechos ante cualquier tipo de acto del Estado que pueda afectarlos.<\/span><\/span><\/p>\n<p class=\"s3\"><span class=\"s4\"><span class=\"bumpedFont15\">Entiendo la indignaci\u00f3n de <\/span><\/span><span class=\"s4\"><span class=\"bumpedFont15\">los colectivos. Sus integrantes se\u00f1alan<\/span><\/span><span class=\"s4\"><span class=\"bumpedFont15\">\u00a0que no se puede defender a un delincuente<\/span><\/span><span class=\"s4\"><span class=\"bumpedFont15\">. Es cierto<\/span><\/span><span class=\"s4\"><span class=\"bumpedFont15\">, pero no podemos permitir que la tortura y la violencia se combatan con m\u00e1s tortura y violencia.<\/span><\/span><\/p>\n<p class=\"s3\"><span class=\"s4\"><span class=\"bumpedFont15\">Cu<\/span><\/span><span class=\"s4\"><span class=\"bumpedFont15\">alquier responsable de una<\/span><\/span><span class=\"s4\"><span class=\"bumpedFont15\"> fechor\u00eda <\/span><\/span><span class=\"s4\"><span class=\"bumpedFont15\">(la que sea) <\/span><\/span><span class=\"s4\"><span class=\"bumpedFont15\">debe ser juzgado y procesado en el marco de la ley, de acuerdo a la Constituci\u00f3n y jurisprudencia internacional, porque s\u00ed<\/span><\/span><span class=\"s4\"><span class=\"bumpedFont15\"> se<\/span><\/span><span class=\"s4\"><span class=\"bumpedFont15\">violan sus derechos y el debido proceso, entonces hacemos v\u00edctimas a los torturadores.<\/span><\/span><\/p>\n<p class=\"s3\"><span class=\"s4\"><span class=\"bumpedFont15\">Tambi\u00e9n resulta d\u00edficil de creer para muchos <\/span><\/span><span class=\"s4\"><span class=\"bumpedFont15\">que se pueda torturan<\/span><\/span><span class=\"s4\"><span class=\"bumpedFont15\">\u00a0a una persona con m\u00fasica<\/span><\/span><span class=\"s4\"><span class=\"bumpedFont15\"> y m\u00e1s trat\u00e1ndose de reg<\/span><\/span><span class=\"s4\"><span class=\"bumpedFont15\">gaeto<\/span><\/span><span class=\"s4\"><span class=\"bumpedFont15\">n<\/span><\/span><span class=\"s4\"><span class=\"bumpedFont15\">. Sin embargo, resulta que es<\/span><\/span><span class=\"s4\"><span class=\"bumpedFont15\"> una pr\u00e1ctica com\u00fan en<\/span><\/span><span class=\"s4\"><span class=\"bumpedFont15\">\u00a0reg\u00edmenes autoritarios.<\/span><\/span><\/p>\n<p class=\"s3\"><span class=\"s8\"><span class=\"bumpedFont15\">O<\/span><\/span><span class=\"s8\"><span class=\"bumpedFont15\">rganismos internacionales de derechos humanos han denunciado que en la prisi\u00f3n estadounidense\u00a0 de Guant\u00e1namo, Cuba, es com\u00fan la pr\u00e1ctica de la<\/span><\/span><span class=\"s8\"><span class=\"bumpedFont15\"> tortura a trav\u00e9s de la m\u00fasica.<\/span><\/span><span class=\"s9\"><span class=\"bumpedFont15\"><br \/>\n<\/span><\/span><span class=\"s8\"><span class=\"bumpedFont15\">Aunque<\/span><\/span> <span class=\"s8\"><span class=\"bumpedFont15\">resulte<\/span><\/span> <span class=\"s8\"><span class=\"bumpedFont15\">poco<\/span><\/span> <span class=\"s8\"><span class=\"bumpedFont15\">cre\u00edble<\/span><\/span><span class=\"s8\"><span class=\"bumpedFont15\">, l<\/span><\/span><span class=\"s8\"><span class=\"bumpedFont15\">a <\/span><\/span><span class=\"s8\"><span class=\"bumpedFont15\">canci\u00f3n<\/span><\/span><span class=\"s8\"><span class=\"bumpedFont15\"> de Barrio <\/span><\/span><span class=\"s8\"><span class=\"bumpedFont15\">S\u00e9samo\u00a0<\/span><\/span><span class=\"s8\"><span class=\"bumpedFont15\">(<\/span><\/span><span class=\"s8\"><span class=\"bumpedFont15\">una<\/span><\/span> <span class=\"s8\"><span class=\"bumpedFont15\">serie<\/span><\/span> <span class=\"s8\"><span class=\"bumpedFont15\">infantil<\/span><\/span><span class=\"s8\"><span class=\"bumpedFont15\"> Espa\u00f1ola)<\/span><\/span><span class=\"s8\"><span class=\"bumpedFont15\">, el Born in the USA de Bruce Sprin<\/span><\/span><span class=\"s8\"><span class=\"bumpedFont15\">gsteen o We are the champions <\/span><\/span><span class=\"s8\"><span class=\"bumpedFont15\">de Queen y hasta la de Barney<\/span><\/span><span class=\"s8\"><span class=\"bumpedFont15\"> (el dinosaurio morado)<\/span><\/span><span class=\"s8\"><span class=\"bumpedFont15\"> son usadas a un alt\u00edsimo volumen durante d\u00edas o semanas como un instrumento de tortura contra los prisioneros.<\/span><\/span><span class=\"s9\"><span class=\"bumpedFont15\"><br \/>\n<\/span><\/span><span class=\"s8\"><span class=\"bumpedFont15\">Y<\/span><\/span><span class=\"s8\"><span class=\"bumpedFont15\"> el informe \u00abMedidas Especiales<\/span><\/span><span class=\"s8\"><span class=\"bumpedFont15\">: Detenci\u00f3n y Tortura en el Sistema de <\/span><\/span><span class=\"s8\"><span class=\"bumpedFont15\">Shuanggui<\/span><\/span><span class=\"s8\"><span class=\"bumpedFont15\"> del <\/span><\/span><span class=\"s8\"><span class=\"bumpedFont15\">Partido<\/span><\/span> <span class=\"s8\"><span class=\"bumpedFont15\">Comunista<\/span><\/span><span class=\"s8\"><span class=\"bumpedFont15\"> de China\u00bb de <\/span><\/span><span class=\"s8\"><span class=\"bumpedFont15\">Human Rights <\/span><\/span><span class=\"s8\"><span class=\"bumpedFont15\">document\u00f3<\/span><\/span> <span class=\"s8\"><span class=\"bumpedFont15\">torturas<\/span><\/span><span class=\"s8\"><span class=\"bumpedFont15\"> a opositores al r\u00e9gimen por medio de la m\u00fasica.\u00a0<\/span><\/span><span class=\"s9\"><span class=\"bumpedFont15\"><br \/>\n<\/span><\/span><span class=\"s8\"><span class=\"bumpedFont15\">El informe se bas\u00f3\u00a0<\/span><\/span><span class=\"s8\"><span class=\"bumpedFont15\">en 21 entrevistas con cuatro ex<\/span><\/span> <span class=\"s8\"><span class=\"bumpedFont15\">detenidos y familias de detenidos; 35 relatos de v\u00edctimas publicados en 200 informaciones de medios chinos, y 38 veredictos de tribunales de todo el pa\u00eds.\u00a0<\/span><\/span><span class=\"s9\"><span class=\"bumpedFont15\"><br \/>\n<\/span><\/span><span class=\"s2\"><span class=\"bumpedFont15\">As\u00ed de victimario se pasa a v\u00edctima y nunca conseguiremos justicia para los hombres y mujeres que han desaparecido en la \u00faltima d\u00e9cada en el estado de Veracruz.<\/span><\/span> <span class=\"s2\"><span class=\"bumpedFont15\">Hasta los malos tienen derechos humanos, as\u00ed es esto&#8230;<\/span><\/span><\/p>\n","protected":false},"excerpt":{"rendered":"<p>Naldy Rodr\u00edguez Transparencia 3.0 \u00a0En M\u00e9xico y en Veracruz falta mucho por hacer para garantizar el acceso a la justica en condiciones de igualdad, en ocasiones son las propias autoridades investigadoras y las encargadas de impartir justicia las que violan el principio de \u201cigualdad\u201d establecido en el art\u00edculo 4to de la Constituci\u00f3n y dejan de [&hellip;]<\/p>\n","protected":false},"author":2,"featured_media":0,"comment_status":"open","ping_status":"open","sticky":false,"template":"","format":"standard","meta":{"_jetpack_newsletter_access":"","_jetpack_dont_email_post_to_subs":false,"_jetpack_newsletter_tier_id":0,"_jetpack_memberships_contains_paywalled_content":false,"_jetpack_memberships_contains_paid_content":false,"footnotes":""},"categories":[1],"tags":[4430,5555,11371,7393,195],"class_list":["post-48170","post","type-post","status-publish","format-standard","hentry","category-sin-categoria","tag-derechos-humanos","tag-fiscalia","tag-gilberto-aguirre","tag-jorge-wickler-ortiz","tag-veracruz"],"jetpack_featured_media_url":"","jetpack_sharing_enabled":true,"jetpack_shortlink":"https:\/\/wp.me\/p4Qcd3-cwW","_links":{"self":[{"href":"https:\/\/lospoliticosveracruz.com.mx\/index.php?rest_route=\/wp\/v2\/posts\/48170","targetHints":{"allow":["GET"]}}],"collection":[{"href":"https:\/\/lospoliticosveracruz.com.mx\/index.php?rest_route=\/wp\/v2\/posts"}],"about":[{"href":"https:\/\/lospoliticosveracruz.com.mx\/index.php?rest_route=\/wp\/v2\/types\/post"}],"author":[{"embeddable":true,"href":"https:\/\/lospoliticosveracruz.com.mx\/index.php?rest_route=\/wp\/v2\/users\/2"}],"replies":[{"embeddable":true,"href":"https:\/\/lospoliticosveracruz.com.mx\/index.php?rest_route=%2Fwp%2Fv2%2Fcomments&post=48170"}],"version-history":[{"count":1,"href":"https:\/\/lospoliticosveracruz.com.mx\/index.php?rest_route=\/wp\/v2\/posts\/48170\/revisions"}],"predecessor-version":[{"id":48171,"href":"https:\/\/lospoliticosveracruz.com.mx\/index.php?rest_route=\/wp\/v2\/posts\/48170\/revisions\/48171"}],"wp:attachment":[{"href":"https:\/\/lospoliticosveracruz.com.mx\/index.php?rest_route=%2Fwp%2Fv2%2Fmedia&parent=48170"}],"wp:term":[{"taxonomy":"category","embeddable":true,"href":"https:\/\/lospoliticosveracruz.com.mx\/index.php?rest_route=%2Fwp%2Fv2%2Fcategories&post=48170"},{"taxonomy":"post_tag","embeddable":true,"href":"https:\/\/lospoliticosveracruz.com.mx\/index.php?rest_route=%2Fwp%2Fv2%2Ftags&post=48170"}],"curies":[{"name":"wp","href":"https:\/\/api.w.org\/{rel}","templated":true}]}}