{"id":48379,"date":"2019-06-05T14:56:05","date_gmt":"2019-06-05T19:56:05","guid":{"rendered":"http:\/\/www.lospoliticosveracruz.com.mx\/?p=48379"},"modified":"2019-06-05T14:56:05","modified_gmt":"2019-06-05T19:56:05","slug":"inclusion-sin-partidos-montserrat","status":"publish","type":"post","link":"https:\/\/lospoliticosveracruz.com.mx\/?p=48379","title":{"rendered":"Inclusi\u00f3n, sin partidos: Montserrat"},"content":{"rendered":"<p><a href=\"http:\/\/www.lospoliticosveracruz.com.mx\/wp-content\/uploads\/2019\/06\/Montse.jpg\"><img loading=\"lazy\" decoding=\"async\" class=\"aligncenter size-full wp-image-48382\" src=\"http:\/\/www.lospoliticosveracruz.com.mx\/wp-content\/uploads\/2019\/06\/Montse.jpg\" alt=\"Montse\" width=\"600\" height=\"400\" srcset=\"https:\/\/lospoliticosveracruz.com.mx\/wp-content\/uploads\/2019\/06\/Montse.jpg 600w, https:\/\/lospoliticosveracruz.com.mx\/wp-content\/uploads\/2019\/06\/Montse-300x200.jpg 300w, https:\/\/lospoliticosveracruz.com.mx\/wp-content\/uploads\/2019\/06\/Montse-360x240.jpg 360w\" sizes=\"auto, (max-width: 600px) 100vw, 600px\" \/><\/a><\/p>\n<p>La diputada Montserrat Ortega Ruiz asisti\u00f3 a la inauguraci\u00f3n de las mesas de trabajo para la integraci\u00f3n de las personas con discapacidad, organizadas por la Comisi\u00f3n de Derechos Humanos y Atenci\u00f3n a Grupos Vulnerables, de la que es vocal.<\/p>\n<p>Las mesas fueron realizadas en la explanada del Congreso del Estado con la participaci\u00f3n de asociaciones civiles, representantes del Poder Ejecutivo, y personas con discapacidad motriz, auditiva, visual, entre otras.<\/p>\n<p>La legisladora hizo un llamado a la coordinaci\u00f3n entre todos los niveles de gobierno y sin diferencias pol\u00edticas, para trabajar en propuestas que permitan mejorar la efectividad de la Ley para la Integraci\u00f3n de Personas con Discapacidad.<\/p>\n<p>Dijo que alcanzar la inclusi\u00f3n de personas con discapacidad y eliminar todo tipo de discriminaci\u00f3n, es un trabajo que corresponde a todos y que debe realizarse con la mayor responsabilidad y respeto.<\/p>\n<p>En ese sentido, recalc\u00f3 la importancia de trabajar desde el Congreso local para mejorar las condiciones de las personas con discapacidad, de ah\u00ed que el pasado 22 de enero present\u00f3 una iniciativa para crear la Comisi\u00f3n Permanente de Atenci\u00f3n a Personas con Discapacidad, misma que por falta de voluntad pol\u00edtica, no ha sido dictaminada.<\/p>\n<p>Montse Ortega reiter\u00f3 su compromiso de continuar apoyando todas las iniciativas encaminadas a perfeccionar el marco jur\u00eddico veracruzano en materia de inclusi\u00f3n y respeto irrestricto a los derechos humanos.<\/p>\n<p><a href=\"http:\/\/www.lospoliticosveracruz.com.mx\/wp-content\/uploads\/2019\/06\/Monse2.jpg\"><img loading=\"lazy\" decoding=\"async\" class=\"aligncenter size-full wp-image-48381\" src=\"http:\/\/www.lospoliticosveracruz.com.mx\/wp-content\/uploads\/2019\/06\/Monse2.jpg\" alt=\"Monse2\" width=\"600\" height=\"400\" srcset=\"https:\/\/lospoliticosveracruz.com.mx\/wp-content\/uploads\/2019\/06\/Monse2.jpg 600w, https:\/\/lospoliticosveracruz.com.mx\/wp-content\/uploads\/2019\/06\/Monse2-300x200.jpg 300w, https:\/\/lospoliticosveracruz.com.mx\/wp-content\/uploads\/2019\/06\/Monse2-360x240.jpg 360w\" sizes=\"auto, (max-width: 600px) 100vw, 600px\" \/><\/a><\/p>\n","protected":false},"excerpt":{"rendered":"<p>La diputada Montserrat Ortega Ruiz asisti\u00f3 a la inauguraci\u00f3n de las mesas de trabajo para la integraci\u00f3n de las personas con discapacidad, organizadas por la Comisi\u00f3n de Derechos Humanos y Atenci\u00f3n a Grupos Vulnerables, de la que es vocal. Las mesas fueron realizadas en la explanada del Congreso del Estado con la participaci\u00f3n de asociaciones [&hellip;]<\/p>\n","protected":false},"author":2,"featured_media":48380,"comment_status":"open","ping_status":"open","sticky":false,"template":"","format":"standard","meta":{"_jetpack_newsletter_access":"","_jetpack_dont_email_post_to_subs":false,"_jetpack_newsletter_tier_id":0,"_jetpack_memberships_contains_paywalled_content":false,"_jetpack_memberships_contains_paid_content":false,"footnotes":""},"categories":[73],"tags":[13815,10402,8299],"class_list":["post-48379","post","type-post","status-publish","format-standard","has-post-thumbnail","hentry","category-de-boleto","tag-grupos-vulnerables","tag-montserrat-ortega-ruiz","tag-personas-con-discapacidad"],"jetpack_featured_media_url":"https:\/\/lospoliticosveracruz.com.mx\/wp-content\/uploads\/2019\/06\/Monse-A.jpg","jetpack_sharing_enabled":true,"jetpack_shortlink":"https:\/\/wp.me\/p4Qcd3-cAj","_links":{"self":[{"href":"https:\/\/lospoliticosveracruz.com.mx\/index.php?rest_route=\/wp\/v2\/posts\/48379","targetHints":{"allow":["GET"]}}],"collection":[{"href":"https:\/\/lospoliticosveracruz.com.mx\/index.php?rest_route=\/wp\/v2\/posts"}],"about":[{"href":"https:\/\/lospoliticosveracruz.com.mx\/index.php?rest_route=\/wp\/v2\/types\/post"}],"author":[{"embeddable":true,"href":"https:\/\/lospoliticosveracruz.com.mx\/index.php?rest_route=\/wp\/v2\/users\/2"}],"replies":[{"embeddable":true,"href":"https:\/\/lospoliticosveracruz.com.mx\/index.php?rest_route=%2Fwp%2Fv2%2Fcomments&post=48379"}],"version-history":[{"count":1,"href":"https:\/\/lospoliticosveracruz.com.mx\/index.php?rest_route=\/wp\/v2\/posts\/48379\/revisions"}],"predecessor-version":[{"id":48383,"href":"https:\/\/lospoliticosveracruz.com.mx\/index.php?rest_route=\/wp\/v2\/posts\/48379\/revisions\/48383"}],"wp:featuredmedia":[{"embeddable":true,"href":"https:\/\/lospoliticosveracruz.com.mx\/index.php?rest_route=\/wp\/v2\/media\/48380"}],"wp:attachment":[{"href":"https:\/\/lospoliticosveracruz.com.mx\/index.php?rest_route=%2Fwp%2Fv2%2Fmedia&parent=48379"}],"wp:term":[{"taxonomy":"category","embeddable":true,"href":"https:\/\/lospoliticosveracruz.com.mx\/index.php?rest_route=%2Fwp%2Fv2%2Fcategories&post=48379"},{"taxonomy":"post_tag","embeddable":true,"href":"https:\/\/lospoliticosveracruz.com.mx\/index.php?rest_route=%2Fwp%2Fv2%2Ftags&post=48379"}],"curies":[{"name":"wp","href":"https:\/\/api.w.org\/{rel}","templated":true}]}}