{"id":48390,"date":"2019-06-05T22:55:53","date_gmt":"2019-06-06T03:55:53","guid":{"rendered":"http:\/\/www.lospoliticosveracruz.com.mx\/?p=48390"},"modified":"2019-06-05T20:20:14","modified_gmt":"2019-06-06T01:20:14","slug":"portilla-en-campana","status":"publish","type":"post","link":"https:\/\/lospoliticosveracruz.com.mx\/?p=48390","title":{"rendered":"Portilla en campa\u00f1a"},"content":{"rendered":"<p><strong>Brenda Caballero<\/strong><\/p>\n<p><em>N\u00fameros Rojos<\/em><\/p>\n<p>&nbsp;<\/p>\n<p>&nbsp;<\/p>\n<p>\u00a1Y ya anda en campa\u00f1a!&#8230; \u00bfQue no hay elecciones ahorita, sino hasta 2021? \u00a1Es verdad! Los puestos de elecci\u00f3n popular son hasta ese a\u00f1o, pero en Veracruz, el de Auditor General del \u00d3rgano de Fiscalizaci\u00f3n Superior (Orfis) ya est\u00e1 en juego y don Lorenzo lo sabe. As\u00ed lo demuestran las m\u00faltiples denuncias interpuestas por el a\u00fan titular del Orfis Portilla V\u00e1squez, quien ya se anda promoviendo, pues quiere reelegirse. \u00bfOtra vez? As\u00ed como ley\u00f3 usted, \u00a1otra vez quiere volver a ser titular del Orfis! \u00a1Definitivamente debe ser un buen hueso para volverlo a buscar!<\/p>\n<p>&nbsp;<\/p>\n<p>Sin lugar a dudas, si fuera un puesto de elecci\u00f3n popular, al ver a Don Lorenzo, de inmediato el pueblo dir\u00eda \u201c\u00a1Ya chole! \u00a1Ya que le toque a otro! \u00a1El que sigue! \u00a1Quiere seguir mamando!\u201d<\/p>\n<p>&nbsp;<\/p>\n<p>Sin embargo, no es as\u00ed, es un puesto administrativo que no decide el pueblo, sino los diputados, por lo que debe cabildear con ellos.<\/p>\n<p>&nbsp;<\/p>\n<p>Continuar con el poder \u201cde auditar\u201d es la raz\u00f3n por la que contador anda denunciando a todos, pues esa \u201cestrategia de campa\u00f1a\u201d le sirvi\u00f3 para convencer a Miguel \u00c1ngel Yunes Linares que deber\u00eda de seguir al frente del Orfis.<\/p>\n<p>&nbsp;<\/p>\n<p>\u00bfRecuerda las denuncias que Don Lorenzo hizo contra Javier Duarte? Pues tambi\u00e9n estaba en campa\u00f1a. Ahora quiere convencer al gobernador Cuitl\u00e1huac Garc\u00eda Jim\u00e9nez que es el \u201chombre id\u00f3neo\u201d para auditar al Gobierno y a sus \u00f3rganos.<\/p>\n<p>&nbsp;<\/p>\n<p>\u00bfPero de verdad es el hombre id\u00f3neo una persona que ha auditado a cuatro gobernadores? \u00bfQu\u00e9 credibilidad puede tener? Al menos si hacemos un balance de su congruencia al frente del Orfis, el se\u00f1or solamente ha denunciado cuando le ha convenido a sus propios intereses.<\/p>\n<p>&nbsp;<\/p>\n<p>Ya lo dijo el diputado Juan Javier G\u00f3mez Cazar\u00edn, presidente de la Junta de Coordinaci\u00f3n Pol\u00edtica del Congreso del Estado: \u201cno es correcta una posible reelecci\u00f3n de Lorenzo Antonio Portilla V\u00e1squez como auditor general del Orfis, no es saludable\u201d.<\/p>\n<p>&nbsp;<\/p>\n<p>Y mire que G\u00f3mez Cazar\u00edn fue administrador en el \u00e1rea privada antes de ser diputado, y si lo dice, por algo ha de ser.<\/p>\n<p>&nbsp;<\/p>\n<p>\u00a1Y claro que no es saludable! No es saludable para la 4T mantener\u00a0 a un titular que Javier Duarte de Ochoa puso y que Ricardo Garc\u00eda Guzm\u00e1n impuso y que adem\u00e1s ha sido omiso en su deber y que hasta cualquier ciudadano con base en nuestra Constituci\u00f3n Federal y Estatal podr\u00eda demandarlo por incumplimiento de su deber.<\/p>\n<p>&nbsp;<\/p>\n<p>Varios nombres ya suenan para la sucesi\u00f3n y bien valdr\u00eda la pena voltear a ver a una mujer como Mercedes Dom\u00ednguez Santoyo, actual directora General de Fiscalizaci\u00f3n Interna de la Contralor\u00eda General del Estado; a Cecilia Coronel Brizio, primera candidata a Contralora y Tesorera del Ayuntamiento de Xalapa que dej\u00f3 n\u00fameros negros en las arcas con Ricardo Ahued. Hombres tambi\u00e9n tenemos que vale la pena considerar, como Ren\u00e9 Mariani Ochoa, finalista en la convocatoria de la Auditor\u00eda Superior de la Federaci\u00f3n; Aureliano Hern\u00e1ndez Palacios Cardel, actual director General de Auditor\u00eda a los Recursos Federales Transferidos \u201cD\u201d de la ASF, o alguna otra alternativa propuesta por el Colegio de Contadores P\u00fablicos, a quien siempre hacen a un lado, o de la Barra de Abogados. Incluso nos dicen que como propuesta del Colegio de Economistas ya tienen a su gallo en Ra\u00fal Morales Flandes quien seguramente levantar\u00e1 la mano al igual que Iv\u00e1n L\u00f3pez Fern\u00e1ndez que ir\u00eda por la revancha contra Portilla.<\/p>\n<p>&nbsp;<\/p>\n<p>A esta lista, sin duda se sumar\u00e1n m\u00e1s hombres y mujeres capaces de relevar a Don Lorenzo, quien por salud y \u00e9tica profesional ya ni deber\u00eda concursar.<\/p>\n<p>&nbsp;<\/p>\n<p>Recordemos el dicho de nuestros abuelos: \u201cQui\u00e9n traiciona una vez, traiciona siempre\u201d o aqu\u00e9l que dice \u201cPerro que come gallina, aunque le quemes el hocico\u201d. As\u00ed es que antes de palomear su reelecci\u00f3n piense que en 5 a\u00f1os le puede hacer lo mismo al gobernador Cuitl\u00e1huac Garc\u00eda Jim\u00e9nez.<\/p>\n<p>&nbsp;<\/p>\n<p>&nbsp;<\/p>\n<p>@NumerosRojos_BC<\/p>\n<p>&nbsp;<\/p>\n<p>caballero_brenda@hotmail.com<\/p>\n<p>&nbsp;<\/p>\n","protected":false},"excerpt":{"rendered":"<p>Brenda Caballero N\u00fameros Rojos &nbsp; &nbsp; \u00a1Y ya anda en campa\u00f1a!&#8230; \u00bfQue no hay elecciones ahorita, sino hasta 2021? \u00a1Es verdad! Los puestos de elecci\u00f3n popular son hasta ese a\u00f1o, pero en Veracruz, el de Auditor General del \u00d3rgano de Fiscalizaci\u00f3n Superior (Orfis) ya est\u00e1 en juego y don Lorenzo lo sabe. As\u00ed lo demuestran [&hellip;]<\/p>\n","protected":false},"author":2,"featured_media":48391,"comment_status":"open","ping_status":"open","sticky":false,"template":"","format":"standard","meta":{"_jetpack_newsletter_access":"","_jetpack_dont_email_post_to_subs":false,"_jetpack_newsletter_tier_id":0,"_jetpack_memberships_contains_paywalled_content":false,"_jetpack_memberships_contains_paid_content":false,"footnotes":""},"categories":[70],"tags":[],"class_list":["post-48390","post","type-post","status-publish","format-standard","has-post-thumbnail","hentry","category-de-opinion"],"jetpack_featured_media_url":"https:\/\/lospoliticosveracruz.com.mx\/wp-content\/uploads\/2019\/06\/thumbnail_Orfis-MAYL.jpg","jetpack_sharing_enabled":true,"jetpack_shortlink":"https:\/\/wp.me\/p4Qcd3-cAu","_links":{"self":[{"href":"https:\/\/lospoliticosveracruz.com.mx\/index.php?rest_route=\/wp\/v2\/posts\/48390","targetHints":{"allow":["GET"]}}],"collection":[{"href":"https:\/\/lospoliticosveracruz.com.mx\/index.php?rest_route=\/wp\/v2\/posts"}],"about":[{"href":"https:\/\/lospoliticosveracruz.com.mx\/index.php?rest_route=\/wp\/v2\/types\/post"}],"author":[{"embeddable":true,"href":"https:\/\/lospoliticosveracruz.com.mx\/index.php?rest_route=\/wp\/v2\/users\/2"}],"replies":[{"embeddable":true,"href":"https:\/\/lospoliticosveracruz.com.mx\/index.php?rest_route=%2Fwp%2Fv2%2Fcomments&post=48390"}],"version-history":[{"count":2,"href":"https:\/\/lospoliticosveracruz.com.mx\/index.php?rest_route=\/wp\/v2\/posts\/48390\/revisions"}],"predecessor-version":[{"id":48393,"href":"https:\/\/lospoliticosveracruz.com.mx\/index.php?rest_route=\/wp\/v2\/posts\/48390\/revisions\/48393"}],"wp:featuredmedia":[{"embeddable":true,"href":"https:\/\/lospoliticosveracruz.com.mx\/index.php?rest_route=\/wp\/v2\/media\/48391"}],"wp:attachment":[{"href":"https:\/\/lospoliticosveracruz.com.mx\/index.php?rest_route=%2Fwp%2Fv2%2Fmedia&parent=48390"}],"wp:term":[{"taxonomy":"category","embeddable":true,"href":"https:\/\/lospoliticosveracruz.com.mx\/index.php?rest_route=%2Fwp%2Fv2%2Fcategories&post=48390"},{"taxonomy":"post_tag","embeddable":true,"href":"https:\/\/lospoliticosveracruz.com.mx\/index.php?rest_route=%2Fwp%2Fv2%2Ftags&post=48390"}],"curies":[{"name":"wp","href":"https:\/\/api.w.org\/{rel}","templated":true}]}}