{"id":48396,"date":"2019-06-06T21:41:19","date_gmt":"2019-06-07T02:41:19","guid":{"rendered":"http:\/\/www.lospoliticosveracruz.com.mx\/?p=48396"},"modified":"2019-06-06T21:41:46","modified_gmt":"2019-06-07T02:41:46","slug":"un-taquero-menos","status":"publish","type":"post","link":"https:\/\/lospoliticosveracruz.com.mx\/?p=48396","title":{"rendered":"\u00a1Un \u00abtaquero\u00bb menos!"},"content":{"rendered":"<p>La Fiscal\u00eda General del Estado (FGE), mediante un operativo implementado por agentes de la Polic\u00eda Ministerial en la zona centro de Cosamaloapan, ejecut\u00f3 una orden de aprehensi\u00f3n en contra del presunto responsable del secuestro y privaci\u00f3n de la vida de un comerciante, ocurrido en el<span class=\"text_exposed_show\"> a\u00f1o 2012.<\/span><\/p>\n<div class=\"text_exposed_show\">\n<p>Como resultado de un trabajo de inteligencia, fue detenido Pedro Rom\u00e1n \u201cN\u201d, alias \u201cLa Cotorra\u201d y\/o \u201cEl Ciruelo\u201d, presunto integrante del grupo delictivo de Los Zetas y de la banda denominada \u201cLos Taqueros\u201d, quien presuntamente particip\u00f3 en el secuestro cometido en agravio de una v\u00edctima identificada como H.C.J., quien contaba con la edad de 43 a\u00f1os.<\/p>\n<p>Al detenido se le finca responsabilidad penal en la comisi\u00f3n de los hechos ocurridos en el mes de noviembre de 2012, cuando la v\u00edctima fue privada de su libertad en el municipio de Carlos A. Carrillo; posteriormente, fue solicitado dinero en efectivo a su c\u00f3nyuge a cambio de su libertad.<\/p>\n<p>Aun cuando fue entregado dinero en efectivo al secuestrador, la v\u00edctima no fue liberada y su cuerpo sin vida fue localizado en la localidad El Lim\u00f3n, ubicado en el municipio de Tlacotalpan, en el mes de enero de 2015.<\/p>\n<p>Como resultado de la investigaci\u00f3n, la Fiscal\u00eda Regional de la zona centro-Cosamaloapan se alleg\u00f3 de los elementos de prueba suficientes para solicitar una orden de aprehensi\u00f3n en contra de quien fue identificado como el presunto autor del secuestro agravado, quien posteriormente fue detenido.<\/p>\n<p>Al vencimiento del t\u00e9rmino constitucional, el Juez dict\u00f3 un auto de formal prisi\u00f3n en contra de Pedro \u201cN\u201d, quien fue internado en el reclusorio regional.<\/p>\n<\/div>\n","protected":false},"excerpt":{"rendered":"<p>La Fiscal\u00eda General del Estado (FGE), mediante un operativo implementado por agentes de la Polic\u00eda Ministerial en la zona centro de Cosamaloapan, ejecut\u00f3 una orden de aprehensi\u00f3n en contra del presunto responsable del secuestro y privaci\u00f3n de la vida de un comerciante, ocurrido en el a\u00f1o 2012. Como resultado de un trabajo de inteligencia, fue [&hellip;]<\/p>\n","protected":false},"author":2,"featured_media":48397,"comment_status":"open","ping_status":"open","sticky":false,"template":"","format":"standard","meta":{"_jetpack_newsletter_access":"","_jetpack_dont_email_post_to_subs":false,"_jetpack_newsletter_tier_id":0,"_jetpack_memberships_contains_paywalled_content":false,"_jetpack_memberships_contains_paid_content":false,"footnotes":""},"categories":[73],"tags":[3658,3659,14725,4116,14724,11279,14726,14723],"class_list":["post-48396","post","type-post","status-publish","format-standard","has-post-thumbnail","hentry","category-de-boleto","tag-carlos-a-carrillo","tag-cosamaloapan","tag-el-ciruelo","tag-fiscalia-general-del-estado","tag-la-cotorra","tag-los-taqueros","tag-los-zetas","tag-pedro-roman"],"jetpack_featured_media_url":"https:\/\/lospoliticosveracruz.com.mx\/wp-content\/uploads\/2019\/06\/Taquero.jpeg","jetpack_sharing_enabled":true,"jetpack_shortlink":"https:\/\/wp.me\/p4Qcd3-cAA","_links":{"self":[{"href":"https:\/\/lospoliticosveracruz.com.mx\/index.php?rest_route=\/wp\/v2\/posts\/48396","targetHints":{"allow":["GET"]}}],"collection":[{"href":"https:\/\/lospoliticosveracruz.com.mx\/index.php?rest_route=\/wp\/v2\/posts"}],"about":[{"href":"https:\/\/lospoliticosveracruz.com.mx\/index.php?rest_route=\/wp\/v2\/types\/post"}],"author":[{"embeddable":true,"href":"https:\/\/lospoliticosveracruz.com.mx\/index.php?rest_route=\/wp\/v2\/users\/2"}],"replies":[{"embeddable":true,"href":"https:\/\/lospoliticosveracruz.com.mx\/index.php?rest_route=%2Fwp%2Fv2%2Fcomments&post=48396"}],"version-history":[{"count":2,"href":"https:\/\/lospoliticosveracruz.com.mx\/index.php?rest_route=\/wp\/v2\/posts\/48396\/revisions"}],"predecessor-version":[{"id":48399,"href":"https:\/\/lospoliticosveracruz.com.mx\/index.php?rest_route=\/wp\/v2\/posts\/48396\/revisions\/48399"}],"wp:featuredmedia":[{"embeddable":true,"href":"https:\/\/lospoliticosveracruz.com.mx\/index.php?rest_route=\/wp\/v2\/media\/48397"}],"wp:attachment":[{"href":"https:\/\/lospoliticosveracruz.com.mx\/index.php?rest_route=%2Fwp%2Fv2%2Fmedia&parent=48396"}],"wp:term":[{"taxonomy":"category","embeddable":true,"href":"https:\/\/lospoliticosveracruz.com.mx\/index.php?rest_route=%2Fwp%2Fv2%2Fcategories&post=48396"},{"taxonomy":"post_tag","embeddable":true,"href":"https:\/\/lospoliticosveracruz.com.mx\/index.php?rest_route=%2Fwp%2Fv2%2Ftags&post=48396"}],"curies":[{"name":"wp","href":"https:\/\/api.w.org\/{rel}","templated":true}]}}