{"id":48507,"date":"2019-06-13T22:58:38","date_gmt":"2019-06-14T03:58:38","guid":{"rendered":"http:\/\/www.lospoliticosveracruz.com.mx\/?p=48507"},"modified":"2019-06-14T00:43:07","modified_gmt":"2019-06-14T05:43:07","slug":"devolver-lo-verde-al-campo-veracruzano","status":"publish","type":"post","link":"https:\/\/lospoliticosveracruz.com.mx\/?p=48507","title":{"rendered":"Devolver lo verde al campo veracruzano"},"content":{"rendered":"<p><strong>Salvador Mu\u00f1oz<\/strong><\/p>\n<p><em>Los Pol\u00edticos<\/em><\/p>\n<p><span style=\"font-weight: 400;\">Contrastes. Estoy seguro que el Congreso del Estado de Veracruz cuenta con una de las \u00e1reas verdes m\u00e1s bellas que pueda haber en los edificios p\u00fablicos\u2026 casi enfrente, la Plaza Cristal cuenta con una gran losa de concreto manchada por all\u00ed con unos cuantos \u00e1rboles.<\/span><\/p>\n<p><span style=\"font-weight: 400;\">No recuerdo en qu\u00e9 Legislatura, pero alguna vez se tuvo la intenci\u00f3n de que en las \u00e1reas verdes del Congreso se hiciera una cancha de futbol\u2026 afortunadamente fue desechada esa idea que escapa a mi memoria si fue de alg\u00fan diputado o de alg\u00fan administrativo. En la plaza citada, alguien tuvo la idea de ampliar el estacionamiento con un segundo piso \u00a1y le dieron en la madre a los pocos \u00e1rboles que hab\u00eda! Contrastes.<\/span><\/p>\n<p><span style=\"font-weight: 400;\">Pareciera que las planchas de concreto est\u00e1n acabando con nuestros verdes, pero realmente no son las \u00fanicas. Los productores agropecuarios tambi\u00e9n han puesto su granito de arena tumbando cantidad de \u00e1rboles, sea para cambiar el uso del suelo para siembra o para generar espacios a los hatos ganaderos\u2026 pagar el precio de ser una potencia agropecuaria, a Veracruz le est\u00e1 costando muy caro\u2026 por eso, la propuesta que hace el diputado Juan Carlos Molina Palacios ayer llama a la conciencia, tanto, que todas las bancadas del Congreso se sumaron a su iniciativa: que los productores agropecuarios tengan la obligatoriedad de destinar cuando menos el 10% de su tierra a labores de reforestaci\u00f3n.<\/span><\/p>\n<p><span style=\"font-weight: 400;\">\u00a1Ojo! Hay que tomar en cuenta que nuestra entidad ocupa el quinto lugar en deforestaci\u00f3n s\u00f3lo \u201csuperado\u201d por Chiapas, Puebla, Hidalgo y Michoac\u00e1n.<\/span><\/p>\n<p><span style=\"font-weight: 400;\">Nos queda claro que Veracruz es receptor natural de tormentas y huracanes, pero en las \u00faltimas dos d\u00e9cadas (corr\u00edjanme si me equivoco), los efectos meteorol\u00f3gicos han tenido repercusiones muy dr\u00e1sticas y hasta mortales, que han dado espacio a fen\u00f3menos pol\u00edtico-meteorol\u00f3gicos como \u201cel Hurac\u00e1n Fidel\u201d o \u201cel Hurac\u00e1n Javier\u201d&#8230;<\/span><\/p>\n<p><span style=\"font-weight: 400;\">Ahora, un frente fr\u00edo o un aguacero at\u00edpico, trastoca todo nuestro entorno\u2026 y a veces nuestro patrimonio, s\u00f3lo baste recordar las granizadas que da\u00f1aron varios carros hace algunos a\u00f1os en Xalapa; aunque siendo sinceros son las comunidades de monta\u00f1a y ribere\u00f1as las que ya no sienten lo duro sino lo tupido ante deslaves e inundaciones\u2026 las afectaciones al patrimonio de los veracruzanos por causas clim\u00e1ticas cuestan miles de millones de pesos, tanto si se remedia\u2026 o si no se remedia&#8230;<\/span><\/p>\n<p><span style=\"font-weight: 400;\">Por eso, la propuesta de Juan Carlos Molina, quien a su vez es productor agropecuario, no deja de ser ambiciosa porque muy independiente de ponerle el chip ecol\u00f3gico a un campesino o un ganadero, debe evitar que se piense que pierde el 10 por ciento de su \u00e1rea sembrando \u00e1rboles y entender que puede ganar m\u00e1s evitando inundaciones o periodos largos de sequ\u00eda\u2026<\/span><\/p>\n<p><span style=\"font-weight: 400;\">Ojal\u00e1 ese mismo sentido con que piensa Juan Carlos Molina, un d\u00eda se lleve no s\u00f3lo a Plaza Cristal, sino a muchas otras \u00e1reas comerciales que de un d\u00eda para otro, consideraron que era mejor generar espacios para m\u00e1s carros a costa de quitar \u00e1rboles\u2026 y all\u00ed, ninguna autoridad ambiental o de desarrollo urbano ha hecho nada contra esos enormes bloques de concreto que tambi\u00e9n en nada ayudan a confrontar el cambio clim\u00e1tico\u2026<\/span><\/p>\n<p><span style=\"font-weight: 400;\">Al final, por algo se empieza\u2026 ya est\u00e1 en el Congreso la propuesta, ya est\u00e1 el apoyo de todas las bancadas a esta propuesta\u2026 falta que se apruebe y se vea la determinaci\u00f3n de las autoridades correspondientes, como es Sedarpa y Sedema, para, como dice Juan Carlos Molina Palacios, devolverle el Verde al campo veracruzano.<\/span><\/p>\n<p>&nbsp;<\/p>\n<p><span style=\"font-weight: 400;\">smcainito@gmail.com<\/span><\/p>\n<p>&nbsp;<\/p>\n","protected":false},"excerpt":{"rendered":"<p>Salvador Mu\u00f1oz Los Pol\u00edticos Contrastes. Estoy seguro que el Congreso del Estado de Veracruz cuenta con una de las \u00e1reas verdes m\u00e1s bellas que pueda haber en los edificios p\u00fablicos\u2026 casi enfrente, la Plaza Cristal cuenta con una gran losa de concreto manchada por all\u00ed con unos cuantos \u00e1rboles. No recuerdo en qu\u00e9 Legislatura, pero [&hellip;]<\/p>\n","protected":false},"author":2,"featured_media":48509,"comment_status":"open","ping_status":"open","sticky":false,"template":"","format":"standard","meta":{"_jetpack_newsletter_access":"","_jetpack_dont_email_post_to_subs":false,"_jetpack_newsletter_tier_id":0,"_jetpack_memberships_contains_paywalled_content":false,"_jetpack_memberships_contains_paid_content":false,"footnotes":""},"categories":[70],"tags":[544,3156,3256,1286,3132,14778,195],"class_list":["post-48507","post","type-post","status-publish","format-standard","has-post-thumbnail","hentry","category-de-opinion","tag-chiapas","tag-hidalgo","tag-juan-carlos-molina-palacios","tag-michoacan","tag-puebla","tag-reforestacion","tag-veracruz"],"jetpack_featured_media_url":"https:\/\/lospoliticosveracruz.com.mx\/wp-content\/uploads\/2019\/06\/Molina.jpeg","jetpack_sharing_enabled":true,"jetpack_shortlink":"https:\/\/wp.me\/p4Qcd3-cCn","_links":{"self":[{"href":"https:\/\/lospoliticosveracruz.com.mx\/index.php?rest_route=\/wp\/v2\/posts\/48507","targetHints":{"allow":["GET"]}}],"collection":[{"href":"https:\/\/lospoliticosveracruz.com.mx\/index.php?rest_route=\/wp\/v2\/posts"}],"about":[{"href":"https:\/\/lospoliticosveracruz.com.mx\/index.php?rest_route=\/wp\/v2\/types\/post"}],"author":[{"embeddable":true,"href":"https:\/\/lospoliticosveracruz.com.mx\/index.php?rest_route=\/wp\/v2\/users\/2"}],"replies":[{"embeddable":true,"href":"https:\/\/lospoliticosveracruz.com.mx\/index.php?rest_route=%2Fwp%2Fv2%2Fcomments&post=48507"}],"version-history":[{"count":1,"href":"https:\/\/lospoliticosveracruz.com.mx\/index.php?rest_route=\/wp\/v2\/posts\/48507\/revisions"}],"predecessor-version":[{"id":48508,"href":"https:\/\/lospoliticosveracruz.com.mx\/index.php?rest_route=\/wp\/v2\/posts\/48507\/revisions\/48508"}],"wp:featuredmedia":[{"embeddable":true,"href":"https:\/\/lospoliticosveracruz.com.mx\/index.php?rest_route=\/wp\/v2\/media\/48509"}],"wp:attachment":[{"href":"https:\/\/lospoliticosveracruz.com.mx\/index.php?rest_route=%2Fwp%2Fv2%2Fmedia&parent=48507"}],"wp:term":[{"taxonomy":"category","embeddable":true,"href":"https:\/\/lospoliticosveracruz.com.mx\/index.php?rest_route=%2Fwp%2Fv2%2Fcategories&post=48507"},{"taxonomy":"post_tag","embeddable":true,"href":"https:\/\/lospoliticosveracruz.com.mx\/index.php?rest_route=%2Fwp%2Fv2%2Ftags&post=48507"}],"curies":[{"name":"wp","href":"https:\/\/api.w.org\/{rel}","templated":true}]}}