{"id":48573,"date":"2019-06-21T09:22:18","date_gmt":"2019-06-21T14:22:18","guid":{"rendered":"http:\/\/www.lospoliticosveracruz.com.mx\/?p=48573"},"modified":"2019-06-21T09:22:18","modified_gmt":"2019-06-21T14:22:18","slug":"semestre-perdido","status":"publish","type":"post","link":"https:\/\/lospoliticosveracruz.com.mx\/?p=48573","title":{"rendered":"Semestre perdido"},"content":{"rendered":"<p><strong>Felipe de Jes\u00fas Fern\u00e1ndez Basilio<\/strong><\/p>\n<p><em>Desde a Janela<\/em><\/p>\n<p>Llevamos seis meses de una administraci\u00f3n encabezada por un presidente que lleg\u00f3 al cargo con una mayor\u00eda electoral muy amplia y que por lo mismo gener\u00f3 muchas expectativas de cambios y mejoras tanto en el gobierno como para el pa\u00eds en general.<\/p>\n<p>Sin embargo, las cosas no han salido como una buena parte de esa mayor\u00eda pens\u00f3 que iban suceder ya que es innegable que ha habido cambios en la conducci\u00f3n del pa\u00eds, pero lo cierto es que \u00e9stos por desgracia han sido para mal.<\/p>\n<p>Y es que la seguridad se ha deteriorado y tambi\u00e9n se han recortado presupuestos en casi todas las ramas que el gobierno debe de atender, tal y como los son los hospitales, las escuelas, las v\u00edas de comunicaci\u00f3n, los est\u00edmulos a cient\u00edficos, deportistas, artistas y dem\u00e1s ramas que son indispensables para un sano desarrollo en un pa\u00eds.<\/p>\n<p>As\u00ed mismo la soberan\u00eda nacional recibi\u00f3 uno de los golpes m\u00e1s fuertes de la historia, al ser el gobierno mexicano arrinconado y sobajado por el presidente de los Estados Unidos, a quien la exembajadora Roberta S. Jacobson denomin\u00f3 como un \u201cmat\u00f3n\u201d y tambi\u00e9n advirti\u00f3 que el gobierno mexicano debe darse cuenta que no debe de actuar de la manera en que lo hizo.<\/p>\n<p>Ahora las \u00faltimas perlas de esta administraci\u00f3n son la recesi\u00f3n econ\u00f3mica que est\u00e1 a las puertas y la fuerte ca\u00edda en el empleo que seg\u00fan las cifras emitidas por el propio IMSS se registr\u00f3 en mayo y eso sin contar las del ISSSTE que es en donde estaban asegurados casi todos los empleados del gobierno federal que han sido despedidos.<\/p>\n<p>Se habla de recesi\u00f3n econ\u00f3mica, ya que los desempe\u00f1os de la econom\u00eda de cada pa\u00eds se miden por trimestres y si en dos trimestres consecutivos las cifras son a la baja, se declara que ese pa\u00eds se encuentra en recesi\u00f3n econ\u00f3mica y este es el caso de M\u00e9xico, ya que en el primer trimestre del a\u00f1o se registr\u00f3 una ca\u00edda en la econom\u00eda nacional y seg\u00fan los analistas econ\u00f3micos es casi seguro que en el segundo trimestre del a\u00f1o las cifras sean similares, lo que dar\u00eda como resultado que la recesi\u00f3n sea oficial.<\/p>\n<p>Lo anterior est\u00e1 muy conectado con la fort\u00edsima ca\u00edda en el empleo que se ha producido en mayo, ya que seg\u00fan las cifras generadas por el Seguro Social \u00e9sta ha sido del 88.2 por ciento en relaci\u00f3n a los empleos creados en mayo de 2018, es decir los n\u00fameros que por naturaleza son fr\u00edos y por lo mismo sin filias o fobias pol\u00edticas dicen que la ca\u00edda en la creaci\u00f3n de empleos es inmensa.<\/p>\n<p>Cifras que provienen de una instituci\u00f3n p\u00fablica que por su naturaleza conoce de primera mano la situaci\u00f3n laboral del pa\u00eds, ya que todos los trabajadores formales por ley deben de ser inscritos en el Seguro Social, as\u00ed como los despedidos deben de causar baja en el mismo; lo anterior lo menciono, porque es costumbre de L\u00f3pez decir que tiene sus propias cifras salidas de qui\u00e9n sabe d\u00f3nde.<\/p>\n<p>Mas la depresi\u00f3n econ\u00f3mica queridos lectores no solo se mide con cifras, ya que la misma se siente en la vida cotidiana, ya que solo basta con ver como muchas personas han perdido su empleo, como los pagos para los trabajadores por cuenta propia los pagos han sido retrasados y como en general se siente un ambiente de depresi\u00f3n colectiva.<\/p>\n<p>Y todo esto se debe a la soberbia de L\u00f3pez quien amparado por la mayor\u00eda electoral con la que lleg\u00f3 al poder, se siente como un ni\u00f1o jugando a ser presidente y que un d\u00eda cancela un aeropuerto bien planeado para pretender construir otro aunque se le atraviese un cerro o que recorta personal y recursos aqu\u00ed, all\u00e1 y acull\u00e1 sin medir las consecuencias de sus acciones o tambi\u00e9n que un d\u00eda amanece con la ocurrencia de combatir el robo de combustibles cerrando los ductos y sustituy\u00e9ndolos por el acarreo de gasolina en pipas, dejando a la poblaci\u00f3n sin gasolina hasta por semanas.<\/p>\n<p>En fin, como podemos ver nos encontramos ante un semestre perdido por la p\u00e9sima conducci\u00f3n que ha tenido en estos seis meses el pa\u00eds, ya que la terquedad de L\u00f3pez y la nula capacidad de sus secretarios para asesorarlo antes de tomar una decisi\u00f3n o al menos de hacerle ver los riesgos que \u00e9sta conllevar\u00eda de llevarse a cabo, han puesto a M\u00e9xico en la situaci\u00f3n actual y la misma puede tornarse peor si no se recompone el rumbo.<\/p>\n<p>Advertencias hay muchas, capacidad de reconocer errores y cambiar las malas decisiones al parecer no hay y no las habr\u00e1 hasta que haya una sacudida tan fuerte o m\u00e1s que la que Trump le propin\u00f3 a L\u00f3pez hace unos d\u00edas.<\/p>\n<p><a href=\"mailto:felfebas@gmail.com\">felfebas@gmail.com<\/a><\/p>\n<p>Twitter: @FelipeFBasilio<\/p>\n<p>&nbsp;<\/p>\n<p>&nbsp;<\/p>\n","protected":false},"excerpt":{"rendered":"<p>Felipe de Jes\u00fas Fern\u00e1ndez Basilio Desde a Janela Llevamos seis meses de una administraci\u00f3n encabezada por un presidente que lleg\u00f3 al cargo con una mayor\u00eda electoral muy amplia y que por lo mismo gener\u00f3 muchas expectativas de cambios y mejoras tanto en el gobierno como para el pa\u00eds en general. Sin embargo, las cosas no [&hellip;]<\/p>\n","protected":false},"author":2,"featured_media":48574,"comment_status":"open","ping_status":"open","sticky":false,"template":"","format":"standard","meta":{"_jetpack_newsletter_access":"","_jetpack_dont_email_post_to_subs":false,"_jetpack_newsletter_tier_id":0,"_jetpack_memberships_contains_paywalled_content":false,"_jetpack_memberships_contains_paid_content":false,"footnotes":""},"categories":[70],"tags":[123,1208,895,8633],"class_list":["post-48573","post","type-post","status-publish","format-standard","has-post-thumbnail","hentry","category-de-opinion","tag-estados-unidos","tag-imss","tag-issste","tag-roberta-s-jacobson"],"jetpack_featured_media_url":"https:\/\/lospoliticosveracruz.com.mx\/wp-content\/uploads\/2019\/06\/AMLO-Cuic.jpg","jetpack_sharing_enabled":true,"jetpack_shortlink":"https:\/\/wp.me\/p4Qcd3-cDr","_links":{"self":[{"href":"https:\/\/lospoliticosveracruz.com.mx\/index.php?rest_route=\/wp\/v2\/posts\/48573","targetHints":{"allow":["GET"]}}],"collection":[{"href":"https:\/\/lospoliticosveracruz.com.mx\/index.php?rest_route=\/wp\/v2\/posts"}],"about":[{"href":"https:\/\/lospoliticosveracruz.com.mx\/index.php?rest_route=\/wp\/v2\/types\/post"}],"author":[{"embeddable":true,"href":"https:\/\/lospoliticosveracruz.com.mx\/index.php?rest_route=\/wp\/v2\/users\/2"}],"replies":[{"embeddable":true,"href":"https:\/\/lospoliticosveracruz.com.mx\/index.php?rest_route=%2Fwp%2Fv2%2Fcomments&post=48573"}],"version-history":[{"count":1,"href":"https:\/\/lospoliticosveracruz.com.mx\/index.php?rest_route=\/wp\/v2\/posts\/48573\/revisions"}],"predecessor-version":[{"id":48575,"href":"https:\/\/lospoliticosveracruz.com.mx\/index.php?rest_route=\/wp\/v2\/posts\/48573\/revisions\/48575"}],"wp:featuredmedia":[{"embeddable":true,"href":"https:\/\/lospoliticosveracruz.com.mx\/index.php?rest_route=\/wp\/v2\/media\/48574"}],"wp:attachment":[{"href":"https:\/\/lospoliticosveracruz.com.mx\/index.php?rest_route=%2Fwp%2Fv2%2Fmedia&parent=48573"}],"wp:term":[{"taxonomy":"category","embeddable":true,"href":"https:\/\/lospoliticosveracruz.com.mx\/index.php?rest_route=%2Fwp%2Fv2%2Fcategories&post=48573"},{"taxonomy":"post_tag","embeddable":true,"href":"https:\/\/lospoliticosveracruz.com.mx\/index.php?rest_route=%2Fwp%2Fv2%2Ftags&post=48573"}],"curies":[{"name":"wp","href":"https:\/\/api.w.org\/{rel}","templated":true}]}}